{"id":603980,"date":"2025-12-16T23:26:31","date_gmt":"2025-12-16T23:26:31","guid":{"rendered":"https:\/\/www.europesays.com\/fr\/603980\/"},"modified":"2025-12-16T23:26:31","modified_gmt":"2025-12-16T23:26:31","slug":"cette-caverne-dali-baba-rassemble-des-centaines-de-creations-artisanales-a-nantes","status":"publish","type":"post","link":"https:\/\/www.europesays.com\/fr\/603980\/","title":{"rendered":"Cette caverne d&rsquo;Ali Baba rassemble des centaines de cr\u00e9ations artisanales \u00e0 Nantes"},"content":{"rendered":"<p>16 d\u00e9cembre 2025<\/p>\n<p>\u00b7 Article sponsoris\u00e9<\/p>\n<p><img fetchpriority=\"high\" width=\"527\" height=\"264\" src=\"https:\/\/www.europesays.com\/fr\/wp-content\/uploads\/2025\/12\/Boutique-Nantes-a-Coeur-527x264.png\" class=\"attachment-csco-thumbnail-uncropped size-csco-thumbnail-uncropped wp-post-image\" alt=\"1. Accessoires de d\u00e9coration et bijoux artisanaux dans une boutique \u00e0 Nantes, France.\" decoding=\"async\"  \/>\t<img loading=\"lazy\" width=\"1044\" height=\"522\" src=\"https:\/\/www.europesays.com\/fr\/wp-content\/uploads\/2025\/12\/Boutique-Nantes-a-Coeur-1044x522.png\" class=\"attachment-csco-large-uncropped size-csco-large-uncropped wp-post-image\" alt=\"1. Accessoires de d\u00e9coration et bijoux artisanaux dans une boutique \u00e0 Nantes, France.\" decoding=\"async\"  \/><\/p>\n<p>\nCr\u00e9dit : Boutique Nantes \u00e0 c\u0153ur<\/p>\n<p>Tu cherches un spot shopping pour d\u00e9nicher des p\u00e9pites ? Ne cherche plus, on vient de trouver :\u00a0la boutique des cr\u00e9ateurs <strong>Nantes \u00e0 C\u0153ur<\/strong>\u00a0est faite pour toi. Situ\u00e9e\u00a0<strong>pr\u00e8s de l\u2019H\u00f4tel de Ville <\/strong>, la boutique permanente\u00a0<strong>Nantes \u00e0 C\u0153ur<\/strong>\u00a0rassemble toute l\u2019ann\u00e9e une vingtaine de cr\u00e9ateurs locaux dans un espace chaleureux. Big City te dit tout de cette <strong>caverne d\u2019Ali Baba<\/strong> qui m\u00e9rite clairement une place dans ta liste des incontournables nantais \ud83d\ude42<\/p>\n<p>Nantes \u00e0 coeur : Une boutique permanente de cr\u00e9ateurs locaux en plein coeur de Nantes<img loading=\"lazy\" decoding=\"async\" width=\"1160\" height=\"580\" src=\"https:\/\/www.europesays.com\/fr\/wp-content\/uploads\/2025\/12\/Boutique-de-createurs-Nantes-a-Coeur-1160x580.png\" alt=\"Petite boutique de cadeaux et artisanat \u00e0 Nantes, d\u00e9couvrez objets d\u00e9coratifs et accessoires uniques.\" class=\"wp-image-130530\"  \/>Cr\u00e9dit : Boutique Nantes a\u0300 Coeur \u2014 Magasin de cadeaux \u00e0 Nantes proposant artisanal et d\u00e9coration pour tous styles.<\/p>\n<p>Si on te dit cr\u00e9ations artisanales et cadeaux qui sortent de l\u2019ordinaire, tu comprends tout de suite qu\u2019il va falloir aller faire un tour \u00e0\u00a0<strong>Nantes \u00e0 C\u0153ur<\/strong>.<\/p>\n<p>Ouverte\u00a0<strong>du lundi au samedi (et jusqu\u2019au dimanche pour les f\u00eates), <\/strong>cette boutique permanente est devenue en peu de temps le rendez-vous incontournable pour toutes celles et ceux qui aiment <strong>d\u00e9nicher des<\/strong> <strong>pi\u00e8ces uniques et soutenir les talents locaux<\/strong>.<\/p>\n<p>\u00c0 l\u2019int\u00e9rieur, une <strong>vingtaine de cr\u00e9ateurs et cr\u00e9atrices<\/strong>, tous issus des Pays de la Loire ou des r\u00e9gions environnantes se relaient pour t\u2019accueillir et te faire d\u00e9couvrir leurs cr\u00e9ations. Tu y trouveras vraiment de tout : <strong>d\u00e9co<\/strong> originale, <strong>c\u00e9ramiques<\/strong> fa\u00e7onn\u00e9es \u00e0 la main, <strong>bijoux, maroquinerie, v\u00eatements, accessoires, objets z\u00e9ro-d\u00e9chet, papeterie, illustrations, bougies, cosm\u00e9tiques bio<\/strong>, voire de la <strong>pu\u00e9riculture<\/strong>. Bref, de quoi ravir toutes les envies et toutes les g\u00e9n\u00e9rations pour tous les <strong>budgets<\/strong> !<\/p>\n<p>Une mani\u00e8re de mieux consommer<img loading=\"lazy\" decoding=\"async\" width=\"1160\" height=\"580\" src=\"https:\/\/www.europesays.com\/fr\/wp-content\/uploads\/2025\/12\/Boutique-artisanat-local-nantes-a-coeur-1160x580.png\" alt=\"Boutique artisanat local nantes a\u0300 coeur\" class=\"wp-image-130531\"  \/>Cr\u00e9dit : Boutique Nantes a\u0300 Coeur \u2014 Boutique artisanat local nantes a\u0300 coeur<\/p>\n<p>\u00c0 la base de ce projet, une envie commune de cr\u00e9er une aventure collective dans un nouveau lieu \u00e0 Nantes.<\/p>\n<p><strong>L\u2019association Les Cr\u00e9ateurs Nantes \u00e0 Coeur,<\/strong> cr\u00e9\u00e9e en 2022, s\u2019est ainsi donn\u00e9 pour mission de remettre l\u2019artisanat local sous les projecteurs.<\/p>\n<p>Dans la r\u00e9gion, beaucoup de cr\u00e9ateurs bossent dans leur coin, parfois <strong>isol\u00e9s dans leurs ateliers<\/strong>, avec mille id\u00e9es mais peu de moyens pour se faire conna\u00eetre. C\u2019est comme \u00e7a qu\u2019est n\u00e9e l\u2019id\u00e9e de cette boutique permanente : un espace o\u00f9 leurs univers se croisent v\u00e9ritable vitrine de l\u2019artisanat local.<\/p>\n<p>Bref, en venant ici, tu <strong>consommes mieux<\/strong>, tu soutiens des cr\u00e9ateurs passionn\u00e9s, tu fais vivre l\u2019\u00e9conomie locale et tu encourages une mani\u00e8re de produire plus douce.<\/p>\n<p>Franchement\u2026 on peut difficilement faire plus cool. Et tu risques d\u2019\u00eatre surpris\u00b7e car tu repars rarement de cette boutique les mains vides !<\/p>\n<p>Alors, tu viens \u00e0 Nantes \u00e0 coeur\u00a0pour <strong>d\u00e9nicher la perle rare<\/strong>\u00a0?<\/p>\n","protected":false},"excerpt":{"rendered":"16 d\u00e9cembre 2025 \u00b7 Article sponsoris\u00e9 Cr\u00e9dit : Boutique Nantes \u00e0 c\u0153ur Tu cherches un spot shopping pour&hellip;\n","protected":false},"author":2,"featured_media":603981,"comment_status":"","ping_status":"","sticky":false,"template":"","format":"standard","meta":{"footnotes":""},"categories":[2818],"tags":[1111,11,1777,674,1011,27,766,12,2636,25],"class_list":{"0":"post-603980","1":"post","2":"type-post","3":"status-publish","4":"format-standard","5":"has-post-thumbnail","7":"category-nantes","8":"tag-actu","9":"tag-actualites","10":"tag-eu","11":"tag-europe","12":"tag-fr","13":"tag-france","14":"tag-nantes","15":"tag-news","16":"tag-pays-de-la-loire","17":"tag-republique-francaise"},"share_on_mastodon":{"url":"https:\/\/pubeurope.com\/@fr\/115731836991578584","error":""},"_links":{"self":[{"href":"https:\/\/www.europesays.com\/fr\/wp-json\/wp\/v2\/posts\/603980","targetHints":{"allow":["GET"]}}],"collection":[{"href":"https:\/\/www.europesays.com\/fr\/wp-json\/wp\/v2\/posts"}],"about":[{"href":"https:\/\/www.europesays.com\/fr\/wp-json\/wp\/v2\/types\/post"}],"author":[{"embeddable":true,"href":"https:\/\/www.europesays.com\/fr\/wp-json\/wp\/v2\/users\/2"}],"replies":[{"embeddable":true,"href":"https:\/\/www.europesays.com\/fr\/wp-json\/wp\/v2\/comments?post=603980"}],"version-history":[{"count":0,"href":"https:\/\/www.europesays.com\/fr\/wp-json\/wp\/v2\/posts\/603980\/revisions"}],"wp:featuredmedia":[{"embeddable":true,"href":"https:\/\/www.europesays.com\/fr\/wp-json\/wp\/v2\/media\/603981"}],"wp:attachment":[{"href":"https:\/\/www.europesays.com\/fr\/wp-json\/wp\/v2\/media?parent=603980"}],"wp:term":[{"taxonomy":"category","embeddable":true,"href":"https:\/\/www.europesays.com\/fr\/wp-json\/wp\/v2\/categories?post=603980"},{"taxonomy":"post_tag","embeddable":true,"href":"https:\/\/www.europesays.com\/fr\/wp-json\/wp\/v2\/tags?post=603980"}],"curies":[{"name":"wp","href":"https:\/\/api.w.org\/{rel}","templated":true}]}}