{"id":603994,"date":"2025-12-16T23:33:15","date_gmt":"2025-12-16T23:33:15","guid":{"rendered":"https:\/\/www.europesays.com\/fr\/603994\/"},"modified":"2025-12-16T23:33:15","modified_gmt":"2025-12-16T23:33:15","slug":"emmanuel-macron-lance-les-travaux-de-la-lnpca-a-la-gare-st-charles","status":"publish","type":"post","link":"https:\/\/www.europesays.com\/fr\/603994\/","title":{"rendered":"Emmanuel Macron lance les travaux de la LNPCA \u00e0 la gare St-Charles"},"content":{"rendered":"<p>Au terme d\u2019une <strong><a href=\"https:\/\/gomet.net\/programme-de-la-visite-demmanuel-macron-a-marseille\/\" data-type=\"link\" data-id=\"https:\/\/gomet.net\/programme-de-la-visite-demmanuel-macron-a-marseille\/\" target=\"_blank\" rel=\"noreferrer noopener\">journ\u00e9e intense de visite<\/a><\/strong>, le pr\u00e9sident de la R\u00e9publique Emmanuel Macron a lanc\u00e9 les travaux de la Ligne nouvelle Provence C\u00f4te d\u2019Azur.<\/p>\n<p>En pr\u00e9sence de Renaud Muselier, le pr\u00e9sident de la R\u00e9gion Provence-Alpes-C\u00f4te d\u2019Azur et pr\u00e9sident de la Soci\u00e9t\u00e9 de la Ligne Nouvelle Provence C\u00f4te d\u2019Azur (LNPCA), \u00e0 peine \u00ab\u00a0ex-filtr\u00e9\u00a0\u00bb de la soir\u00e9e de constitution de l\u2019<strong><a href=\"https:\/\/gomet.net\/la-region-sud-et-le-ministere-des-armees-lancent-loir-defense-et-securite\/\" target=\"_blank\" data-type=\"link\" data-id=\"https:\/\/gomet.net\/la-region-sud-et-le-ministere-des-armees-lancent-loir-defense-et-securite\/\" rel=\"noreferrer noopener\">OIR D\u00e9fense et s\u00e9curit\u00e9<\/a><\/strong> qui se se d\u00e9roulait \u00e0 l\u2019H\u00f4tel de R\u00e9gion au m\u00eame moment, de Philippe Tabarot, ministre des Transports, de Martine Vassal, pr\u00e9sidente de la M\u00e9tropole d\u2019Aix-Marseille-Provence, de Jacques Paulet, directeur du projet LNPCA pour SNCF R\u00e9seau et de St\u00e9phane Cougnon, directeur du projet LNPCA pour SNCF Gares &amp; Connexions, le Pr\u00e9sident a officiellement lanc\u00e9 les travaux de la phase 1 de la LNPCA \u00e0 la gare Saint-Charles, \u00e0 Marseille.<\/p>\n<p>A cette occasion, ils ont assist\u00e9 \u00e0 la d\u00e9coupe symbolique d\u2019un rail pour marquer le lancement de ce chantier.\u00a0Renaud Muselier a notamment rappel\u00e9 l\u2019importance de ce projet, d\u2019un budget de 2 milliards d\u2019\u20ac, qui permettra la r\u00e9novation de la gare comme de son quartier et offrira un RER au quart d\u2019heure dans l\u2019aire m\u00e9tropolitaine marseillaise \u00bb souligne un communiqu\u00e9 de la R\u00e9gion<\/p>\n<p><a data-no-instant=\"1\" href=\"https:\/\/gomet.net\/hors-serie-gomet-logement-2025\/\" rel=\"noopener nofollow\" class=\"a2t-link\" target=\"_blank\" aria-label=\"V1 widespread hs logement 2025\"><img loading=\"lazy\" decoding=\"async\" src=\"data:image\/svg+xml,%3Csvg%20xmlns=\" http:=\"\" alt=\"\" data-lazy- data-lazy- width=\"1950\" height=\"241\" style=\"display: inline-block;\" data-lazy-src=\"https:\/\/www.europesays.com\/fr\/wp-content\/uploads\/2025\/12\/v1-widespread-hs-logement-2025.png\"\/><\/a>Document source : le dossier de presse de la LNPCA<\/p>\n<p class=\"has-background\" style=\"background-color:#edf2f6\">Liens utiles :<\/p>\n<p><a href=\"https:\/\/gomet.net\/emmanuel-macron-lance-les-travaux-de-la-lnpca-a-la-gare-st-charles\/\" target=\"_blank\" rel=\"noopener\"><strong>Emmanuel Macron lance les travaux de la LNPCA \u00e0 la gare St-Charles<\/strong><\/a><br \/>L\u2019actualit\u00e9 de <strong><a href=\"https:\/\/gomet.net\/?s=LNPCA\" target=\"_blank\" data-type=\"link\" data-id=\"https:\/\/gomet.net\/?s=LNPCA\" rel=\"noreferrer noopener\">la LNPCA dans les archives de Gomet\u2019<\/a><\/strong><br \/>Notre rubrique <strong><a href=\"https:\/\/gomet.net\/theme\/metropole-2\/transports\/\" target=\"_blank\" data-type=\"link\" data-id=\"https:\/\/gomet.net\/theme\/metropole-2\/transports\/\" rel=\"noreferrer noopener\">transports<\/a><\/strong><\/p>\n","protected":false},"excerpt":{"rendered":"Au terme d\u2019une journ\u00e9e intense de visite, le pr\u00e9sident de la R\u00e9publique Emmanuel Macron a lanc\u00e9 les travaux&hellip;\n","protected":false},"author":2,"featured_media":603995,"comment_status":"","ping_status":"","sticky":false,"template":"","format":"standard","meta":{"footnotes":""},"categories":[2814],"tags":[1111,11,1777,674,1011,27,884,12,882,25],"class_list":{"0":"post-603994","1":"post","2":"type-post","3":"status-publish","4":"format-standard","5":"has-post-thumbnail","7":"category-marseille","8":"tag-actu","9":"tag-actualites","10":"tag-eu","11":"tag-europe","12":"tag-fr","13":"tag-france","14":"tag-marseille","15":"tag-news","16":"tag-provence-alpes-cote-dazur","17":"tag-republique-francaise"},"share_on_mastodon":{"url":"https:\/\/pubeurope.com\/@fr\/115731864271300451","error":""},"_links":{"self":[{"href":"https:\/\/www.europesays.com\/fr\/wp-json\/wp\/v2\/posts\/603994","targetHints":{"allow":["GET"]}}],"collection":[{"href":"https:\/\/www.europesays.com\/fr\/wp-json\/wp\/v2\/posts"}],"about":[{"href":"https:\/\/www.europesays.com\/fr\/wp-json\/wp\/v2\/types\/post"}],"author":[{"embeddable":true,"href":"https:\/\/www.europesays.com\/fr\/wp-json\/wp\/v2\/users\/2"}],"replies":[{"embeddable":true,"href":"https:\/\/www.europesays.com\/fr\/wp-json\/wp\/v2\/comments?post=603994"}],"version-history":[{"count":0,"href":"https:\/\/www.europesays.com\/fr\/wp-json\/wp\/v2\/posts\/603994\/revisions"}],"wp:featuredmedia":[{"embeddable":true,"href":"https:\/\/www.europesays.com\/fr\/wp-json\/wp\/v2\/media\/603995"}],"wp:attachment":[{"href":"https:\/\/www.europesays.com\/fr\/wp-json\/wp\/v2\/media?parent=603994"}],"wp:term":[{"taxonomy":"category","embeddable":true,"href":"https:\/\/www.europesays.com\/fr\/wp-json\/wp\/v2\/categories?post=603994"},{"taxonomy":"post_tag","embeddable":true,"href":"https:\/\/www.europesays.com\/fr\/wp-json\/wp\/v2\/tags?post=603994"}],"curies":[{"name":"wp","href":"https:\/\/api.w.org\/{rel}","templated":true}]}}