{"id":604000,"date":"2025-12-16T23:36:28","date_gmt":"2025-12-16T23:36:28","guid":{"rendered":"https:\/\/www.europesays.com\/fr\/604000\/"},"modified":"2025-12-16T23:36:28","modified_gmt":"2025-12-16T23:36:28","slug":"georges-kepenekian-lyon-est-une-ville-de-confluence","status":"publish","type":"post","link":"https:\/\/www.europesays.com\/fr\/604000\/","title":{"rendered":"Georges K\u00e9p\u00e9n\u00e9kian : \u00ab\u00a0Lyon est une ville de confluence\u00a0\u00bb"},"content":{"rendered":"<p>Georges K\u00e9p\u00e9n\u00e9kian, candidat annonc\u00e9 depuis 1 an \u00e0 la mairie de Lyon, a officiellement lanc\u00e9 la seconde \u00e9tape de sa campagne. Il a souhait\u00e9 pr\u00e9senter son \u00e9quipe rapproch\u00e9e. Il en a aussi profit\u00e9 pour d\u00e9velopper ses projets et sa vision pour la ville de Lyon. Port\u00e9 par une envie de proposer une voie alternative au duel Aulas-Doucet annonc\u00e9, Georges K\u00e9p\u00e9n\u00e9kian est d\u00e9termin\u00e9 \u00e0 peser dans le d\u00e9bat pour la mairie de Lyon.<\/p>\n<p><strong>Georges K\u00e9p\u00e9n\u00e9kian<\/strong> a \u00e9t\u00e9 le premier \u00e0 annoncer sa <strong>candidature pour la mairie de Lyon<\/strong>, en janvier 2025. Durant cette p\u00e9riode d\u2019un an, il a eu le temps d\u2019\u0153uvrer pour son projet. Malgr\u00e9 les propositions r\u00e9centes re\u00e7ues par les camps <strong>Aulas<\/strong> et <strong>Doucet<\/strong>, il a souhait\u00e9 faire cavalier seul afin d\u2019aller au bout de ses id\u00e9es. K\u00e9p\u00e9 conduira la liste \u00ab\u00a0<strong><a href=\"https:\/\/lyonquellenergie.fr\/\" target=\"_blank\" rel=\"noreferrer noopener\">Lyon Quelle Energie !<\/a><\/strong>\u00ab\u00a0<\/p>\n<p>Ecoutez le podcast<\/p>\n<p>K\u00e9p\u00e9n\u00e9kian candidat aux municipales de mars 2026 \u00e0 Lyon<\/p>\n<p>Il nous a expliqu\u00e9 tout le travail entrepris et ce pourquoi il se pr\u00e9sentait : \u00ab Le cheminement, il est simple, c\u2019est parti d\u2019un constat. J\u2019ai pass\u00e9 bient\u00f4t six ans dans l\u2019opposition, <strong>quelque chose ne marche pas dans la pratique<\/strong>. [\u2026] Ca part du constat que les choses se d\u00e9gradent et que <strong>l\u2019ex\u00e9cutif qui pratique la verticalit\u00e9 pose finalement des probl\u00e8mes<\/strong> dans le rapport \u00e0 la ville. \u00bb<\/p>\n<p>Ecoutez aussi : <a href=\"https:\/\/www.lyondemain.fr\/cedric-van-styvendael-candidat-villeurbanne-municipales-2026\/\" target=\"_blank\" rel=\"noreferrer noopener\">C\u00e9dric van Styvendael candidat en 2026 \u00e0 Villeurbanne<\/a><\/p>\n<blockquote class=\"instagram-media\" data-instgrm-captioned=\"\" data-instgrm-permalink=\"https:\/\/www.instagram.com\/reel\/DPgQOeijB3d\/?utm_source=ig_embed&amp;utm_campaign=loading\" data-instgrm-version=\"14\" style=\" background:#FFF; border:0; border-radius:3px; box-shadow:0 0 1px 0 rgba(0,0,0,0.5),0 1px 10px 0 rgba(0,0,0,0.15); margin: 1px; max-width:540px; min-width:326px; padding:0; width:99.375%; width:-webkit-calc(100% - 2px); width:calc(100% - 2px);\"\/>\n<p>L\u2019autre candidature entre Doucet et Aulas<\/p>\n<p>Le candidat \u00ab\u00a0Lyon Quelle Energie ! \u00a0\u00bb pourra profiter de son exp\u00e9rience en tant que <strong>maire de Lyon<\/strong> durant pr\u00e8s de 16 mois, du temps o\u00f9 <strong>G\u00e9rard Collomb<\/strong> \u00e9tait ministre de l\u2019Int\u00e9rieur. Une exp\u00e9rience qui sera la bienvenue face \u00e0 la ferveur publique qui semble porter <strong>Jean-Michel Aulas<\/strong> dans les sondages \u00e0 47% au premier tour, contre 7% pour <strong>Georges K\u00e9p\u00e9n\u00e9kian<\/strong>.<\/p>\n<p>Ce dernier reste cependant ancr\u00e9 \u00e0 son id\u00e9e de proposer <strong>une autre utilisation de la d\u00e9mocratie<\/strong> \u00e0 Lyon : \u00ab L\u2019autre m\u00e9thode (c\u2019est), plus aucun probl\u00e8me, vu la complexit\u00e9 des probl\u00e8mes ne peut \u00eatre r\u00e9gl\u00e9 par une seule personne, un seul parti, ce n\u2019est plus possible. Vous avez besoin de converger. <strong>Lyon est une ville de confluence<\/strong>, une ville o\u00f9 on a toujours cherch\u00e9 \u00e0 parler avec tout le monde. Y compris les extr\u00eames, pour essayer d\u2019\u00e9laborer quelque chose qui serait sinon la solution id\u00e9ale, qui n\u2019existe pas. Elle n\u2019existe que dans les discours politique de l\u2019ancien monde. \u00bb<\/p>\n<p><img fetchpriority=\"high\" decoding=\"async\" width=\"1200\" height=\"675\" src=\"https:\/\/www.europesays.com\/fr\/wp-content\/uploads\/2025\/12\/activites-en-Ehpad-Alexandre-Chevalier.jpg\" alt=\"Alexandre Chevalier\" class=\"wp-image-245204\"  \/>Alexandre Chevalier<\/p>\n<p>Le candidat a \u00e9t\u00e9 rejoint par <strong>Alexandre Chevalier<\/strong> (<strong>Place Publique<\/strong>), adjoint \u00e0 la mairie de Lyon et <strong>conseiller \u00e0 la mairie du 4\u00e8me arrondissement<\/strong>. Une annonce faite \u00e0 la surprise g\u00e9n\u00e9rale. L\u2019int\u00e9ress\u00e9 a souhait\u00e9 expliquer ce choix controvers\u00e9. Un choix r\u00e9gi par le <strong>jeu des alliances<\/strong>, auquel ne devrait pas participer sa d\u00e9sormais t\u00eate de liste.<\/p>\n<p>Ecoutez aussi : <a href=\"https:\/\/www.lyondemain.fr\/yasmine-bouagga-lancement-campagne-gauche-1er-arrondissement-lyon\/\" target=\"_blank\" rel=\"noreferrer noopener\">Yasmine Bouagga : \u00ab\u00a0Le 1er n\u2019est pas un il\u00f4t de r\u00e9sistance, mais une locomotive\u00a0\u00bb<\/a><\/p>\n<p>Alexandre Chevalier : le mercato inattendu<\/p>\n<p>\u00ab J\u2019avais besoin de clart\u00e9, notamment sur les <strong>orientations \u00e0 l\u2019entre-deux tours<\/strong>. D\u2019un c\u00f4t\u00e9 effectivement <strong>Gr\u00e9gory Douce<\/strong>t n\u2019est toujours pas tr\u00e8s clair sur une <strong>alliance au deuxi\u00e8me tour avec la LFI<\/strong> (<strong>La France Insoumise<\/strong>). Et par contre Georges l\u2019est, tr\u00e8s clair\u2026 C\u2019est-\u00e0-dire que lui va <strong>refuser toute alliance avec LFI<\/strong>. Je n\u2019avais pas envie de devoir faire toute une campagne. Et de devoir me retirer apr\u00e8s \u00e0 l\u2019entre-deux tours. \u00bb explique <strong>Alexandre Chevalier<\/strong>. Ce dernier apprendra quelques heures plus tard son exclusion imm\u00e9diate de <strong>Place Publique<\/strong>.<\/p>\n<p>Parmi les projets de <strong>Georges K\u00e9p\u00e9n\u00e9kian<\/strong>, le <strong>logement<\/strong>, les <strong>s\u00e9curit\u00e9s alimentaires et du travail<\/strong>, les <strong>polices de proximit\u00e9<\/strong> et les cam\u00e9ras de surveillance. Ou encore l\u2019\u00e9nergie et son utilisation plus vertueuse. Des id\u00e9es qui seront pr\u00e9sent\u00e9es avec plus de clart\u00e9 le 15 janvier. A l\u2019occasion d\u2019un meeting, lors de la pr\u00e9sentation de la liste des personnes engag\u00e9es aux c\u00f4t\u00e9s de <strong>Georges K\u00e9p\u00e9n\u00e9kian.<\/strong><\/p>\n<p>Ecoutez aussi : <a href=\"https:\/\/www.lyondemain.fr\/jean-paul-bret-candidat-municipales-2026-villeurbanne\/\" target=\"_blank\" rel=\"noreferrer noopener\">Villeurbanne : Jean-Paul Bret candidat aux municipales en 2026<\/a><\/p>\n<p><img loading=\"lazy\" decoding=\"async\" width=\"1200\" height=\"675\" src=\"https:\/\/www.europesays.com\/fr\/wp-content\/uploads\/2025\/12\/Alexandre-Chevalier-et-Georges-Kepenekian.jpg\" alt=\"Georges K\u00e9p\u00e9n\u00e9kian \u00e9lections municipales 2026 Lyon\" class=\"wp-image-252791\"  \/>Alexandre Chevalier et Georges K\u00e9p\u00e9n\u00e9kian<br \/>\nJ\u2019aime \u00e7a\u00a0:<\/p>\n<p>J\u2019aime chargement\u2026<\/p>\n<p><a class=\"sd-link-color\"\/><\/p>\n<p>\n\tArticles similaires\n<\/p>\n<p>\t\t\t\t<img decoding=\"async\" src=\"https:\/\/www.europesays.com\/fr\/wp-content\/uploads\/2025\/12\/1765928188_296_7866158698e17e8ed633c05e8f8e7fe5d9e057ad78661c4dc34e413abb6b9f19\" alt=\"G\u00e9rald Bouchon\"\/><\/p>\n<p>Pionnier des radios libres, passionn\u00e9 de radio, journaliste et dirigeant de m\u00e9dias \u00e9co-responsables..<\/p>\n<p>\t\t\t<script async src=\"\/\/www.instagram.com\/embed.js\"><\/script><\/p>\n","protected":false},"excerpt":{"rendered":"Georges K\u00e9p\u00e9n\u00e9kian, candidat annonc\u00e9 depuis 1 an \u00e0 la mairie de Lyon, a officiellement lanc\u00e9 la seconde \u00e9tape&hellip;\n","protected":false},"author":2,"featured_media":604001,"comment_status":"","ping_status":"","sticky":false,"template":"","format":"standard","meta":{"footnotes":""},"categories":[1889],"tags":[1111,11,43700,14941,2430,1777,674,1011,27,71520,5226,2428,71605,3434,12,25],"class_list":{"0":"post-604000","1":"post","2":"type-post","3":"status-publish","4":"format-standard","5":"has-post-thumbnail","7":"category-lyon","8":"tag-actu","9":"tag-actualites","10":"tag-alexandre-chevalier","11":"tag-aulas","12":"tag-auvergne-rhone-alpes","13":"tag-eu","14":"tag-europe","15":"tag-fr","16":"tag-france","17":"tag-georges-kepenekian","18":"tag-gregory-doucet","19":"tag-lyon","20":"tag-lyon-quelle-energie","21":"tag-municipales-2026","22":"tag-news","23":"tag-republique-francaise"},"share_on_mastodon":{"url":"https:\/\/pubeurope.com\/@fr\/115731877156620195","error":""},"_links":{"self":[{"href":"https:\/\/www.europesays.com\/fr\/wp-json\/wp\/v2\/posts\/604000","targetHints":{"allow":["GET"]}}],"collection":[{"href":"https:\/\/www.europesays.com\/fr\/wp-json\/wp\/v2\/posts"}],"about":[{"href":"https:\/\/www.europesays.com\/fr\/wp-json\/wp\/v2\/types\/post"}],"author":[{"embeddable":true,"href":"https:\/\/www.europesays.com\/fr\/wp-json\/wp\/v2\/users\/2"}],"replies":[{"embeddable":true,"href":"https:\/\/www.europesays.com\/fr\/wp-json\/wp\/v2\/comments?post=604000"}],"version-history":[{"count":0,"href":"https:\/\/www.europesays.com\/fr\/wp-json\/wp\/v2\/posts\/604000\/revisions"}],"wp:featuredmedia":[{"embeddable":true,"href":"https:\/\/www.europesays.com\/fr\/wp-json\/wp\/v2\/media\/604001"}],"wp:attachment":[{"href":"https:\/\/www.europesays.com\/fr\/wp-json\/wp\/v2\/media?parent=604000"}],"wp:term":[{"taxonomy":"category","embeddable":true,"href":"https:\/\/www.europesays.com\/fr\/wp-json\/wp\/v2\/categories?post=604000"},{"taxonomy":"post_tag","embeddable":true,"href":"https:\/\/www.europesays.com\/fr\/wp-json\/wp\/v2\/tags?post=604000"}],"curies":[{"name":"wp","href":"https:\/\/api.w.org\/{rel}","templated":true}]}}