{"id":604004,"date":"2025-12-16T23:39:13","date_gmt":"2025-12-16T23:39:13","guid":{"rendered":"https:\/\/www.europesays.com\/fr\/604004\/"},"modified":"2025-12-16T23:39:13","modified_gmt":"2025-12-16T23:39:13","slug":"anne-hidalgo-et-rachida-dati-sinvectivent-sur-leurs-bilans-au-conseil-de-paris","status":"publish","type":"post","link":"https:\/\/www.europesays.com\/fr\/604004\/","title":{"rendered":"Anne Hidalgo et Rachida Dati s&rsquo;invectivent sur leurs bilans au Conseil de Paris"},"content":{"rendered":"<p class=\"article-p mdl\">Ambiance tendue au Conseil de Paris. \u00c0 trois mois des\u00a0<a class=\"link\" href=\"https:\/\/www.rtl.fr\/actu\/politique\/c-est-de-l-argent-public-comment-la-question-des-notes-de-frais-s-invite-dans-la-campagne-des-municipales-7900577761\" title=\"&quot;C&#039;est de l&#039;argent public !&quot; : comment la question des notes de frais s&#039;invite dans la campagne des municipales\" target=\"_blank\" rel=\"noopener\">municipales de 2026<\/a>, les \u00e9lus parisiens \u00e9taient rassembl\u00e9s ce mardi 16 mars pour discuter du dernier budget de la capitale avant l&rsquo;\u00e9ch\u00e9ance, lorsque la s\u00e9ance a tourn\u00e9 \u00e0 la joute verbale entre la maire socialiste\u00a0<a class=\"link\" href=\"https:\/\/www.rtl.fr\/actu\/politique\/municipales-a-paris-sur-rtl-anne-hidalgo-estime-que-d-un-point-de-vue-moral-ca-fait-longtemps-que-rachida-dati-aurait-du-abandonner-son-mandat-7900565951\" title=\"Municipales \u00e0 Paris : sur RTL, Anne Hidalgo estime que &quot;d&#039;un point de vue moral, \u00e7a fait longtemps&quot; que Rachida Dati &quot;aurait d\u00fb abandonner son mandat&quot;\" target=\"_blank\" rel=\"noopener\">Anne Hidalgo<\/a>\u00a0et sa rivale qui esp\u00e8re lui succ\u00e9der \u00e0 l&rsquo;H\u00f4tel de Ville,\u00a0<a class=\"link\" href=\"https:\/\/www.rtl.fr\/actu\/politique\/dati-bardella-malhuret-delogu-les-meilleures-et-pires-punchlines-sacrees-par-le-prix-de-l-humour-politique-2025-7900576057\" title=\"Dati, Bardella, Malhuret, Delogu... Les meilleures (et pires) punchlines sacr\u00e9es par le prix de l&#039;Humour politique 2025\" target=\"_blank\" rel=\"noopener\">Rachida Dati<\/a>.<\/p>\n<p class=\"article-p mdl\">Lors de sa prise de parole, la ministre de la Culture\u00a0a critiqu\u00e9 les r\u00e9sultats financiers de l&rsquo;actuelle \u00e9dile, affirmant notamment que la dette de la municipalit\u00e9 \u00ab\u00a0atteindra 12 milliards d&rsquo;euros en 2026\u00a0\u00bb, rapporte\u00a0<a class=\"link\" href=\"https:\/\/www.bfmtv.com\/politique\/elections\/municipales\/on-se-detend-pas-mieux-que-le-braquage-du-louvre-nouvel-echange-tendu-entre-anne-hidalgo-et-rachida-dati-au-conseil-de-paris_AV-202512160643.html\" target=\"_blank\" rel=\"noopener\">BFMTV<\/a>. Elle a d\u00e9nonc\u00e9 par ailleurs \u00ab\u00a0le braquage budg\u00e9taire que sont les loyers capitalis\u00e9s\u00a0\u00bb.<\/p>\n<p class=\"article-p mdl\">De quoi faire r\u00e9agir Anne Hidalgo, qui a r\u00e9pliqu\u00e9 d&rsquo;un \u00ab\u00a0Pas mieux que\u00a0<a class=\"link\" href=\"https:\/\/www.rtl.fr\/culture\/arts-spectacles\/musee-du-louvre-une-greve-reconductible-annoncee-a-compter-du-15-decembre-7900575240\" title=\"Mus\u00e9e du Louvre : une &quot;gr\u00e8ve reconductible&quot; annonc\u00e9e \u00e0 compter du 15 d\u00e9cembre\" target=\"_blank\" rel=\"noopener\">le braquage du Louvre<\/a>, hein !\u00a0\u00bb, adress\u00e9 \u00e0 la responsable gouvernementale, qu&rsquo;elle juge en partie responsable du vol des bijoux de la Couronne de France, survenu le 19 octobre dernier.<\/p>\n<p>            Notes de frais et proc\u00e8s pour corruption<\/p>\n<p class=\"article-p mdl\">La passe d&rsquo;armes ne s&rsquo;est pas arr\u00eat\u00e9e l\u00e0 puisque les deux \u00e9lues n&rsquo;ont ensuite pas manqu\u00e9 d&rsquo;\u00e9voquer leurs d\u00e9boires respectifs : Rachida Dati a ainsi rappel\u00e9 le \u00ab\u00a0train de vie d\u00e9mesur\u00e9\u00a0\u00bb d&rsquo;Anne Hidalgo, qui \u00ab\u00a0ponctionne les Parisiens\u00a0\u00bb, selon elle.<\/p>\n<p class=\"article-p mdl\">\u00ab\u00a0Je n\u2019ai jamais utilis\u00e9 d\u2019argent public contrairement \u00e0 vous. Vous devrez vous expliquer sur les notes de frais et d\u00e9penses personnelles qu&rsquo;ont pay\u00e9s les Parisiens pour vous et notamment votre campagne rat\u00e9e pour l&rsquo;ONU\u00a0\u00bb, a-t-elle lanc\u00e9, en r\u00e9f\u00e9rence \u00e0\u00a0<a class=\"link\" href=\"https:\/\/www.rtl.fr\/actu\/politique\/anne-hidalgo-echoue-a-prendre-la-tete-du-haut-commissariat-de-l-onu-pour-les-refugies-7900577418\" title=\"Anne Hidalgo \u00e9choue \u00e0 prendre la t\u00eate du Haut-Commissariat de l&#039;ONU pour les r\u00e9fugi\u00e9s\" target=\"_blank\" rel=\"noopener\">la nomination \u00e0 la place d&rsquo;Anne Hidalgo<\/a>\u00a0de l&rsquo;ancien pr\u00e9sident irakien Barham Saleh \u00e0 la t\u00eate du Haut Commissariat des Nations unies pour les r\u00e9fugi\u00e9s.<\/p>\n<p class=\"article-p mdl\">Apr\u00e8s des r\u00e9v\u00e9lations sur ses frais de repr\u00e9sentation, essentiellement en v\u00eatements (au moins 75.000 euros), la maire de Paris a \u00e9t\u00e9 \u00e9pingl\u00e9e par Mediapart pour ses voyages internationaux en classe business, au nombre de plus de 20 depuis d\u00e9but 2025. Des frais qu&rsquo;elle assume au nom du \u00ab\u00a0rayonnement international de la capitale\u00a0\u00bb.<\/p>\n<p class=\"article-p mdl\">La maire en poste depuis 2014 a r\u00e9pondu en faisant allusion aux affaires judiciaires de son homologue, ass\u00e9nant \u00e0 plusieurs reprises la date de son proc\u00e8s pour \u00ab\u00a0corruption\u00a0\u00bb et \u00ab\u00a0trafic d&rsquo;influence\u00a0\u00bb : \u00ab\u00a0Au tribunal, le 16 septembre 2026. Au tribunal, le 16 septembre 2026 !\u00a0\u00bb, comme le rapporte le\u00a0<a class=\"link\" href=\"https:\/\/www.huffingtonpost.fr\/politique\/video\/braquage-du-louvre-contre-echec-a-l-onu-echange-tres-tendu-entre-hidalgo-et-dati-au-conseil-de-paris_258292.html\" target=\"_blank\" rel=\"noopener\">Huffington Post<\/a>. \u00ab\u00a0Souciez-vous de votre avenir plus que du mien. Au moins, je n&rsquo;ai pas un proc\u00e8s en cours pour corruption.\u00a0\u00bb \u00ab\u00a0Madame la maire, cessez d&rsquo;\u00eatre dans la haine et l&rsquo;amertume&#8230; On se d\u00e9tend\u00a0\u00bb, a encore comment\u00e9 Rachida Dati.<\/p>\n<p class=\"article-p mdl\">La ministre doit \u00eatre<a class=\"link\" href=\"https:\/\/www.rtl.fr\/actu\/politique\/rachida-dati-son-proces-pour-corruption-se-tiendra-du-16-au-28-septembre-2026-six-mois-apres-les-municipales-7900546732\" target=\"_blank\" rel=\"noopener\"> jug\u00e9e pour recel d&rsquo;abus de pouvoir et d&rsquo;abus de confiance<\/a>, corruption et trafic d&rsquo;influence passifs par personne investie d&rsquo;un mandat \u00e9lectif public au sein d&rsquo;une organisation internationale, en l&rsquo;esp\u00e8ce le Parlement europ\u00e9en. Elle est\u00a0soup\u00e7onn\u00e9e d&rsquo;avoir per\u00e7u 900.000 euros entre 2010 et 2012\u00a0pour des prestations de conseil act\u00e9es dans une convention d&rsquo;honoraires sign\u00e9e le 28 octobre 2009 avec RNBV, filiale de l&rsquo;alliance Renault-Nissan, mais sans avoir r\u00e9ellement travaill\u00e9, alors qu&rsquo;elle \u00e9tait avocate et d\u00e9put\u00e9e europ\u00e9enne (2009-2019).<\/p>\n<p>    La r\u00e9daction vous recommande<\/p>\n<p class=\"s-newsletter__title\">\n                L\u2019actualit\u00e9 par la r\u00e9daction de RTL dans votre bo\u00eete mail.\n            <\/p>\n<p class=\"s-newsletter__subtitle\">\n                Gr\u00e2ce \u00e0 votre compte RTL abonnez-vous \u00e0 la newsletter RTL info pour suivre toute l&rsquo;actualit\u00e9 au quotidien\n            <\/p>\n<p>\n                                    Lire la suite\n                                <\/p>\n","protected":false},"excerpt":{"rendered":"Ambiance tendue au Conseil de Paris. \u00c0 trois mois des\u00a0municipales de 2026, les \u00e9lus parisiens \u00e9taient rassembl\u00e9s ce&hellip;\n","protected":false},"author":2,"featured_media":604005,"comment_status":"","ping_status":"","sticky":false,"template":"","format":"standard","meta":{"footnotes":""},"categories":[1888],"tags":[1111,1928,11,1927,2618,4188,1777,674,107,1011,27,12842,2381,12,1926,626,1925,417,25],"class_list":{"0":"post-604004","1":"post","2":"type-post","3":"status-publish","4":"format-standard","5":"has-post-thumbnail","7":"category-paris","8":"tag-actu","9":"tag-actu-paris","10":"tag-actualites","11":"tag-actualites-paris","12":"tag-anne-hidalgo","13":"tag-elections-municipales","14":"tag-eu","15":"tag-europe","16":"tag-fil-info","17":"tag-fr","18":"tag-france","19":"tag-le-louvre","20":"tag-mairie-de-paris","21":"tag-news","22":"tag-news-paris","23":"tag-paris","24":"tag-paris-news","25":"tag-rachida-dati","26":"tag-republique-francaise"},"share_on_mastodon":{"url":"https:\/\/pubeurope.com\/@fr\/115731887889579852","error":""},"_links":{"self":[{"href":"https:\/\/www.europesays.com\/fr\/wp-json\/wp\/v2\/posts\/604004","targetHints":{"allow":["GET"]}}],"collection":[{"href":"https:\/\/www.europesays.com\/fr\/wp-json\/wp\/v2\/posts"}],"about":[{"href":"https:\/\/www.europesays.com\/fr\/wp-json\/wp\/v2\/types\/post"}],"author":[{"embeddable":true,"href":"https:\/\/www.europesays.com\/fr\/wp-json\/wp\/v2\/users\/2"}],"replies":[{"embeddable":true,"href":"https:\/\/www.europesays.com\/fr\/wp-json\/wp\/v2\/comments?post=604004"}],"version-history":[{"count":0,"href":"https:\/\/www.europesays.com\/fr\/wp-json\/wp\/v2\/posts\/604004\/revisions"}],"wp:featuredmedia":[{"embeddable":true,"href":"https:\/\/www.europesays.com\/fr\/wp-json\/wp\/v2\/media\/604005"}],"wp:attachment":[{"href":"https:\/\/www.europesays.com\/fr\/wp-json\/wp\/v2\/media?parent=604004"}],"wp:term":[{"taxonomy":"category","embeddable":true,"href":"https:\/\/www.europesays.com\/fr\/wp-json\/wp\/v2\/categories?post=604004"},{"taxonomy":"post_tag","embeddable":true,"href":"https:\/\/www.europesays.com\/fr\/wp-json\/wp\/v2\/tags?post=604004"}],"curies":[{"name":"wp","href":"https:\/\/api.w.org\/{rel}","templated":true}]}}