{"id":604018,"date":"2025-12-16T23:46:17","date_gmt":"2025-12-16T23:46:17","guid":{"rendered":"https:\/\/www.europesays.com\/fr\/604018\/"},"modified":"2025-12-16T23:46:17","modified_gmt":"2025-12-16T23:46:17","slug":"bonne-nouvelle-si-vous-desirez-partir-en-erasmus-au-royaume-uni","status":"publish","type":"post","link":"https:\/\/www.europesays.com\/fr\/604018\/","title":{"rendered":"Bonne nouvelle si vous d\u00e9sirez partir en Erasmus au Royaume-Uni !"},"content":{"rendered":"<p class=\"ap-StoryElement ap-StoryElement--mb ap-StoryText\">Le Royaume-Uni s&rsquo;\u00e9tait retir\u00e9 du programme Erasmus apr\u00e8s le Brexit en 2020, mais le gouvernement actuel a rouvert les n\u00e9gociations cette ann\u00e9e.<\/p>\n<p class=\"ap-StoryElement ap-StoryElement--mb ap-StoryText\">Selon le journal, les \u00e9tudiants britanniques pourront \u00e0 nouveau participer au programme europ\u00e9en \u00e0 partir de janvier 2027. Cela s&rsquo;appliquerait \u00e0 la fois aux \u00e9changes universitaires et aux formations professionnelles via le programme Erasmus+.<\/p>\n","protected":false},"excerpt":{"rendered":"Le Royaume-Uni s&rsquo;\u00e9tait retir\u00e9 du programme Erasmus apr\u00e8s le Brexit en 2020, mais le gouvernement actuel a rouvert&hellip;\n","protected":false},"author":2,"featured_media":604019,"comment_status":"","ping_status":"","sticky":false,"template":"","format":"standard","meta":{"footnotes":""},"categories":[1588],"tags":[11,9614,1777,674,71595,12,473,1853,1778,1851,1850,1852],"class_list":{"0":"post-604018","1":"post","2":"type-post","3":"status-publish","4":"format-standard","5":"has-post-thumbnail","7":"category-royaume-uni","8":"tag-actualites","9":"tag-enseignement","10":"tag-eu","11":"tag-europe","12":"tag-great-britain","13":"tag-news","14":"tag-royaume-uni","15":"tag-royaume-uni-de-grande-bretagne-et-dirlande-du-nord","16":"tag-ue","17":"tag-uk","18":"tag-united-kingdom","19":"tag-united-kingdom-of-great-britain-and-northern-ireland"},"share_on_mastodon":{"url":"https:\/\/pubeurope.com\/@fr\/115731915365291596","error":""},"_links":{"self":[{"href":"https:\/\/www.europesays.com\/fr\/wp-json\/wp\/v2\/posts\/604018","targetHints":{"allow":["GET"]}}],"collection":[{"href":"https:\/\/www.europesays.com\/fr\/wp-json\/wp\/v2\/posts"}],"about":[{"href":"https:\/\/www.europesays.com\/fr\/wp-json\/wp\/v2\/types\/post"}],"author":[{"embeddable":true,"href":"https:\/\/www.europesays.com\/fr\/wp-json\/wp\/v2\/users\/2"}],"replies":[{"embeddable":true,"href":"https:\/\/www.europesays.com\/fr\/wp-json\/wp\/v2\/comments?post=604018"}],"version-history":[{"count":0,"href":"https:\/\/www.europesays.com\/fr\/wp-json\/wp\/v2\/posts\/604018\/revisions"}],"wp:featuredmedia":[{"embeddable":true,"href":"https:\/\/www.europesays.com\/fr\/wp-json\/wp\/v2\/media\/604019"}],"wp:attachment":[{"href":"https:\/\/www.europesays.com\/fr\/wp-json\/wp\/v2\/media?parent=604018"}],"wp:term":[{"taxonomy":"category","embeddable":true,"href":"https:\/\/www.europesays.com\/fr\/wp-json\/wp\/v2\/categories?post=604018"},{"taxonomy":"post_tag","embeddable":true,"href":"https:\/\/www.europesays.com\/fr\/wp-json\/wp\/v2\/tags?post=604018"}],"curies":[{"name":"wp","href":"https:\/\/api.w.org\/{rel}","templated":true}]}}