{"id":604024,"date":"2025-12-16T23:49:18","date_gmt":"2025-12-16T23:49:18","guid":{"rendered":"https:\/\/www.europesays.com\/fr\/604024\/"},"modified":"2025-12-16T23:49:18","modified_gmt":"2025-12-16T23:49:18","slug":"nm1-ladresse-du-cep-lorient-aura-eu-raison-de-vitre","status":"publish","type":"post","link":"https:\/\/www.europesays.com\/fr\/604024\/","title":{"rendered":"NM1\u00a0: l\u2019adresse du Cep Lorient aura eu raison de Vitr\u00e9"},"content":{"rendered":"<p>NM1 (16e journ\u00e9e). Cep Lorient &#8211; Vitr\u00e9\u00a0: 97-88<\/p>\n<p>Comme \u00e0 leur habitude, les Lorientais attaquaient la rencontre tambour battant (11-3, 3&prime;). Fabien Calvez, le coach bretillien, prenait aussit\u00f4t un temps mort pour stopper la marche en avant des hommes de Pascal Thibault, ce qui permettait aux Vitr\u00e9ens de limiter la casse le chemin du panier (28-22).<\/p>\n<p>Le deuxi\u00e8me quart voyait les visiteurs mettre en difficult\u00e9 l\u2019attaque lorientaise en leur proposant, une fois n\u2019est pas coutume, une d\u00e9fense homme \u00e0 homme, mais c\u2019\u00e9tait sans compter sur un Maxime Choplin retrouv\u00e9, auteur de 14\u00a0points \u00e0 83\u00a0% de r\u00e9ussite dans cette premi\u00e8re mi-temps. Il permettait, par la m\u00eame occasion, au Cep Lorient de s\u2019octroyer une courte avance \u00e0 la mi-temps (51-46).<\/p>\n<p>Queta fait admirer son adresse \u00e0 trois points<\/p>\n<p>Mohammed Queta, au retour des vestiaires, faisait admirer son adresse \u00e0 trois points avec deux paniers successifs, vite imit\u00e9 par l\u2019in\u00e9vitable Choplin (64-50, 16&prime;). Les Cepistes allaient devoir redoubler de vigilance pour conserver une avance <a href=\"https:\/\/www.letelegramme.fr\/morbihan\/lorient-56100\/apres-avoir-mene-de-17-points-le-cep-lorient-secroule-en-fin-de-match-a-angers-6945919.php\" target=\"_blank\" rel=\"noopener\">qu\u2019ils ont vu souvent fondre comme neige au soleil, ces derniers temps<\/a>. Les joueurs de Vitr\u00e9 jouaient leur va-tout \u00e0 coups de tirs longue distance (85-75, 35&prime;) avec Jules Gibey comme t\u00eate de gondole (23 points).<\/p>\n<p>L\u2019adresse lorientaise (13 sur 22 \u00e0 trois points) aura finalement eu raison de Vitr\u00e9.<\/p>\n<p>La fiche technique<\/p>\n<p class=\"tech\"><strong class=\"tech\">Arbitres\u00a0: <\/strong>M. Carrazedo et O. Adam<\/p>\n<p class=\"tech\"><strong class=\"tech\">Spectateurs\u00a0: <\/strong>2\u00a0000<\/p>\n<p class=\"tech\"><strong class=\"tech\">Cep Lorient &#8211; Vitr\u00e9\u00a0: <\/strong>97-88 (28-22, 23-24, 24-16, 22-26)<\/p>\n<p class=\"tech\"><strong class=\"tech\">LORIENT.<\/strong> Cinq de d\u00e9part\u00a0: Robertson (13), Robin (12), Njiba (4), Choplin (20), Queta (15), puis Sclear (4), Amarh (9), Franceschi (10), Rosele (0), Lesciauskas (10), Jilani (0), Cristini (0). Entra\u00eeneur\u00a0: P. Thibault<\/p>\n<p class=\"tech\"><strong class=\"tech\">VITR\u00c9.<\/strong> Cinq de d\u00e9part\u00a0: Ville (10), Hernandez (8), De Bruhl (19), Okereke (12), Le Carour (6), puis, Kon\u00e9 (2), Gibey (23), Alves (0), Hairrabetian (0), Z\u00e9non (9), Auguet (8). Entra\u00eeneur\u00a0: F. Calvez<\/p>\n","protected":false},"excerpt":{"rendered":"NM1 (16e journ\u00e9e). Cep Lorient &#8211; Vitr\u00e9\u00a0: 97-88 Comme \u00e0 leur habitude, les Lorientais attaquaient la rencontre tambour&hellip;\n","protected":false},"author":2,"featured_media":604025,"comment_status":"","ping_status":"","sticky":false,"template":"","format":"standard","meta":{"footnotes":""},"categories":[1586],"tags":[11,1465,1791,47906,3166,1777,674,1779,1011,27,1781,12,25,60,1778,364],"class_list":{"0":"post-604024","1":"post","2":"type-post","3":"status-publish","4":"format-standard","5":"has-post-thumbnail","7":"category-europe","8":"tag-actualites","9":"tag-basket","10":"tag-basket-ball","11":"tag-cep-lorient-basket","12":"tag-en-continu-sports","13":"tag-eu","14":"tag-europe","15":"tag-european-union","16":"tag-fr","17":"tag-france","18":"tag-lorient","19":"tag-news","20":"tag-republique-francaise","21":"tag-sports","22":"tag-ue","23":"tag-union-europeenne"},"share_on_mastodon":{"url":"https:\/\/pubeurope.com\/@fr\/115731927337493383","error":""},"_links":{"self":[{"href":"https:\/\/www.europesays.com\/fr\/wp-json\/wp\/v2\/posts\/604024","targetHints":{"allow":["GET"]}}],"collection":[{"href":"https:\/\/www.europesays.com\/fr\/wp-json\/wp\/v2\/posts"}],"about":[{"href":"https:\/\/www.europesays.com\/fr\/wp-json\/wp\/v2\/types\/post"}],"author":[{"embeddable":true,"href":"https:\/\/www.europesays.com\/fr\/wp-json\/wp\/v2\/users\/2"}],"replies":[{"embeddable":true,"href":"https:\/\/www.europesays.com\/fr\/wp-json\/wp\/v2\/comments?post=604024"}],"version-history":[{"count":0,"href":"https:\/\/www.europesays.com\/fr\/wp-json\/wp\/v2\/posts\/604024\/revisions"}],"wp:featuredmedia":[{"embeddable":true,"href":"https:\/\/www.europesays.com\/fr\/wp-json\/wp\/v2\/media\/604025"}],"wp:attachment":[{"href":"https:\/\/www.europesays.com\/fr\/wp-json\/wp\/v2\/media?parent=604024"}],"wp:term":[{"taxonomy":"category","embeddable":true,"href":"https:\/\/www.europesays.com\/fr\/wp-json\/wp\/v2\/categories?post=604024"},{"taxonomy":"post_tag","embeddable":true,"href":"https:\/\/www.europesays.com\/fr\/wp-json\/wp\/v2\/tags?post=604024"}],"curies":[{"name":"wp","href":"https:\/\/api.w.org\/{rel}","templated":true}]}}