{"id":604028,"date":"2025-12-16T23:51:14","date_gmt":"2025-12-16T23:51:14","guid":{"rendered":"https:\/\/www.europesays.com\/fr\/604028\/"},"modified":"2025-12-16T23:51:14","modified_gmt":"2025-12-16T23:51:14","slug":"nicolas-sarkozy-vers-un-nouveau-proces-cette-fois-aux-cotes-de-carla-bruni","status":"publish","type":"post","link":"https:\/\/www.europesays.com\/fr\/604028\/","title":{"rendered":"Nicolas Sarkozy vers un nouveau proc\u00e8s, cette fois aux c\u00f4t\u00e9s de Carla Bruni"},"content":{"rendered":"<p>        <img decoding=\"async\" loading=\"lazy\" src=\"https:\/\/www.europesays.com\/fr\/wp-content\/uploads\/2025\/12\/e67a346_upload-1-kpav8v608fj7-afp-20251021-79gb8q4-v2-highres-topshotfrancepoliticsjusticeprisonsark.jpeg\"  width=\"728\" height=\"410\" alt=\"Nicolas Sarkozy vers un nouveau proc\u00e8s, cette fois aux c\u00f4t\u00e9s de Carla Bruni (Photo prise le 21\u00a0octobre 2025)\"\/>  <\/p>\n<p>JULIEN DE ROSA \/ AFP<\/p>\n<p>Nicolas Sarkozy vers un nouveau proc\u00e8s, cette fois aux c\u00f4t\u00e9s de Carla Bruni (Photo prise le 21\u00a0octobre 2025)<\/p>\n<p class=\"asset asset-text\">La menace d\u2019un nouveau proc\u00e8s se pr\u00e9cise <a href=\"https:\/\/www.huffingtonpost.fr\/france\/article\/ce-que-nicolas-sarkozy-raconte-de-sa-detention-entre-laitages-et-prieres_257927.html\" target=\"_blank\" rel=\"noopener\">pour Nicolas Sarkozy\u00a0<\/a>: le parquet national financier a demand\u00e9 ce mardi 16\u00a0d\u00e9cembre le renvoi de onze personnes parmi lesquelles <a href=\"https:\/\/www.huffingtonpost.fr\/politique\/article\/ingratitude-et-mediocrite-nicolas-sarkozy-indigne-ces-avocats-avec-ce-passage-sur-thierry-herzog_258111.html\" target=\"_blank\" rel=\"noopener\">l\u2019ex-pr\u00e9sident<\/a>, son \u00e9pouse Carla Bruni-Sarkozy, et la \u00ab\u00a0papesse des paparazzis\u00a0\u00bb \u00ab\u00a0Mimi\u00a0\u00bb Marchand dans l\u2019affaire de la <a href=\"https:\/\/www.huffingtonpost.fr\/justice\/article\/nicolas-sarkozy-doublement-mis-en-examen-dans-l-affaire-de-la-retractation-de-ziad-takieddine_224088.html\" target=\"_blank\" rel=\"noopener\">r\u00e9tractation\u00a0possiblement monnay\u00e9e de l\u2019interm\u00e9diaire<\/a> Ziad Takieddine.<\/p>\n<p class=\"asset asset-text\">Dans ce dossier, en lien avec celui du financement libyen de la campagne pr\u00e9sidentielle de 2007, pour lequel <a href=\"https:\/\/www.huffingtonpost.fr\/france\/article\/nicolas-sarkozy-encore-condamne-definitivement-cette-fois-dans-l-affaire-bygmalion_257550.html\" target=\"_blank\" rel=\"noopener\">Nicolas Sarkozy a \u00e9t\u00e9 condamn\u00e9 <\/a>en premi\u00e8re instance, les parties vont d\u00e9sormais pouvoir faire leurs observations.<\/p>\n<p class=\"asset asset-text\">La d\u00e9cision de les renvoyer ou non devant le tribunal correctionnel revient au juge d\u2019instruction charg\u00e9 du dossier.<\/p>\n<p>    Volont\u00e9 de tromper la justice    <\/p>\n<p class=\"asset asset-text\">Les mis en examen sont soup\u00e7onn\u00e9s d\u2019avoir voulu tromper la justice en utilisant des moyens frauduleux pour innocenter Nicolas Sarkozy\u00a0: un t\u00e9moin, l\u2019interm\u00e9diaire Ziad Takieddine (d\u00e9c\u00e9d\u00e9 en septembre\u00a02025), avait retir\u00e9 ses accusations de financement libyen de la campagne pr\u00e9sidentielle de 2007.<\/p>\n<p class=\"asset asset-text\">Avec une question, savoir si l\u2019ancien pr\u00e9sident a avalis\u00e9 ces man\u0153uvres pr\u00e9sum\u00e9es pour obtenir fin 2020 la volte-face du principal t\u00e9moin \u00e0 charge contre lui. Deux mois plus tard, Takieddine incriminait \u00e0 nouveau Nicolas Sarkozy.<\/p>\n<p class=\"asset asset-text\">Dans son r\u00e9quisitoire d\u00e9finitif, rendu mardi, le parquet national financier requiert le renvoi de Nicolas Sarkozy pour \u00ab\u00a0association de malfaiteurs en vue de commettre une escroquerie en bande organis\u00e9e\u00a0\u00bb et \u00ab\u00a0recel de subornation de t\u00e9moin\u00a0\u00bb.<\/p>\n<p>    \u00ab\u00a0Association de malfaiteurs\u00a0\u00bb et \u00ab\u00a0recel de subornation de t\u00e9moin\u00a0\u00bb    <\/p>\n<p class=\"asset asset-text\">Interrog\u00e9 par l\u2019AFP, l\u2019avocat de Nicolas Sarkozy, Me Christophe Ingrain, a indiqu\u00e9 n\u2019avoir aucun commentaire \u00e0 faire \u00e0 ce stade.<\/p>\n<p class=\"asset asset-text\"><a href=\"https:\/\/www.huffingtonpost.fr\/justice\/article\/carla-bruni-entendue-comme-suspecte-dans-l-enquete-sur-la-retractation-de-takieddine_233436.html\" target=\"_blank\" rel=\"noopener\">Pour Carla Bruni-Sarkozy<\/a>, le renvoi est requis uniquement pour \u00ab\u00a0l\u2019association de malfaiteurs en vue de commettre une escroquerie en bande organis\u00e9e\u00a0\u00bb, un non-lieu partiel ayant \u00e9t\u00e9 requis pour le \u00ab\u00a0recel de subornation de t\u00e9moin\u00a0\u00bb.<\/p>\n<p class=\"asset asset-text\">Pour Mich\u00e8le dite \u00ab\u00a0Mimi\u00a0\u00bb Marchand, le parquet demande le renvoi \u00e9galement pour \u00ab\u00a0subornation de t\u00e9moin\u00a0\u00bb et \u00ab\u00a0association de malfaiteurs en vue de corrompre des personnes exer\u00e7ant des fonctions juridictionnelles au Liban\u00a0\u00bb.<\/p>\n<p>    Op\u00e9ration \u00ab\u00a0Sauvez Sarko\u00a0\u00bb    <\/p>\n<p class=\"asset asset-text\">L\u2019affaire de la fausse r\u00e9tractation du Franco-Libanais Ziad Takieddine, appel\u00e9e op\u00e9ration \u00ab\u00a0Sauvez Sarko\u00a0\u00bb par certains protagonistes, est li\u00e9e au dossier principal du financement libyen de la campagne de 2007.<\/p>\n<p class=\"asset asset-text\">D\u00e8s mai\u00a02012, Ziad Takieddine assurait \u00e0 la presse que le financement de la campagne de l\u2019ex-chef de l\u2019\u00c9tat fran\u00e7ais par le d\u00e9funt dictateur libyen, Mouammar Kadhafi, et de ses lieutenants, \u00e9voqu\u00e9 d\u00e8s 2011, \u00e9tait \u00ab\u00a0la v\u00e9rit\u00e9\u00a0\u00bb. Nicolas Sarkozy avait en retour constamment vilipend\u00e9 celui qu\u2019il qualifiait de \u00ab\u00a0grand manipulateur\u00a0\u00bb, connu pour ses d\u00e9clarations fluctuantes.<\/p>\n<p class=\"asset asset-text\">En 2016, dans un retentissant entretien \u00e0 Mediapart, Takieddine s\u2019auto-incrimine\u00a0: il affirme avoir convoy\u00e9 entre novembre\u00a02006 et d\u00e9but 2007 \u00ab\u00a0cinq millions d\u2019euros\u00a0\u00bb dans des valises lors de trois voyages entre Tripoli et Paris, remis en deux fois \u00e0 Claude Gu\u00e9ant, directeur de cabinet de Nicolas Sarkozy, alors ministre de l\u2019Int\u00e9rieur, mais aussi \u00e0 l\u2019ancien chef de l\u2019\u00c9tat lui-m\u00eame.<\/p>\n<p class=\"asset asset-text\">Ces derniers avaient farouchement d\u00e9menti. Ziad Takieddine avait \u00e9t\u00e9 mis en examen dans cette enqu\u00eate sensible.<\/p>\n<p>                     Sarkozy d\u00e9nonce la \u00ab\u00a0haine\u00a0\u00bb des magistrats \u00e0 son \u00e9gard    <\/p>\n<p class=\"asset asset-text\">L\u2019ex-chef de l\u2019\u00c9tat (2007-2012) a \u00e9t\u00e9 condamn\u00e9 le 25\u00a0septembre \u00e0 cinq ans de prison dans ce dossier. Il a pass\u00e9 20 jours en d\u00e9tention \u00e0 la prison parisienne de la Sant\u00e9, un fait in\u00e9dit pour un ex-pr\u00e9sident dans l\u2019histoire de la R\u00e9publique fran\u00e7aise.<\/p>\n<p class=\"asset asset-text\">Nicolas Sarkozy a fait appel et doit \u00eatre rejug\u00e9 \u00e0 partir du 16\u00a0mars\u00a02026. L\u2019ancien pr\u00e9sident avait vivement attaqu\u00e9 les juges apr\u00e8s sa condamnation, d\u00e9non\u00e7ant une d\u00e9cision motiv\u00e9e selon lui par la \u00ab\u00a0haine\u00a0\u00bb des magistrats \u00e0 son \u00e9gard.<\/p>\n<p class=\"asset asset-text\">Parall\u00e8lement au r\u00e9quisitoire du Parquet national financier, dirig\u00e9 par le magistrat Jean-Fran\u00e7ois Bohnert, qui doit tr\u00e8s prochainement quitter ses fonctions, des demandes d\u2019annulation de la proc\u00e9dure et des mises en examen sont toujours en cours devant la cour d\u2019appel de Paris, sans qu\u2019une date d\u2019audience ne soit encore fix\u00e9e, a appris l\u2019AFP de source judiciaire.<\/p>\n","protected":false},"excerpt":{"rendered":"JULIEN DE ROSA \/ AFP Nicolas Sarkozy vers un nouveau proc\u00e8s, cette fois aux c\u00f4t\u00e9s de Carla Bruni&hellip;\n","protected":false},"author":2,"featured_media":604029,"comment_status":"","ping_status":"","sticky":false,"template":"","format":"standard","meta":{"footnotes":""},"categories":[2],"tags":[11,54862,1011,27,303,12,3091,25,8172],"class_list":{"0":"post-604028","1":"post","2":"type-post","3":"status-publish","4":"format-standard","5":"has-post-thumbnail","7":"category-actualites","8":"tag-actualites","9":"tag-financement-libyen","10":"tag-fr","11":"tag-france","12":"tag-justice","13":"tag-news","14":"tag-nicolas-sarkozy","15":"tag-republique-francaise","16":"tag-ziad-takieddine"},"share_on_mastodon":{"url":"https:\/\/pubeurope.com\/@fr\/115731935663970162","error":""},"_links":{"self":[{"href":"https:\/\/www.europesays.com\/fr\/wp-json\/wp\/v2\/posts\/604028","targetHints":{"allow":["GET"]}}],"collection":[{"href":"https:\/\/www.europesays.com\/fr\/wp-json\/wp\/v2\/posts"}],"about":[{"href":"https:\/\/www.europesays.com\/fr\/wp-json\/wp\/v2\/types\/post"}],"author":[{"embeddable":true,"href":"https:\/\/www.europesays.com\/fr\/wp-json\/wp\/v2\/users\/2"}],"replies":[{"embeddable":true,"href":"https:\/\/www.europesays.com\/fr\/wp-json\/wp\/v2\/comments?post=604028"}],"version-history":[{"count":0,"href":"https:\/\/www.europesays.com\/fr\/wp-json\/wp\/v2\/posts\/604028\/revisions"}],"wp:featuredmedia":[{"embeddable":true,"href":"https:\/\/www.europesays.com\/fr\/wp-json\/wp\/v2\/media\/604029"}],"wp:attachment":[{"href":"https:\/\/www.europesays.com\/fr\/wp-json\/wp\/v2\/media?parent=604028"}],"wp:term":[{"taxonomy":"category","embeddable":true,"href":"https:\/\/www.europesays.com\/fr\/wp-json\/wp\/v2\/categories?post=604028"},{"taxonomy":"post_tag","embeddable":true,"href":"https:\/\/www.europesays.com\/fr\/wp-json\/wp\/v2\/tags?post=604028"}],"curies":[{"name":"wp","href":"https:\/\/api.w.org\/{rel}","templated":true}]}}