{"id":604030,"date":"2025-12-16T23:52:14","date_gmt":"2025-12-16T23:52:14","guid":{"rendered":"https:\/\/www.europesays.com\/fr\/604030\/"},"modified":"2025-12-16T23:52:14","modified_gmt":"2025-12-16T23:52:14","slug":"la-france-a-un-incroyable-talent-le-duo-emyo-remporte-la-saison-20-zaptv","status":"publish","type":"post","link":"https:\/\/www.europesays.com\/fr\/604030\/","title":{"rendered":"La France a un incroyable talent : le duo EmYo remporte la saison 20 (ZAPTV)"},"content":{"rendered":"<p>Ce mardi 16 d\u00e9cembre 2025 est diffus\u00e9e sur M6 <a href=\"https:\/\/www.voici.fr\/television\/la-france-a-un-incroyable-talent-qui-sont-les-finalistes-de-l-edition-2025-816309\" target=\"_blank\" rel=\"noopener\"><strong>la grande finale de l&rsquo;\u00e9mission <\/strong><strong>La France a un incroyable talent<\/strong><\/a><strong>, saison 20<\/strong>. Diffus\u00e9e en prime time, les dix finalistes ont livr\u00e9, chacun leur tour, des prestations de prestige pour clore en beaut\u00e9 la saison. <strong>Le jury, compos\u00e9 de <\/strong><a href=\"https:\/\/www.voici.fr\/bios-people\/marianne-james\" data-link-people=\"c0f23357-0bfe-4378-a547-acf9953b13e9\" target=\"_blank\" rel=\"noopener\"><strong>Marianne James<\/strong><\/a><strong>,<\/strong><a href=\"https:\/\/www.voici.fr\/celebrites\/cest-quelqu-un-qui-me-protege-eric-antoine-se-confie-sur-sa-relation-amoureuse-avec-gennifer-demey-816558\" target=\"_blank\" rel=\"noopener\"><strong> Eric Antoine<\/strong><\/a><strong>, <\/strong><a href=\"https:\/\/www.voici.fr\/bios-people\/sugar-sammy\" data-link-people=\"0ba2261f-fd77-454f-9147-f106a6d79a28\" target=\"_blank\" rel=\"noopener\"><strong>Sugar Sammy<\/strong><\/a><strong> et <\/strong><a href=\"https:\/\/www.voici.fr\/celebrites\/je-ne-voulais-pas-quon-me-voie-diminuee-pourquoi-helene-segara-malade-a-cache-etre-a-l-hopital-816495\" target=\"_blank\" rel=\"noopener\"><strong>H\u00e9l\u00e8ne S\u00e9gara<\/strong><\/a><strong>, a exprim\u00e9 son admiration pour la qualit\u00e9 et l\u2019originalit\u00e9 des prestations <\/strong>pr\u00e9sent\u00e9es lors de cette finale, apr\u00e8s neuf semaines hautes en \u00e9motions. Apr\u00e8s plusieurs heures de show, c&rsquo;est le public qui a finalement tranch\u00e9, non sans mal. <strong>C&rsquo;est le duo EmYo<\/strong>, <strong>le couple d&rsquo;anciens gymnastes et acrobates po\u00e9tiques, qui a finalement remport\u00e9 cette vingti\u00e8me \u00e9dition et le ch\u00e8que de 100.000 euros,<\/strong> sous le regard admiratif des autres candidats au titre.<\/p>\n<p>Le duo EmYo remporte La France a un incroyable talent 2025<\/p>\n<p>C\u2019est finalement le duo EmYo qui s\u2019est impos\u00e9 face aux neuf autres candidats de La France a un incroyable talent, saison 20. <strong>Le couple, qui travaille main dans la main avec sa famille, a livr\u00e9 une prestation d\u2019exception lors de la grande finale<\/strong>. Un spectacle d\u00e9cisif, qui a \u00e9mu <a href=\"https:\/\/www.voici.fr\/bios-people\/helene-segara\" data-link-people=\"40db808f-287d-4cac-9a6f-37d5550222cb\" target=\"_blank\" rel=\"noopener\">H\u00e9l\u00e8ne S\u00e9gara<\/a> jusqu\u2019aux larmes. Ce mardi 16 d\u00e9cembre, le duo EmYo s\u2019est surpass\u00e9 en proposant <strong>un num\u00e9ro d\u2019acrobatie alliant exigence technique et po\u00e9sie, un m\u00e9lange subtil qui a d\u00e9finitivement conquis le c\u0153ur des t\u00e9l\u00e9spectateurs.<\/strong><\/p>\n<p>Qui sont les finalistes de la saison 20 ?<\/p>\n<p>Cette ann\u00e9e, plus que jamais, tous les candidats ont brill\u00e9 par leur excellence et leur diversit\u00e9. En effet, chaque artiste (ou bien chaque troupe) poss\u00e9dait sa sp\u00e9cialit\u00e9. Entre magie, danse, musique, acrobatie&#8230; le public du concours fran\u00e7ais a \u00e9t\u00e9 servi. Parmi les neuf finalistes face au duo EmYo se trouvaient <strong>Tim\u00e9o<\/strong>, le virtuose de la guitare \u00e2g\u00e9 de seulement 10 ans ; <strong>Eden Choi<\/strong>, le  magicien sud-cor\u00e9en<strong> <\/strong>au style po\u00e9tique ; <strong>Herwan Legaillard<\/strong>,<strong> <\/strong>un<strong> <\/strong>artiste a\u00e9rien connu pour avaler des sabres et des \u00e9p\u00e9es pendant ses prestations ; <strong>Tataki, <\/strong>la troupe de danseurs \u00e9nergiques chor\u00e9graphi\u00e9e par Johanna Aparicio ; <strong>Thomas Rochelet<\/strong>,<strong> <\/strong>l&rsquo;acrobate sp\u00e9cialiste des sangles a\u00e9riennes ; <strong>Dagim Ayten<\/strong>, un artiste solo qui s&rsquo;illustre dans des num\u00e9ros acrobatiques \u00e0 l\u2019\u00e9chelle ; <strong>Cl\u00e9ment Blouin<\/strong>, un magicien et humoriste unique en son genre ; <strong>Airfootworks<\/strong>, le trio de danseurs qui allie prouesses acrobatiques et chor\u00e9graphie millim\u00e9tr\u00e9e ; et enfin <strong>Antoine D\u00e9lie<\/strong>, un chanteur et pianiste talentueux.<\/p>\n","protected":false},"excerpt":{"rendered":"Ce mardi 16 d\u00e9cembre 2025 est diffus\u00e9e sur M6 la grande finale de l&rsquo;\u00e9mission La France a un&hellip;\n","protected":false},"author":2,"featured_media":604031,"comment_status":"","ping_status":"","sticky":false,"template":"","format":"standard","meta":{"footnotes":""},"categories":[4],"tags":[11,2396,1011,27,5366,494,12,25,26964,1364],"class_list":{"0":"post-604030","1":"post","2":"type-post","3":"status-publish","4":"format-standard","5":"has-post-thumbnail","7":"category-france","8":"tag-actualites","9":"tag-finale","10":"tag-fr","11":"tag-france","12":"tag-la-france-a-un-incroyable-talent","13":"tag-m6","14":"tag-news","15":"tag-republique-francaise","16":"tag-tu00e9lu00e9vision","17":"tag-tv"},"share_on_mastodon":{"url":"https:\/\/pubeurope.com\/@fr\/115731938843517808","error":""},"_links":{"self":[{"href":"https:\/\/www.europesays.com\/fr\/wp-json\/wp\/v2\/posts\/604030","targetHints":{"allow":["GET"]}}],"collection":[{"href":"https:\/\/www.europesays.com\/fr\/wp-json\/wp\/v2\/posts"}],"about":[{"href":"https:\/\/www.europesays.com\/fr\/wp-json\/wp\/v2\/types\/post"}],"author":[{"embeddable":true,"href":"https:\/\/www.europesays.com\/fr\/wp-json\/wp\/v2\/users\/2"}],"replies":[{"embeddable":true,"href":"https:\/\/www.europesays.com\/fr\/wp-json\/wp\/v2\/comments?post=604030"}],"version-history":[{"count":0,"href":"https:\/\/www.europesays.com\/fr\/wp-json\/wp\/v2\/posts\/604030\/revisions"}],"wp:featuredmedia":[{"embeddable":true,"href":"https:\/\/www.europesays.com\/fr\/wp-json\/wp\/v2\/media\/604031"}],"wp:attachment":[{"href":"https:\/\/www.europesays.com\/fr\/wp-json\/wp\/v2\/media?parent=604030"}],"wp:term":[{"taxonomy":"category","embeddable":true,"href":"https:\/\/www.europesays.com\/fr\/wp-json\/wp\/v2\/categories?post=604030"},{"taxonomy":"post_tag","embeddable":true,"href":"https:\/\/www.europesays.com\/fr\/wp-json\/wp\/v2\/tags?post=604030"}],"curies":[{"name":"wp","href":"https:\/\/api.w.org\/{rel}","templated":true}]}}