{"id":604059,"date":"2025-12-17T00:13:15","date_gmt":"2025-12-17T00:13:15","guid":{"rendered":"https:\/\/www.europesays.com\/fr\/604059\/"},"modified":"2025-12-17T00:13:15","modified_gmt":"2025-12-17T00:13:15","slug":"dhabitude-cest-bonde-a-une-semaine-de-noel-le-bhv-ne-fait-pas-le-plein","status":"publish","type":"post","link":"https:\/\/www.europesays.com\/fr\/604059\/","title":{"rendered":"\u00ab\u00a0D\u2019habitude, c\u2019est bond\u00e9\u00a0\u00bb\u00a0: \u00e0 une semaine de No\u00ebl, le BHV ne fait pas le plein"},"content":{"rendered":"<p class=\"paragraph text_align_left lp-f-body-02\">\u00ab La r\u00eaverie de No\u00ebl \u00bb affich\u00e9e en slogan \u00e0 l\u2019entr\u00e9e et dans les \u00e9tages du BHV Marais (VIe) cacherait-elle une autre r\u00e9alit\u00e9 ? Le grand magasin de la rue de Rivoli a \u00e9rig\u00e9 <a href=\"https:\/\/www.leparisien.fr\/paris-75\/on-ne-va-pas-faire-de-cadeau-la-ville-de-paris-prive-le-bhv-de-ses-animations-de-noel-rue-de-rivoli-18-11-2025-RS2BY4G6EZEN3NQHFVK3MC5AAQ.php\" target=\"_blank\" rel=\"noreferrer noopener\">sapins et d\u00e9corations<\/a> \u00e0 l\u2019heure des f\u00eates de fin d\u2019ann\u00e9e. Mais pour de nombreux commer\u00e7ants du Bazar de l\u2019H\u00f4tel de Ville rencontr\u00e9s \u00e0 seulement une semaine du 24 d\u00e9cembre, ce n\u2019est pas l\u2019affluence esp\u00e9r\u00e9e.<\/p>\n<p class=\"\">\u00ab Nous avons une personne en renfort pour la p\u00e9riode des f\u00eates. Mais on constate qu\u2019il y a moins de monde \u00bb, remarque le vendeur d\u2019un corner du rez-de-chauss\u00e9e. \u00ab L\u2019espace bijou a \u00e9t\u00e9 un peu renflou\u00e9, certes on est en d\u00e9but de semaine, mais ce n\u2019est pas la cohue \u00bb, confie un voisin d\u2019un stand de cosm\u00e9tique.<\/p>\n","protected":false},"excerpt":{"rendered":"\u00ab La r\u00eaverie de No\u00ebl \u00bb affich\u00e9e en slogan \u00e0 l\u2019entr\u00e9e et dans les \u00e9tages du BHV Marais&hellip;\n","protected":false},"author":2,"featured_media":604060,"comment_status":"","ping_status":"","sticky":false,"template":"","format":"standard","meta":{"footnotes":""},"categories":[6],"tags":[35,33,34,1011,27,1944,626],"class_list":{"0":"post-604059","1":"post","2":"type-post","3":"status-publish","4":"format-standard","5":"has-post-thumbnail","7":"category-economie","8":"tag-business","9":"tag-economie","10":"tag-economy","11":"tag-fr","12":"tag-france","13":"tag-ma-ville","14":"tag-paris"},"share_on_mastodon":{"url":"https:\/\/pubeurope.com\/@fr\/115732021661778493","error":""},"_links":{"self":[{"href":"https:\/\/www.europesays.com\/fr\/wp-json\/wp\/v2\/posts\/604059","targetHints":{"allow":["GET"]}}],"collection":[{"href":"https:\/\/www.europesays.com\/fr\/wp-json\/wp\/v2\/posts"}],"about":[{"href":"https:\/\/www.europesays.com\/fr\/wp-json\/wp\/v2\/types\/post"}],"author":[{"embeddable":true,"href":"https:\/\/www.europesays.com\/fr\/wp-json\/wp\/v2\/users\/2"}],"replies":[{"embeddable":true,"href":"https:\/\/www.europesays.com\/fr\/wp-json\/wp\/v2\/comments?post=604059"}],"version-history":[{"count":0,"href":"https:\/\/www.europesays.com\/fr\/wp-json\/wp\/v2\/posts\/604059\/revisions"}],"wp:featuredmedia":[{"embeddable":true,"href":"https:\/\/www.europesays.com\/fr\/wp-json\/wp\/v2\/media\/604060"}],"wp:attachment":[{"href":"https:\/\/www.europesays.com\/fr\/wp-json\/wp\/v2\/media?parent=604059"}],"wp:term":[{"taxonomy":"category","embeddable":true,"href":"https:\/\/www.europesays.com\/fr\/wp-json\/wp\/v2\/categories?post=604059"},{"taxonomy":"post_tag","embeddable":true,"href":"https:\/\/www.europesays.com\/fr\/wp-json\/wp\/v2\/tags?post=604059"}],"curies":[{"name":"wp","href":"https:\/\/api.w.org\/{rel}","templated":true}]}}