{"id":60406,"date":"2025-04-28T23:11:09","date_gmt":"2025-04-28T23:11:09","guid":{"rendered":"https:\/\/www.europesays.com\/fr\/60406\/"},"modified":"2025-04-28T23:11:09","modified_gmt":"2025-04-28T23:11:09","slug":"ils-vont-dissuader-encore-plus-les-vocations-pourquoi-sos-medecins-sera-a-larret-ce-mardi-dans-laire-toulonnaise","status":"publish","type":"post","link":"https:\/\/www.europesays.com\/fr\/60406\/","title":{"rendered":"\u00ab\u00a0Ils vont dissuader encore plus les vocations\u00a0\u00bb: pourquoi SOS m\u00e9decins sera \u00e0 l&rsquo;arr\u00eat ce mardi dans l&rsquo;aire toulonnaise"},"content":{"rendered":"<p>Dans l\u2019aire toulonnaise comme dans toute la France, SOS M\u00e9decins va manifester son profond rejet de la proposition de loi du d\u00e9put\u00e9 Guillaume Garot, et des propositions du premier ministre. \u00ab\u00a0Nous serons \u00e0 l\u2019arr\u00eat ce mardi 29 avril, conform\u00e9ment \u00e0 <a href=\"https:\/\/sosmedecins-france.fr\/actualite\/sos-medecins-france-solidaire-de-la-mobilisation-du-29-avril-contre-la-restriction-de-la-liberte-dinstallation\/\" target=\"_blank\" rel=\"noopener nofollow\">l\u2019appel national de SOS m\u00e9decins France contre la restriction de la libert\u00e9 d\u2019installation.\u00a0<\/a>Et encore, une majorit\u00e9 de l\u2019association se tenait m\u00eame pr\u00eate \u00e0 suivre le mouvement 48 heures, pour bien marquer le coup\u00a0\u00bb, r\u00e9sume le docteur G\u00e9rald Dauphin, pr\u00e9sident de SOS m\u00e9decins Toulon Provence M\u00e9diterran\u00e9e.<\/p>\n<p>En l\u2019occurrence, \u00ab\u00a0le probl\u00e8me est mal pos\u00e9, et les solutions propos\u00e9es ne sont pas bonnes. Comment voulez-vous r\u00e9partir quelque chose&#8230; que vous n\u2019avez pas? On n\u2019a d\u00e9j\u00e0 pas assez de m\u00e9decins en ville, donc en contraindre \u00e0 s\u2019installer \u00e0 la campagne ne r\u00e9soudra aucun probl\u00e8me&#8230;\u00a0\u00bb<\/p>\n<p>Le docteur Urfan Ashraf, secr\u00e9taire g\u00e9n\u00e9ral de Sos m\u00e9decins France, souligne de son c\u00f4t\u00e9 que \u00ab\u00a0les m\u00e9decins SOS partagent l\u2019inqui\u00e9tude d\u2019une g\u00e9n\u00e9ration de professionnels de sant\u00e9 d\u00e9j\u00e0 confront\u00e9e \u00e0 des conditions d\u2019exercice d\u00e9grad\u00e9es, et pour qui l\u2019engagement en m\u00e9decine de ville doit rester un choix, non une contrainte.\u00a0\u00bb<\/p>\n<p>Pr\u00e9sident national, le docteur Philippe Paranque ajoute: \u00ab\u00a0Acteur de terrain et force de proposition depuis toujours, Sos m\u00e9decins ne peut que s\u2019opposer \u00e0 une loi liberticide qui rompt avec l\u2019esprit de concertation et pr\u00e9f\u00e8re imposer par la contrainte plut\u00f4t que construire par la conviction.\u00a0\u00bb<\/p>\n<p>\u00ab\u00a0Il faut de l\u2019incitation, l\u00e0 c\u2019est le contraire&#8230;\u00a0\u00bb<\/p>\n<p>A leurs yeux, \u00ab\u00a0forcer de jeunes docteurs \u00e0 s\u2019installer en zone rurale, alors que rien de tel n\u2019\u00e9tait stipul\u00e9 lorsqu\u2019ils ont commenc\u00e9 leurs \u00e9tudes de m\u00e9decine \u2013 \u00ab\u00a0lib\u00e9rale!\u00a0\u00bb \u2013 rel\u00e8ve de la contrainte, et d\u2019une forme d\u2019injustice\u00a0\u00bb, estime encore le docteur Dauphin. \u00ab\u00a0Avec ce genre de mesures, ils parviendront juste \u00e0 dissuader un peu plus les vocations. Alors que c\u2019est le contraire qu\u2019il faut faire, rendre cette vocation plus attractive, en proposant des mesures incitatives\u00a0\u00bb.<\/p>\n<p>Le pr\u00e9sident de SOS m\u00e9decins TPM voit m\u00eame une forme d\u2019ironie \u00ab\u00a0dans le fait que l\u2019Etat souhaiterait forcer des m\u00e9decins \u00e0 s\u2019installer dans des territoires desquels lui-m\u00eame se d\u00e9sengage depuis bien longtemps&#8230;\u00a0\u00bb<\/p>\n","protected":false},"excerpt":{"rendered":"Dans l\u2019aire toulonnaise comme dans toute la France, SOS M\u00e9decins va manifester son profond rejet de la proposition&hellip;\n","protected":false},"author":2,"featured_media":60407,"comment_status":"","ping_status":"","sticky":false,"template":"","format":"standard","meta":{"footnotes":""},"categories":[9619],"tags":[1111,11,1777,674,1011,27,802,12,316,882,25,71,801,2310],"class_list":{"0":"post-60406","1":"post","2":"type-post","3":"status-publish","4":"format-standard","5":"has-post-thumbnail","7":"category-toulon","8":"tag-actu","9":"tag-actualites","10":"tag-eu","11":"tag-europe","12":"tag-fr","13":"tag-france","14":"tag-greves-et-mouvements-sociaux","15":"tag-news","16":"tag-politique","17":"tag-provence-alpes-cote-dazur","18":"tag-republique-francaise","19":"tag-sante","20":"tag-social","21":"tag-toulon"},"share_on_mastodon":{"url":"https:\/\/pubeurope.com\/@fr\/114418121749320075","error":""},"_links":{"self":[{"href":"https:\/\/www.europesays.com\/fr\/wp-json\/wp\/v2\/posts\/60406","targetHints":{"allow":["GET"]}}],"collection":[{"href":"https:\/\/www.europesays.com\/fr\/wp-json\/wp\/v2\/posts"}],"about":[{"href":"https:\/\/www.europesays.com\/fr\/wp-json\/wp\/v2\/types\/post"}],"author":[{"embeddable":true,"href":"https:\/\/www.europesays.com\/fr\/wp-json\/wp\/v2\/users\/2"}],"replies":[{"embeddable":true,"href":"https:\/\/www.europesays.com\/fr\/wp-json\/wp\/v2\/comments?post=60406"}],"version-history":[{"count":0,"href":"https:\/\/www.europesays.com\/fr\/wp-json\/wp\/v2\/posts\/60406\/revisions"}],"wp:featuredmedia":[{"embeddable":true,"href":"https:\/\/www.europesays.com\/fr\/wp-json\/wp\/v2\/media\/60407"}],"wp:attachment":[{"href":"https:\/\/www.europesays.com\/fr\/wp-json\/wp\/v2\/media?parent=60406"}],"wp:term":[{"taxonomy":"category","embeddable":true,"href":"https:\/\/www.europesays.com\/fr\/wp-json\/wp\/v2\/categories?post=60406"},{"taxonomy":"post_tag","embeddable":true,"href":"https:\/\/www.europesays.com\/fr\/wp-json\/wp\/v2\/tags?post=60406"}],"curies":[{"name":"wp","href":"https:\/\/api.w.org\/{rel}","templated":true}]}}