{"id":604061,"date":"2025-12-17T00:14:18","date_gmt":"2025-12-17T00:14:18","guid":{"rendered":"https:\/\/www.europesays.com\/fr\/604061\/"},"modified":"2025-12-17T00:14:18","modified_gmt":"2025-12-17T00:14:18","slug":"comment-trump-a-invente-une-maladie-pour-discrediter-ses-adversaires-politiques","status":"publish","type":"post","link":"https:\/\/www.europesays.com\/fr\/604061\/","title":{"rendered":"Comment Trump a invent\u00e9 une maladie pour discr\u00e9diter ses adversaires politiques"},"content":{"rendered":"<p>Donald Trump aurait-il invent\u00e9 un nouveau trouble mental\u00a0? On parle bien du pr\u00e9sident am\u00e9ricain qui avait sugg\u00e9r\u00e9 de <a href=\"https:\/\/www.20minutes.fr\/monde\/2766947-20200424-coronavirus-trump-suggere-injection-desinfectant-uv-contre-covid-19-medecins-horrifies\" class=\"c-link c-link--is-underlined\" target=\"_blank\" rel=\"noopener\">soigner le Covid-19 en buvant de l\u2019eau de javel<\/a>\u2026 Qu\u2019est-ce donc que le \u00ab\u00a0Trump Derangement Syndrome\u00a0\u00bb ou TDS\u00a0? Ce concept invent\u00e9 par les partisans de Donald Trump vise \u00e0 disqualifier toute critique \u00e0 son \u00e9gard, sugg\u00e9rant que les opposants au pr\u00e9sident seraient atteints d\u2019une pathologie mentale qui les rendrait irrationnels et obsessionnellement hostiles.<\/p>\n<\/p>\n<p>Une proposition de loi d\u00e9pos\u00e9e en mai\u00a02025 par les s\u00e9nateurs r\u00e9publicains Warren Davidson et Barry Moore demande aux Instituts Nationaux de la Sant\u00e9 d\u2019\u00e9tudier cette pr\u00e9tendue \u00ab\u00a0\u00e9pid\u00e9mie qui touche la gauche\u00a0\u00bb. Selon eux, le TDS est \u00ab\u00a0un \u00e9tat d\u2019esprit toxique\u00a0\u00bb qui a pour cons\u00e9quence de \u00ab\u00a0diviser les familles, le pays, et provoquer un climat de violence nationale.\u00a0\u00bb<\/p>\n<p>L\u2019ind\u00e9cence selon Trump<\/p>\n<p><a href=\"https:\/\/www.20minutes.fr\/dossier\/donald_trump\" class=\"c-link c-link--is-underlined\" target=\"_blank\" rel=\"noopener\">Donald Trump lui-m\u00eame<\/a> utilise ce concept pour expliquer qu\u2019Elon Musk a fini par le l\u00e2cher. R\u00e9cemment il a diagnostiqu\u00e9 ce mal imaginaire <a href=\"https:\/\/www.20min.ch\/fr\/story\/etats-unis-pour-trump-reiner-a-ete-tue-a-cause-de-sa-nevrose-anti-trump-103470536\" target=\"_blank\" class=\"c-link c-link--is-underlined\" rel=\"noopener\">chez le r\u00e9alisateur Rob Reiner<\/a>, assassin\u00e9 aux c\u00f4t\u00e9 de sa femme. Dans un message sur son r\u00e9seau social, il a expliqu\u00e9\u00a0:<\/p>\n<blockquote class=\"mx-m@xs mx-xxl@md color-ultramarine c-citation\">\n<p class=\"font-weight-regular@xs text-italic font-source-serif-pro text-l@xs c-citation__content\">\u00ab\u00a0\u00ab\u00a0Rob Reiner est apparemment mort \u00e0 cause de la col\u00e8re que provoquait, chez d\u2019autres, son TDS. Il \u00e9tait connu pour rendre les gens fous par son obsession enrag\u00e9e contre le pr\u00e9sident Donald Trump. Sa parano\u00efa \u00e9vidente a atteint de nouveaux sommets tandis que l\u2019Administration Trump remplissait tous ses objectifs et d\u00e9passait toutes les esp\u00e9rances.\u00a0\u00bb\u00a0\u00bb<\/p>\n<\/blockquote>\n<p>Outre <a href=\"https:\/\/www.mediapart.fr\/journal\/fil-dactualites\/151225\/trump-lie-la-mort-du-realisateur-rob-reiner-son-anti-trumpisme-enrage\" rel=\"nofollow noopener\" target=\"_blank\" class=\"c-link c-link--is-underlined\">la vulgarit\u00e9 de ce message <\/a>post\u00e9 le jour m\u00eame de la mort d\u2019une personne, Donald Trump s\u2019approprie ainsi un concept utilis\u00e9 pour discr\u00e9diter toutes les critiques qui lui sont faites. A ses yeux, cette pr\u00e9tendue pathologie invalide les arguments de ses opposants renvoy\u00e9s au statut de <a href=\"https:\/\/www.politico.com\/news\/2025\/12\/15\/trump-rob-reiner-death-00690682\" rel=\"nofollow noopener\" target=\"_blank\" class=\"c-link c-link--is-underlined\">malades mentaux victimes d\u2019une rage irraisonn\u00e9e<\/a> et sans fondement.<\/p>\n<p>\u00ab\u00a0Le registre de l\u2019obsession, la rage et la peur\u00a0\u00bb<\/p>\n<p>Dans le Wall Street Journal, le psychoth\u00e9rapeute Jonathan Alpert a analys\u00e9 cette pathologie et y a reconnu \u00ab\u00a0des sympt\u00f4mes.\u00a0\u00bb Pour le psychoth\u00e9rapeute, \u00ab\u00a0nombreuses sont les personnes qui ne parviennent pas \u00e0 ne pas penser \u00e0 Donald Trump, en d\u00e9pit de leurs efforts. Elles interpr\u00e8tent chacun des actes du pr\u00e9sident comme une attaque contre la d\u00e9mocratie et une menace \u00e0 leur propre s\u00e9curit\u00e9.\u00a0\u00bb Pour Jonathan Alper, on constate alors que ces personnes \u00e9voquent Donald Trump \u00ab\u00a0non pas pour discuter politique, mais pour aller dans le registre de l\u2019obsession, la rage et la peur.\u00a0\u00bb<\/p>\n<p>Les <a href=\"https:\/\/www.lemonde.fr\/m-le-mag\/article\/2025\/12\/15\/donald-trump-un-president-qui-rend-fou_6657746_4500055.html\" target=\"_blank\" class=\"c-link c-link--is-underlined\" rel=\"noopener\">observateurs politiques am\u00e9ricains<\/a> sont habitu\u00e9s \u00e0 ce ph\u00e9nom\u00e8ne. A tel point qu\u2019en\u00a02003, d\u00e9j\u00e0, avait \u00e9t\u00e9 conceptualis\u00e9 le \u00ab\u00a0Bush Derangement Syndrome\u00a0\u00bb durant la pr\u00e9sidence de George W. Bush, notamment lors de l\u2019invasion de l\u2019Irak par les Etats- Unis. Dans le Washington Post, le journaliste Charles Krauthammer, journaliste politique conservateur, inventait alors le BDS qu\u2019il d\u00e9crivait comme\u00a0:<\/p>\n<blockquote class=\"mx-m@xs mx-xxl@md color-ultramarine c-citation\">\n<p class=\"font-weight-regular@xs text-italic font-source-serif-pro text-l@xs c-citation__content\">\u00ab\u00a0une soudaine parano\u00efa qui affecte des personnes, par ailleurs normales, en r\u00e9action \u00e0 la politique, \u00e0 la pr\u00e9sidence, voire \u00e0 l\u2019existence m\u00eame de George W. Bush.\u00a0\u00bb<\/p>\n<\/blockquote>\n<p>Des \u00ab\u00a0President Derangement Syndromes\u00a0\u00bb depuis\u00a02003<\/p>\n<p>Pour Charles Krauthammer, le \u00ab\u00a0Trump Derangement Syndrome\u00a0\u00bb d\u00e9montre \u00ab\u00a0au-del\u00e0 de l\u2019hyst\u00e9rie g\u00e9n\u00e9rale autour du sujet\u00a0\u00bb, une \u00ab\u00a0incapacit\u00e9 \u00e0 faire la diff\u00e9rence entre les divergences politiques l\u00e9gitimes et les signes de troubles psychiques.\u00a0\u00bb Lors de la pr\u00e9sidence Obama, un \u00ab\u00a0Obama Derangement Syndrome\u00a0\u00bb avait \u00e9galement \u00e9t\u00e9 d\u00e9crit, mais tr\u00e8s peu repris dans les \u00e9ditoriaux. Pour Jonathan Alpert, ces diff\u00e9rents \u00ab\u00a0President Derangement Syndromes\u00a0\u00bb ont en commun de d\u00e9crire \u00ab\u00a0une r\u00e9alit\u00e9 psychologique dans laquelle une figure politique devient le symbole de la menace et de la perte de contr\u00f4le.\u00a0\u00bb<\/p>\n<blockquote class=\"mx-m@xs mx-xxl@md color-ultramarine c-citation\">\n<p class=\"font-weight-regular@xs text-italic font-source-serif-pro text-l@xs c-citation__content\">\u00ab\u00a0Ce n\u2019est pas Donald Trump lui-m\u00eame qui est la pathologie, mais le d\u00e9clencheur. Pour beaucoup, il agit comme un \u00e9cran psychologique sur lequel se projettent des peurs et des ins\u00e9curit\u00e9s non r\u00e9solues. Le d\u00e9saccord politique se transforme en menace personnelle per\u00e7ue. Un groupe plus restreint de partisans de Trump a des r\u00e9actions similaires, mais d\u2019intensit\u00e9 inverse : ils ressentent de la col\u00e8re et un sentiment de pers\u00e9cution chaque fois que Donald Trump est critiqu\u00e9, comme si une attaque contre lui \u00e9tait une attaque contre eux.\u00a0\u00bb<\/p>\n<\/blockquote>\n<p>Une boucle infinie<\/p>\n<p>Instrumentalis\u00e9 depuis son premier mandat par les partisans de Trump, l\u2019argument TDS appara\u00eet, pour de nombreux psychiatres, comme le sympt\u00f4me d\u2019une Am\u00e9rique malade de la radicalisation des expressions politiques. Une tribune de professionnels de sant\u00e9 a point\u00e9 le pr\u00e9tendu TDS comme la preuve que la sant\u00e9 mentale des Am\u00e9ricains s\u2019est d\u00e9t\u00e9rior\u00e9e sous les pr\u00e9sidences Trump.<\/p>\n<p><a href=\"https:\/\/www.20minutes.fr\/sante\/sante-mentale\/\" class=\"c-link c-btn c-btn--primary\" target=\"_blank\" rel=\"noopener\">Nos articles sur la sant\u00e9 mentale<\/a><\/p>\n<p>L\u2019hyper communication pr\u00e9sidentielle, avec un Donald Trump qui s\u2019autorise outrances, mensonges et revirements quotidiens, cr\u00e9ent, chez ses opposants autant que ses partisans, une tension psychologique. Un \u00ab\u00a0derangement\u00a0\u00bb bien r\u00e9el celui-l\u00e0.<\/p>\n","protected":false},"excerpt":{"rendered":"Donald Trump aurait-il invent\u00e9 un nouveau trouble mental\u00a0? On parle bien du pr\u00e9sident am\u00e9ricain qui avait sugg\u00e9r\u00e9 de&hellip;\n","protected":false},"author":2,"featured_media":604062,"comment_status":"","ping_status":"","sticky":false,"template":"","format":"standard","meta":{"footnotes":""},"categories":[5],"tags":[11,7904,75,46,1011,27,142,14,74,12,71,22283,28],"class_list":{"0":"post-604061","1":"post","2":"type-post","3":"status-publish","4":"format-standard","5":"has-post-thumbnail","7":"category-international","8":"tag-actualites","9":"tag-by-the-web","10":"tag-donald-trump","11":"tag-elon-musk","12":"tag-fr","13":"tag-france","14":"tag-high-tech","15":"tag-international","16":"tag-monde","17":"tag-news","18":"tag-sante","19":"tag-wall-street-journal","20":"tag-world"},"share_on_mastodon":{"url":"https:\/\/pubeurope.com\/@fr\/115732025446753078","error":""},"_links":{"self":[{"href":"https:\/\/www.europesays.com\/fr\/wp-json\/wp\/v2\/posts\/604061","targetHints":{"allow":["GET"]}}],"collection":[{"href":"https:\/\/www.europesays.com\/fr\/wp-json\/wp\/v2\/posts"}],"about":[{"href":"https:\/\/www.europesays.com\/fr\/wp-json\/wp\/v2\/types\/post"}],"author":[{"embeddable":true,"href":"https:\/\/www.europesays.com\/fr\/wp-json\/wp\/v2\/users\/2"}],"replies":[{"embeddable":true,"href":"https:\/\/www.europesays.com\/fr\/wp-json\/wp\/v2\/comments?post=604061"}],"version-history":[{"count":0,"href":"https:\/\/www.europesays.com\/fr\/wp-json\/wp\/v2\/posts\/604061\/revisions"}],"wp:featuredmedia":[{"embeddable":true,"href":"https:\/\/www.europesays.com\/fr\/wp-json\/wp\/v2\/media\/604062"}],"wp:attachment":[{"href":"https:\/\/www.europesays.com\/fr\/wp-json\/wp\/v2\/media?parent=604061"}],"wp:term":[{"taxonomy":"category","embeddable":true,"href":"https:\/\/www.europesays.com\/fr\/wp-json\/wp\/v2\/categories?post=604061"},{"taxonomy":"post_tag","embeddable":true,"href":"https:\/\/www.europesays.com\/fr\/wp-json\/wp\/v2\/tags?post=604061"}],"curies":[{"name":"wp","href":"https:\/\/api.w.org\/{rel}","templated":true}]}}