{"id":604067,"date":"2025-12-17T00:17:11","date_gmt":"2025-12-17T00:17:11","guid":{"rendered":"https:\/\/www.europesays.com\/fr\/604067\/"},"modified":"2025-12-17T00:17:11","modified_gmt":"2025-12-17T00:17:11","slug":"saint-etienne-chavanelle-le-lycee-etienne-mimard-veut-plus-de-filles-dans-les-filieres-scientifiques","status":"publish","type":"post","link":"https:\/\/www.europesays.com\/fr\/604067\/","title":{"rendered":"Saint-\u00c9tienne\/Chavanelle. Le lyc\u00e9e \u00c9tienne-Mimard veut plus de filles dans les fili\u00e8res scientifiques"},"content":{"rendered":"<p>Le lyc\u00e9e \u00c9tienne-Mimard offre un choix de formations allant du bac g\u00e9n\u00e9ral au bac technologique STI2D (sciences et technologies de l\u2019industrie et du d\u00e9veloppement durable). Bien qu\u2019il accueille des jeunes filles d\u00e8s la classe de 2nde , leur pr\u00e9sence dans les fili\u00e8res scientifiques et techniques avanc\u00e9es reste un d\u00e9fi. Ce constat est particuli\u00e8rement frappant dans les classes pr\u00e9paratoires aux grandes \u00e9coles (CPGE) du lyc\u00e9e qui compte actuellement 200 \u00e9l\u00e8ves, dont seulement 15\u00a0% sont des filles. Il est donc essentiel de valoriser ces fili\u00e8res aupr\u00e8s des lyc\u00e9ennes, de les sensibiliser concr\u00e8tement aux diff\u00e9rents m\u00e9tiers d\u2019ing\u00e9nieure et de d\u00e9passer les st\u00e9r\u00e9otypes persistants. C\u2019est dans cet esprit qu\u2019a eu lieu la deuxi\u00e8me \u00e9dition de l\u2019\u00e9v\u00e9nement \u00ab\u00a0STEM\u00a0: Filles en STI2D&#8230;<\/p>\n","protected":false},"excerpt":{"rendered":"Le lyc\u00e9e \u00c9tienne-Mimard offre un choix de formations allant du bac g\u00e9n\u00e9ral au bac technologique STI2D (sciences et&hellip;\n","protected":false},"author":2,"featured_media":604068,"comment_status":"","ping_status":"","sticky":false,"template":"","format":"standard","meta":{"footnotes":""},"categories":[9653],"tags":[1111,11,2430,7539,1057,1777,674,5016,1011,27,12,25,4001,7538],"class_list":{"0":"post-604067","1":"post","2":"type-post","3":"status-publish","4":"format-standard","5":"has-post-thumbnail","7":"category-saint-etienne","8":"tag-actu","9":"tag-actualites","10":"tag-auvergne-rhone-alpes","11":"tag-edition-loire-sud","12":"tag-education","13":"tag-eu","14":"tag-europe","15":"tag-formation-orientation","16":"tag-fr","17":"tag-france","18":"tag-news","19":"tag-republique-francaise","20":"tag-saint-etienne","21":"tag-saint-etienne-ville"},"share_on_mastodon":{"url":"https:\/\/pubeurope.com\/@fr\/115732037242174821","error":""},"_links":{"self":[{"href":"https:\/\/www.europesays.com\/fr\/wp-json\/wp\/v2\/posts\/604067","targetHints":{"allow":["GET"]}}],"collection":[{"href":"https:\/\/www.europesays.com\/fr\/wp-json\/wp\/v2\/posts"}],"about":[{"href":"https:\/\/www.europesays.com\/fr\/wp-json\/wp\/v2\/types\/post"}],"author":[{"embeddable":true,"href":"https:\/\/www.europesays.com\/fr\/wp-json\/wp\/v2\/users\/2"}],"replies":[{"embeddable":true,"href":"https:\/\/www.europesays.com\/fr\/wp-json\/wp\/v2\/comments?post=604067"}],"version-history":[{"count":0,"href":"https:\/\/www.europesays.com\/fr\/wp-json\/wp\/v2\/posts\/604067\/revisions"}],"wp:featuredmedia":[{"embeddable":true,"href":"https:\/\/www.europesays.com\/fr\/wp-json\/wp\/v2\/media\/604068"}],"wp:attachment":[{"href":"https:\/\/www.europesays.com\/fr\/wp-json\/wp\/v2\/media?parent=604067"}],"wp:term":[{"taxonomy":"category","embeddable":true,"href":"https:\/\/www.europesays.com\/fr\/wp-json\/wp\/v2\/categories?post=604067"},{"taxonomy":"post_tag","embeddable":true,"href":"https:\/\/www.europesays.com\/fr\/wp-json\/wp\/v2\/tags?post=604067"}],"curies":[{"name":"wp","href":"https:\/\/api.w.org\/{rel}","templated":true}]}}