{"id":604069,"date":"2025-12-17T00:18:13","date_gmt":"2025-12-17T00:18:13","guid":{"rendered":"https:\/\/www.europesays.com\/fr\/604069\/"},"modified":"2025-12-17T00:18:13","modified_gmt":"2025-12-17T00:18:13","slug":"saint-etienne-lassociation-de-maintien-et-daides-a-domicile-integre-un-nouveau-local","status":"publish","type":"post","link":"https:\/\/www.europesays.com\/fr\/604069\/","title":{"rendered":"Saint-\u00c9tienne. L\u2019Association de maintien et d\u2019aides \u00e0 domicile int\u00e8gre un nouveau local"},"content":{"rendered":"<p>Pr\u00e9sente depuis 1995 \u00e0 Saint-\u00c9tienne, l\u2019Association de maintien et d\u2019aides \u00e0 domicile (Amad) propose \u00e0 ses b\u00e9n\u00e9ficiaires, des personnes \u00e2g\u00e9es ou en situation de handicap, de leur d\u00e9l\u00e9guer des professionnels pour les assister dans l\u2019accomplissement des t\u00e2ches de la vie courante. Pr\u00e9c\u00e9demment install\u00e9e 48 rue Charles-de-Gaulle, elle vient de d\u00e9m\u00e9nager au 50 de la m\u00eame rue. Plus spacieux et plus visible, ce nouveau local de 100 m2 , pr\u00e9c\u00e9demment occup\u00e9&#8230;<\/p>\n","protected":false},"excerpt":{"rendered":"Pr\u00e9sente depuis 1995 \u00e0 Saint-\u00c9tienne, l\u2019Association de maintien et d\u2019aides \u00e0 domicile (Amad) propose \u00e0 ses b\u00e9n\u00e9ficiaires, des&hellip;\n","protected":false},"author":2,"featured_media":604070,"comment_status":"","ping_status":"","sticky":false,"template":"","format":"standard","meta":{"footnotes":""},"categories":[9653],"tags":[1111,11,2430,7539,1777,674,1011,27,12,25,4001,7538,104],"class_list":{"0":"post-604069","1":"post","2":"type-post","3":"status-publish","4":"format-standard","5":"has-post-thumbnail","7":"category-saint-etienne","8":"tag-actu","9":"tag-actualites","10":"tag-auvergne-rhone-alpes","11":"tag-edition-loire-sud","12":"tag-eu","13":"tag-europe","14":"tag-fr","15":"tag-france","16":"tag-news","17":"tag-republique-francaise","18":"tag-saint-etienne","19":"tag-saint-etienne-ville","20":"tag-societe"},"share_on_mastodon":{"url":"https:\/\/pubeurope.com\/@fr\/115732041277474431","error":""},"_links":{"self":[{"href":"https:\/\/www.europesays.com\/fr\/wp-json\/wp\/v2\/posts\/604069","targetHints":{"allow":["GET"]}}],"collection":[{"href":"https:\/\/www.europesays.com\/fr\/wp-json\/wp\/v2\/posts"}],"about":[{"href":"https:\/\/www.europesays.com\/fr\/wp-json\/wp\/v2\/types\/post"}],"author":[{"embeddable":true,"href":"https:\/\/www.europesays.com\/fr\/wp-json\/wp\/v2\/users\/2"}],"replies":[{"embeddable":true,"href":"https:\/\/www.europesays.com\/fr\/wp-json\/wp\/v2\/comments?post=604069"}],"version-history":[{"count":0,"href":"https:\/\/www.europesays.com\/fr\/wp-json\/wp\/v2\/posts\/604069\/revisions"}],"wp:featuredmedia":[{"embeddable":true,"href":"https:\/\/www.europesays.com\/fr\/wp-json\/wp\/v2\/media\/604070"}],"wp:attachment":[{"href":"https:\/\/www.europesays.com\/fr\/wp-json\/wp\/v2\/media?parent=604069"}],"wp:term":[{"taxonomy":"category","embeddable":true,"href":"https:\/\/www.europesays.com\/fr\/wp-json\/wp\/v2\/categories?post=604069"},{"taxonomy":"post_tag","embeddable":true,"href":"https:\/\/www.europesays.com\/fr\/wp-json\/wp\/v2\/tags?post=604069"}],"curies":[{"name":"wp","href":"https:\/\/api.w.org\/{rel}","templated":true}]}}