{"id":604088,"date":"2025-12-17T00:30:40","date_gmt":"2025-12-17T00:30:40","guid":{"rendered":"https:\/\/www.europesays.com\/fr\/604088\/"},"modified":"2025-12-17T00:30:40","modified_gmt":"2025-12-17T00:30:40","slug":"on-prevoit-1-000-pieces-et-4-tickets-dor-noemie-revient-a-rennes-avec-ses","status":"publish","type":"post","link":"https:\/\/www.europesays.com\/fr\/604088\/","title":{"rendered":"\u00ab\u00a0On pr\u00e9voit 1\u00a0000\u00a0pi\u00e8ces et 4\u00a0tickets d\u2019or\u00a0\u00bb\u00a0: No\u00ebmie revient \u00e0 Rennes avec ses"},"content":{"rendered":"<p>Ce lundi 22\u00a0d\u00e9cembre 2025, <a href=\"https:\/\/rennes.maville.com\/actu\/actudet_--plus-rien-a-15-h-avec-ses-fruits-en-trompe-l-oeil-cette-patissiere-bretonne-fait-un-carton-_7-6837143_actu.Htm\" target=\"_blank\" rel=\"noopener\">No\u00ebmie Daunay, p\u00e2tissi\u00e8re bas\u00e9e \u00e0 Montauban-de-Bretagne (Ille-et-Vilaine)<\/a>, revient \u00e0 Rennes pour une vente express de ses g\u00e2teaux trompe-l\u2019\u0153il.<\/p>\n<p>Pour la troisi\u00e8me fois, <a href=\"https:\/\/www.instagram.com\/ndpatisseries\/reel\/DSPke8TiMzD\/\" target=\"_blank\" rel=\"noopener\">la jeune femme revient au 142, rue Saint-H\u00e9lier<\/a>. En novembre dernier, <a href=\"https:\/\/www.instagram.com\/p\/DQzg9v3CD0M\/\" target=\"_blank\" rel=\"noopener\">la cr\u00e9atrice de ND p\u00e2tisseries avait attir\u00e9 les foules<\/a>.<\/p>\n<p>\u00ab\u00a0Quatre tickets d\u2019or\u00a0\u00bb<\/p>\n<p>\u00c0 l\u2019occasion de cette nouvelle vente, No\u00ebmie profite de la p\u00e9riode de No\u00ebl pour glisser des tickets d\u2019or dans quatre de ses cr\u00e9ations. \u00a0On a pr\u00e9vu plus de 1\u00a0000\u00a0pi\u00e8ces dont 4\u00a0avec des tickets d\u2019or. Ce sont des billets d\u2019entr\u00e9e pour les parcs d\u2019attractions de Disneyland, du Puy du Fou, du Parc Ast\u00e9rix et du Futuroscope\u00a0, liste l\u2019artisane de 24\u00a0ans.<\/p>\n<p><strong>Ce lundi 22\u00a0d\u00e9cembre 2025<\/strong>, \u00e0 partir de 10\u00a0h au 142, rue Saint-H\u00e9lier.<\/p>\n<p>\u00a0<\/p>\n<p>\t\t<script async src=\"\/\/www.instagram.com\/embed.js\"><\/script><\/p>\n","protected":false},"excerpt":{"rendered":"Ce lundi 22\u00a0d\u00e9cembre 2025, No\u00ebmie Daunay, p\u00e2tissi\u00e8re bas\u00e9e \u00e0 Montauban-de-Bretagne (Ille-et-Vilaine), revient \u00e0 Rennes pour une vente express&hellip;\n","protected":false},"author":2,"featured_media":604089,"comment_status":"","ping_status":"","sticky":false,"template":"","format":"standard","meta":{"footnotes":""},"categories":[2821],"tags":[6541,12106,15540,1111,11,829,1777,674,4988,1011,27,18223,32232,12,71606,15080,13211,584,25,14173,3728,33767,71607],"class_list":{"0":"post-604088","1":"post","2":"type-post","3":"status-publish","4":"format-standard","5":"has-post-thumbnail","7":"category-rennes","8":"tag-6541","9":"tag-12106","10":"tag-15540","11":"tag-actu","12":"tag-actualites","13":"tag-bretagne","14":"tag-eu","15":"tag-europe","16":"tag-forme","17":"tag-fr","18":"tag-france","19":"tag-fruits","20":"tag-gateaux","21":"tag-news","22":"tag-noemie","23":"tag-pieces","24":"tag-prevoit","25":"tag-rennes","26":"tag-republique-francaise","27":"tag-revient","28":"tag-saint-malo","29":"tag-tickets","30":"tag-trompe-l"},"share_on_mastodon":{"url":"https:\/\/pubeurope.com\/@fr\/115732088300660609","error":""},"_links":{"self":[{"href":"https:\/\/www.europesays.com\/fr\/wp-json\/wp\/v2\/posts\/604088","targetHints":{"allow":["GET"]}}],"collection":[{"href":"https:\/\/www.europesays.com\/fr\/wp-json\/wp\/v2\/posts"}],"about":[{"href":"https:\/\/www.europesays.com\/fr\/wp-json\/wp\/v2\/types\/post"}],"author":[{"embeddable":true,"href":"https:\/\/www.europesays.com\/fr\/wp-json\/wp\/v2\/users\/2"}],"replies":[{"embeddable":true,"href":"https:\/\/www.europesays.com\/fr\/wp-json\/wp\/v2\/comments?post=604088"}],"version-history":[{"count":0,"href":"https:\/\/www.europesays.com\/fr\/wp-json\/wp\/v2\/posts\/604088\/revisions"}],"wp:featuredmedia":[{"embeddable":true,"href":"https:\/\/www.europesays.com\/fr\/wp-json\/wp\/v2\/media\/604089"}],"wp:attachment":[{"href":"https:\/\/www.europesays.com\/fr\/wp-json\/wp\/v2\/media?parent=604088"}],"wp:term":[{"taxonomy":"category","embeddable":true,"href":"https:\/\/www.europesays.com\/fr\/wp-json\/wp\/v2\/categories?post=604088"},{"taxonomy":"post_tag","embeddable":true,"href":"https:\/\/www.europesays.com\/fr\/wp-json\/wp\/v2\/tags?post=604088"}],"curies":[{"name":"wp","href":"https:\/\/api.w.org\/{rel}","templated":true}]}}