{"id":604094,"date":"2025-12-17T00:34:12","date_gmt":"2025-12-17T00:34:12","guid":{"rendered":"https:\/\/www.europesays.com\/fr\/604094\/"},"modified":"2025-12-17T00:34:12","modified_gmt":"2025-12-17T00:34:12","slug":"previsions-du-mercredi-17-decembre-2025","status":"publish","type":"post","link":"https:\/\/www.europesays.com\/fr\/604094\/","title":{"rendered":"pr\u00e9visions du mercredi 17 d\u00e9cembre 2025"},"content":{"rendered":"<p>Aujourd&rsquo;hui, Strasbourg aura des valeurs d&rsquo;environ 7\u00b0C. Un petit vent de sud sera ressenti par les habitants. La ville profitera de quelques \u00e9claircies le matin. On pr\u00e9voit des temp\u00e9ratures avoisinant 6\u00b0C. C&rsquo;est un soleil radieux qui va briller l&rsquo;apr\u00e8s-midi. Les maximales pourront atteindre 9\u00b0C alors que les minimales seront de 7\u00b0C. Apr\u00e8s un bref \u00e9pisode nuageux, on pr\u00e9voit des \u00e9claircies pour cette soir\u00e9e. C&rsquo;est un ciel clair que conna\u00eetra la nuit de mercredi \u00e0 jeudi.<\/p>\n<p>Demain, les Strasbourgeois vont pouvoir profiter d&rsquo;un soleil magnifique. C&rsquo;est une hausse de quelques degr\u00e9s que vont conna\u00eetre les temp\u00e9ratures. Il va faire 8\u00b0C en moyenne. Un vent de sud rafra\u00eechira quelque peu l&rsquo;atmosph\u00e8re. Les Strasbourgeois vont avoir froid le matin : les temp\u00e9ratures ne vont pas d\u00e9passer 9\u00b0C. Les valeurs s&rsquo;\u00e9chelonneront de 5 \u00e0 9\u00b0C. Les temp\u00e9ratures seront comprises entre 7 et 11\u00b0C pendant l&rsquo;apr\u00e8s-midi. Des \u00e9claircies appara\u00eetront dans la soir\u00e9e. Le thermom\u00e8tre affichera 7\u00b0C en moyenne.<\/p>\n<p>La m\u00e9t\u00e9o va se d\u00e9grader dans les jours qui suivent. Pr\u00e9voyez 8\u00b0C en moyenne qui accompagneront des journ\u00e9es nuageuses.<\/p>\n<p><\/p>\n","protected":false},"excerpt":{"rendered":"Aujourd&rsquo;hui, Strasbourg aura des valeurs d&rsquo;environ 7\u00b0C. Un petit vent de sud sera ressenti par les habitants. La&hellip;\n","protected":false},"author":2,"featured_media":604095,"comment_status":"","ping_status":"","sticky":false,"template":"","format":"standard","meta":{"footnotes":""},"categories":[2820],"tags":[1111,11,1777,674,1011,27,775,12,2119,25,640],"class_list":{"0":"post-604094","1":"post","2":"type-post","3":"status-publish","4":"format-standard","5":"has-post-thumbnail","7":"category-strasbourg","8":"tag-actu","9":"tag-actualites","10":"tag-eu","11":"tag-europe","12":"tag-fr","13":"tag-france","14":"tag-grand-est","15":"tag-news","16":"tag-previsions-meteo","17":"tag-republique-francaise","18":"tag-strasbourg"},"share_on_mastodon":{"url":"https:\/\/pubeurope.com\/@fr\/115732104171435394","error":""},"_links":{"self":[{"href":"https:\/\/www.europesays.com\/fr\/wp-json\/wp\/v2\/posts\/604094","targetHints":{"allow":["GET"]}}],"collection":[{"href":"https:\/\/www.europesays.com\/fr\/wp-json\/wp\/v2\/posts"}],"about":[{"href":"https:\/\/www.europesays.com\/fr\/wp-json\/wp\/v2\/types\/post"}],"author":[{"embeddable":true,"href":"https:\/\/www.europesays.com\/fr\/wp-json\/wp\/v2\/users\/2"}],"replies":[{"embeddable":true,"href":"https:\/\/www.europesays.com\/fr\/wp-json\/wp\/v2\/comments?post=604094"}],"version-history":[{"count":0,"href":"https:\/\/www.europesays.com\/fr\/wp-json\/wp\/v2\/posts\/604094\/revisions"}],"wp:featuredmedia":[{"embeddable":true,"href":"https:\/\/www.europesays.com\/fr\/wp-json\/wp\/v2\/media\/604095"}],"wp:attachment":[{"href":"https:\/\/www.europesays.com\/fr\/wp-json\/wp\/v2\/media?parent=604094"}],"wp:term":[{"taxonomy":"category","embeddable":true,"href":"https:\/\/www.europesays.com\/fr\/wp-json\/wp\/v2\/categories?post=604094"},{"taxonomy":"post_tag","embeddable":true,"href":"https:\/\/www.europesays.com\/fr\/wp-json\/wp\/v2\/tags?post=604094"}],"curies":[{"name":"wp","href":"https:\/\/api.w.org\/{rel}","templated":true}]}}