{"id":604107,"date":"2025-12-17T00:41:12","date_gmt":"2025-12-17T00:41:12","guid":{"rendered":"https:\/\/www.europesays.com\/fr\/604107\/"},"modified":"2025-12-17T00:41:12","modified_gmt":"2025-12-17T00:41:12","slug":"video-il-force-sa-fille-a-prendre-du-protoxyde-dazote-dans-le-metro-et-agresse-un-passager-qui-veut-sinterposer","status":"publish","type":"post","link":"https:\/\/www.europesays.com\/fr\/604107\/","title":{"rendered":"VIDEO. Il force sa fille \u00e0 prendre du protoxyde d\u2019azote dans le m\u00e9tro et agresse un passager qui veut s\u2019interposer"},"content":{"rendered":"<p>\n                                                                    l&rsquo;essentiel<br \/>\n                                                                INFO LA DEPECHE DU MIDI. Une sc\u00e8ne de violence extr\u00eame a \u00e9clat\u00e9 lundi soir dans le m\u00e9tro de Toulouse. Un p\u00e8re, accus\u00e9 d\u2019avoir contraint sa fille \u00e0 consommer du protoxyde d\u2019azote, a violemment agress\u00e9 un passager intervenu pour prot\u00e9ger l\u2019enfant, avant de prendre la fuite. Il t\u00e9moigne.\n                            <\/p>\n<p>Des coups de poing, des crachats et des insultes. Une sc\u00e8ne\u00a0ultraviolente s\u2019est d\u00e9roul\u00e9e ce lundi soir dans le m\u00e9tro toulousain. Un p\u00e8re de famille agressif a frapp\u00e9 sa fille avant de s\u2019en prendre aux passagers qui ont tent\u00e9 de s\u2019interposer.<\/p>\n<p>Les faits d\u00e9butent peu avant 20\u00a0heures, lorsqu\u2019une femme visiblement choqu\u00e9e alerte la police \u00e0 sa sortie du m\u00e9tro. Dans une rame, \u00e0 hauteur d\u2019Empalot, elle affirme avoir vu un adulte forcer un enfant \u00e0 inhaler du protoxyde d\u2019azote. Ce gaz, commun\u00e9ment appel\u00e9 \u00a0\u00bb\u00a0gaz hilarant \u00ab\u00a0, pr\u00e9sente pourtant de graves risques pour la sant\u00e9, en particulier chez les mineurs.<\/p>\n<p class=\"std-elt__inline\">\n        <strong>\u00c0 lire aussi :<\/strong><br \/>\n        <a href=\"https:\/\/www.ladepeche.fr\/2024\/04\/02\/une-violente-agression-dans-le-metro-de-toulouse-filmee-et-diffusee-sur-snapchat-deux-garcons-de-14-ans-arretes-11865338.php\" target=\"_blank\" rel=\"noopener\">Une violente agression dans le m\u00e9tro de Toulouse film\u00e9e et diffus\u00e9e sur Snapchat, deux gar\u00e7ons de 14 ans arr\u00eat\u00e9s<\/a>\n    <\/p>\n<p>Quelques arr\u00eats plus tard, \u00e0 hauteur de la station Jeanne-d\u2019Arc, la tension monte encore d\u2019un cran. L\u2019homme aurait de nouveau contraint la fillette \u00e0 consommer cette substance illicite, mais l\u2019\u00e9coli\u00e8re, \u00e2g\u00e9e d\u2019une dizaine d\u2019ann\u00e9es, refuse. \u00ab\u00a0J\u2019ai entendu un bruit de gaz puis j\u2019ai vu cet individu. Il alternait les phases de rire et les p\u00e9riodes de semi-conscience. Au bout d\u2019un moment, il a commis\u00a0des violences sur sa fille qui ne devait pas avoir plus de 8 ans. J\u2019ai des valeurs, je ne peux pas laisser une enfant sans d\u00e9fense. J\u2019ai donc attrap\u00e9 ce monsieur par le col pour lui demander d\u2019arr\u00eater\u00a0\u00bb, confie Pierre (1).<\/p>\n<p>Une plainte d\u00e9pos\u00e9e<\/p>\n<p>Le p\u00e8re agressif n\u2019aurait pas support\u00e9 cette tentative de recadrage. Comme le montre une vid\u00e9o diffus\u00e9e par La D\u00e9p\u00eache du Midi, il se rue sur cet inconnu. Tandis que l\u2019enfant crie pour tenter de le calmer, il lui ass\u00e8ne coups de pied et coups de poing, tout en crachant sur lui. Pierre, un homme d\u2019une quarantaine d\u2019ann\u00e9es, reste sto\u00efque pour \u00e9viter toute escalade de la violence. \u00a0\u00bb Je ne me bats pas devant les enfants. Ce monsieur n\u2019a visiblement aucun honneur, il a voulu m\u2019attaquer par-derri\u00e8re\u00a0\u00bb, se souvient le plaignant.\u00a0Alert\u00e9s par les insultes, d\u2019autres usagers du m\u00e9tro tentent \u00e0 leur tour de calmer la situation. Ils sont aussi vis\u00e9s par des menaces.<\/p>\n<p class=\"std-elt__inline\">\n        <strong>\u00c0 lire aussi :<\/strong><br \/>\n        <a href=\"https:\/\/www.ladepeche.fr\/2025\/11\/27\/agression-sexuelle-dans-le-metro-de-toulouse-un-homme-condamne-pour-avoir-touche-une-etudiante-13075854.php\" target=\"_blank\" rel=\"noopener\">Agression sexuelle dans le m\u00e9tro de Toulouse\u00a0: un homme condamn\u00e9 pour avoir touch\u00e9 une \u00e9tudiante<\/a>\n    <\/p>\n<p>La sc\u00e8ne prend fin lorsque l\u2019agresseur quitte la station avec l\u2019enfant, avant de dispara\u00eetre. Tr\u00e8s vite, une unit\u00e9 de la police nationale tente\u00a0de les retrouver, sans succ\u00e8s.<\/p>\n<p>\u00ab\u00a0Heureusement que je suis solide\u00a0\u00bb<\/p>\n<p>La victime se rend peu apr\u00e8s au commissariat pour d\u00e9poser plainte. \u00a0\u00bb Heureusement que je suis solide. Il ne m\u2019a pas fait trop mal\u2026\u00a0\u00bb Une enqu\u00eate est ouverte par le parquet de Toulouse. Les investigations ont d\u00e9but\u00e9 afin d\u2019identifier le parent et de mettre l\u2019enfant \u00e0 l\u2019abri. Les cam\u00e9ras de vid\u00e9oprotection, install\u00e9es au c\u0153ur de Toulouse et dans les stations de m\u00e9tro pourraient \u00eatre d\u00e9terminantes.<\/p>\n<p>(1) pr\u00e9nom modifi\u00e9<\/p>\n","protected":false},"excerpt":{"rendered":"l&rsquo;essentiel INFO LA DEPECHE DU MIDI. Une sc\u00e8ne de violence extr\u00eame a \u00e9clat\u00e9 lundi soir dans le m\u00e9tro&hellip;\n","protected":false},"author":2,"featured_media":604108,"comment_status":"","ping_status":"","sticky":false,"template":"","format":"standard","meta":{"footnotes":""},"categories":[2816],"tags":[1111,11,13207,1777,674,1011,27,2722,71608,12,2680,25,2312],"class_list":{"0":"post-604107","1":"post","2":"type-post","3":"status-publish","4":"format-standard","5":"has-post-thumbnail","7":"category-toulouse","8":"tag-actu","9":"tag-actualites","10":"tag-collections","11":"tag-eu","12":"tag-europe","13":"tag-fr","14":"tag-france","15":"tag-haute-garonne","16":"tag-la-su00e9lection-vidu00e9o","17":"tag-news","18":"tag-occitanie","19":"tag-republique-francaise","20":"tag-toulouse"},"share_on_mastodon":{"url":"https:\/\/pubeurope.com\/@fr\/115732131593040149","error":""},"_links":{"self":[{"href":"https:\/\/www.europesays.com\/fr\/wp-json\/wp\/v2\/posts\/604107","targetHints":{"allow":["GET"]}}],"collection":[{"href":"https:\/\/www.europesays.com\/fr\/wp-json\/wp\/v2\/posts"}],"about":[{"href":"https:\/\/www.europesays.com\/fr\/wp-json\/wp\/v2\/types\/post"}],"author":[{"embeddable":true,"href":"https:\/\/www.europesays.com\/fr\/wp-json\/wp\/v2\/users\/2"}],"replies":[{"embeddable":true,"href":"https:\/\/www.europesays.com\/fr\/wp-json\/wp\/v2\/comments?post=604107"}],"version-history":[{"count":0,"href":"https:\/\/www.europesays.com\/fr\/wp-json\/wp\/v2\/posts\/604107\/revisions"}],"wp:featuredmedia":[{"embeddable":true,"href":"https:\/\/www.europesays.com\/fr\/wp-json\/wp\/v2\/media\/604108"}],"wp:attachment":[{"href":"https:\/\/www.europesays.com\/fr\/wp-json\/wp\/v2\/media?parent=604107"}],"wp:term":[{"taxonomy":"category","embeddable":true,"href":"https:\/\/www.europesays.com\/fr\/wp-json\/wp\/v2\/categories?post=604107"},{"taxonomy":"post_tag","embeddable":true,"href":"https:\/\/www.europesays.com\/fr\/wp-json\/wp\/v2\/tags?post=604107"}],"curies":[{"name":"wp","href":"https:\/\/api.w.org\/{rel}","templated":true}]}}