{"id":604111,"date":"2025-12-17T00:44:18","date_gmt":"2025-12-17T00:44:18","guid":{"rendered":"https:\/\/www.europesays.com\/fr\/604111\/"},"modified":"2025-12-17T00:44:18","modified_gmt":"2025-12-17T00:44:18","slug":"previsions-du-mercredi-17-decembre-2025-3","status":"publish","type":"post","link":"https:\/\/www.europesays.com\/fr\/604111\/","title":{"rendered":"pr\u00e9visions du mercredi 17 d\u00e9cembre 2025"},"content":{"rendered":"<p>Aujourd&rsquo;hui, les temp\u00e9ratures afficheront entre 7 et 10\u00b0C \u00e0 Lille. Un petit vent de sud-ouest sera ressenti par les habitants. Le brouillard sera au rendez-vous, le matin, en raison de la m\u00e9t\u00e9o tr\u00e8s humide. Les valeurs s&rsquo;\u00e9chelonneront entre 7 et 10\u00b0C. Le temps devrait s&rsquo;am\u00e9liorer durant l&rsquo;apr\u00e8s-midi. Les maximales pourront atteindre 10\u00b0C alors que les minimales seront de 8\u00b0C. Le passage de mercredi \u00e0 jeudi s&rsquo;effectuera sous un ciel brumeux.<\/p>\n<p>Demain, c&rsquo;est une hausse de quelques degr\u00e9s que vont conna\u00eetre les temp\u00e9ratures dans la ville de Lille. Les valeurs seront comprises entre 8 et 12\u00b0C. Un vent de sud-ouest est pr\u00e9vu : il soufflera \u00e0 29 km\/h. Le matin, les perturbations seront toujours pr\u00e9sentes avec des nuages. Mauvais temps : on pr\u00e9voit des pluies \u00e9parses. Les temp\u00e9ratures seront de 9\u00b0C. Demain apr\u00e8s-midi, un ciel avec des \u00e9claircies va peu \u00e0 peu se substituer aux nuages. Les valeurs afficheront entre 10 et 12\u00b0C. C&rsquo;est \u00e0 un ciel couvert de l\u00e9gers nuages qu&rsquo;il faudra s&rsquo;attendre demain soir. Les temp\u00e9ratures avoisineront les 12\u00b0C.<\/p>\n<p>Le temps des journ\u00e9es suivantes va \u00e9voluer progressivement. Apr\u00e8s des conditions m\u00e9t\u00e9orologiques stables vendredi, la situation changera samedi.<\/p>\n<p><\/p>\n","protected":false},"excerpt":{"rendered":"Aujourd&rsquo;hui, les temp\u00e9ratures afficheront entre 7 et 10\u00b0C \u00e0 Lille. Un petit vent de sud-ouest sera ressenti par&hellip;\n","protected":false},"author":2,"featured_media":604112,"comment_status":"","ping_status":"","sticky":false,"template":"","format":"standard","meta":{"footnotes":""},"categories":[2815],"tags":[1111,11,1777,674,1011,27,811,1307,12,2119,25],"class_list":{"0":"post-604111","1":"post","2":"type-post","3":"status-publish","4":"format-standard","5":"has-post-thumbnail","7":"category-lille","8":"tag-actu","9":"tag-actualites","10":"tag-eu","11":"tag-europe","12":"tag-fr","13":"tag-france","14":"tag-hauts-de-france","15":"tag-lille","16":"tag-news","17":"tag-previsions-meteo","18":"tag-republique-francaise"},"share_on_mastodon":{"url":"https:\/\/pubeurope.com\/@fr\/115732143428495819","error":""},"_links":{"self":[{"href":"https:\/\/www.europesays.com\/fr\/wp-json\/wp\/v2\/posts\/604111","targetHints":{"allow":["GET"]}}],"collection":[{"href":"https:\/\/www.europesays.com\/fr\/wp-json\/wp\/v2\/posts"}],"about":[{"href":"https:\/\/www.europesays.com\/fr\/wp-json\/wp\/v2\/types\/post"}],"author":[{"embeddable":true,"href":"https:\/\/www.europesays.com\/fr\/wp-json\/wp\/v2\/users\/2"}],"replies":[{"embeddable":true,"href":"https:\/\/www.europesays.com\/fr\/wp-json\/wp\/v2\/comments?post=604111"}],"version-history":[{"count":0,"href":"https:\/\/www.europesays.com\/fr\/wp-json\/wp\/v2\/posts\/604111\/revisions"}],"wp:featuredmedia":[{"embeddable":true,"href":"https:\/\/www.europesays.com\/fr\/wp-json\/wp\/v2\/media\/604112"}],"wp:attachment":[{"href":"https:\/\/www.europesays.com\/fr\/wp-json\/wp\/v2\/media?parent=604111"}],"wp:term":[{"taxonomy":"category","embeddable":true,"href":"https:\/\/www.europesays.com\/fr\/wp-json\/wp\/v2\/categories?post=604111"},{"taxonomy":"post_tag","embeddable":true,"href":"https:\/\/www.europesays.com\/fr\/wp-json\/wp\/v2\/tags?post=604111"}],"curies":[{"name":"wp","href":"https:\/\/api.w.org\/{rel}","templated":true}]}}