{"id":604113,"date":"2025-12-17T00:45:17","date_gmt":"2025-12-17T00:45:17","guid":{"rendered":"https:\/\/www.europesays.com\/fr\/604113\/"},"modified":"2025-12-17T00:45:17","modified_gmt":"2025-12-17T00:45:17","slug":"sainte-marguerite-saint-tronc-tunnel-saint-loup-bouchons-importants-sur-les-axes-du-sud-de-marseille","status":"publish","type":"post","link":"https:\/\/www.europesays.com\/fr\/604113\/","title":{"rendered":"Sainte-Marguerite, Saint-Tronc, tunnel Saint-Loup&#8230; bouchons importants sur les axes du sud de Marseille"},"content":{"rendered":"<p>En cette fin d&rsquo;apr\u00e8s-midi de ce mardi, le trafic est tr\u00e8s compliqu\u00e9 dans la partie sud de <a href=\"https:\/\/www.laprovence.com\/article\/societe\/6617490048785214\/autoroutes-dans-les-bouches-du-rhone-la-l2-l-a7-ou-encore-l-a51-concernees-par-les-fermetures-du-15-au-19-decembre\" target=\"_blank\" rel=\"noopener\">la ville de Marseille<\/a>. Aucun accident n&rsquo;est signal\u00e9 mais un afflux important de v\u00e9hicules provoque des bouchons importants. En particulier boulevard du Redon entre Sainte-Marguerite et l&rsquo;arriv\u00e9e sur la D559 (dite route de la Gineste).<\/p>\n<p>Le boulevard Catherine Blum et le tunnel Saint-Loup sont aussi tr\u00e8s encombr\u00e9s, dans les deux sens. Sont concern\u00e9s aussi : l&rsquo;avenue de Lattre de Tassigny, le boulevard de la Gay, l&rsquo;avenue Viton ou encore le boulevard Gillibert. Sans oublier l&rsquo;avenue Mistral.<\/p>\n","protected":false},"excerpt":{"rendered":"En cette fin d&rsquo;apr\u00e8s-midi de ce mardi, le trafic est tr\u00e8s compliqu\u00e9 dans la partie sud de la&hellip;\n","protected":false},"author":2,"featured_media":456406,"comment_status":"","ping_status":"","sticky":false,"template":"","format":"standard","meta":{"footnotes":""},"categories":[2814],"tags":[17,1111,11,7050,1777,674,1011,27,12410,884,12,882,16,25,61581,71609,16993,3356,17374],"class_list":{"0":"post-604113","1":"post","2":"type-post","3":"status-publish","4":"format-standard","5":"has-post-thumbnail","7":"category-marseille","8":"tag-17","9":"tag-actu","10":"tag-actualites","11":"tag-bouchons","12":"tag-eu","13":"tag-europe","14":"tag-fr","15":"tag-france","16":"tag-importants","17":"tag-marseille","18":"tag-news","19":"tag-provence-alpes-cote-dazur","20":"tag-region","21":"tag-republique-francaise","22":"tag-saint-loup","23":"tag-saint-tronc","24":"tag-sainte-marguerite","25":"tag-sur","26":"tag-tunnel"},"share_on_mastodon":{"url":"https:\/\/pubeurope.com\/@fr\/115732147343258892","error":""},"_links":{"self":[{"href":"https:\/\/www.europesays.com\/fr\/wp-json\/wp\/v2\/posts\/604113","targetHints":{"allow":["GET"]}}],"collection":[{"href":"https:\/\/www.europesays.com\/fr\/wp-json\/wp\/v2\/posts"}],"about":[{"href":"https:\/\/www.europesays.com\/fr\/wp-json\/wp\/v2\/types\/post"}],"author":[{"embeddable":true,"href":"https:\/\/www.europesays.com\/fr\/wp-json\/wp\/v2\/users\/2"}],"replies":[{"embeddable":true,"href":"https:\/\/www.europesays.com\/fr\/wp-json\/wp\/v2\/comments?post=604113"}],"version-history":[{"count":0,"href":"https:\/\/www.europesays.com\/fr\/wp-json\/wp\/v2\/posts\/604113\/revisions"}],"wp:featuredmedia":[{"embeddable":true,"href":"https:\/\/www.europesays.com\/fr\/wp-json\/wp\/v2\/media\/456406"}],"wp:attachment":[{"href":"https:\/\/www.europesays.com\/fr\/wp-json\/wp\/v2\/media?parent=604113"}],"wp:term":[{"taxonomy":"category","embeddable":true,"href":"https:\/\/www.europesays.com\/fr\/wp-json\/wp\/v2\/categories?post=604113"},{"taxonomy":"post_tag","embeddable":true,"href":"https:\/\/www.europesays.com\/fr\/wp-json\/wp\/v2\/tags?post=604113"}],"curies":[{"name":"wp","href":"https:\/\/api.w.org\/{rel}","templated":true}]}}