{"id":604118,"date":"2025-12-17T00:48:44","date_gmt":"2025-12-17T00:48:44","guid":{"rendered":"https:\/\/www.europesays.com\/fr\/604118\/"},"modified":"2025-12-17T00:48:44","modified_gmt":"2025-12-17T00:48:44","slug":"un-rassemblement-a-lyon-pour-les-droits-des-travailleuses-du-sexe","status":"publish","type":"post","link":"https:\/\/www.europesays.com\/fr\/604118\/","title":{"rendered":"Un rassemblement \u00e0 Lyon pour les droits des travailleuses du sexe"},"content":{"rendered":"<p class=\"wp-block-post-excerpt__excerpt\">Mercredi 17 d\u00e9cembre, \u00e0 l\u2019occasion de la journ\u00e9e internationale pour mettre fin \u00e0 la violence envers les travailleuses du sexe, un rassemblement est organis\u00e9 devant l\u2019h\u00f4tel de Ville \u00e0 Lyon. <\/p>\n<p class=\"font-sans\">\n\t\t\tCet article est en acc\u00e8s libre. Pour soutenir Rue89 Lyon,<br \/>\n\t\t\t<a class=\"underline\" href=\"https:\/\/www.rue89lyon.fr\/abonnement\/\" target=\"_blank\" rel=\"noopener\">abonnez-vous<\/a>.\n\t\t<\/p>\n<p>Marie Allenou<\/p>\n<p>Publi\u00e9 le 16 d\u00e9cembre 2025\u00a0\u00a0\u00b7\u00a0\u00a0<\/p>\n<p>Imprim\u00e9 le 17 d\u00e9cembre 2025 \u00e0 01h32\u00a0\u00a0\u00b7\u00a0\u00a0<\/p>\n<p>Modifi\u00e9 le 16 d\u00e9cembre 2025\u00a0\u00a0\u00b7\u00a0\u00a0<\/p>\n<p>\t\t\t\t\t2\u00a0minutes\n<\/p>\n<p>Souvent rel\u00e9gu\u00e9es aux confins des villes, ind\u00e9sirables, les travailleurs et travailleuses du sexe ont d\u00e9cid\u00e9 de se faire entendre, mercredi 17 d\u00e9cembre. Avec des associations et syndicats, ils et elles organisent un rassemblement devant l\u2019h\u00f4tel de Ville de Lyon, place de la Com\u00e9die (Lyon\u00a01\u1d49\u02b3), \u00e0 18\u00a0h\u00a030.<\/p>\n<p>L\u2019occasion de d\u00e9noncer les \u00ab\u00a0violences physiques et institutionnelles\u00a0\u00bb dont ils et elles sont victimes, et de demander la mise en place de mesures protectrices pour la profession. <\/p>\n<blockquote class=\"wp-block-quote is-layout-flow wp-block-quote-is-layout-flow\">\n<p>\u00ab\u00a0Les violences sont multiples : vol d\u2019annonce en ligne, coups, chantage, viols, \u00e9crivent ces travailleur\u00b7euses dans un communiqu\u00e9. Mais, aussi, refus du d\u00e9p\u00f4t de plainte au commissariat, dossiers \u00e0 charge contre les m\u00e8res isol\u00e9es pour la garde des enfants, expulsion du logement, discrimination bancaire, expulsion des migrant.es s\u00e9ropositives, refus de soins.\u00a0\u00bb <strong> <\/strong><\/p>\n<\/blockquote>\n<p>Les signataires de l\u2019appel \u00e0 manifester pointent aussi la d\u00e9cision de Donald Trump de l\u2019arr\u00eat des fonds pour la lutte contre le sida dans le monde. Un choix qui prive des personnes s\u00e9ropositives de traitement et fragilise la sant\u00e9 sexuelle des travailleuses du sexe. <\/p>\n<p>\t\tDes arr\u00eat\u00e9s anticamionnettes des travailleuses du sexe toujours en vigueur \u00e0 Lyon<\/p>\n<p>En France, la prostitution n\u2019est pas interdite en tant que telle, en revanche, y avoir recours en tant que client est ill\u00e9gal, tout comme le prox\u00e9n\u00e9tisme. Un terme qui d\u00e9signe \u00e0 l\u2019origine les personnes qui organisent la prostitution d\u2019autres personnes. Mais, celle-ci a une application \u00e9largie en France, et peut par exemple englober une prostitu\u00e9e qui partagerait son logement avec d\u2019autres.<\/p>\n<p>\u00ab\u00a0L\u2019\u00c9tat nous isole et nous emp\u00eache de nous prot\u00e9ger mutuellement\u00a0!\u00a0\u00bb, s\u2019indignent les signataires de l\u2019appel. On oublie alors notre culture, notre savoir communautaire de protection et de sant\u00e9 sexuelle.\u00a0\u00bb <\/p>\n<p>Ce \u00e0 quoi s\u2019ajoute des d\u00e9cisions locales comme \u00e0 Lyon. Depuis 2001, la mairie de Lyon a successivement pris des arr\u00eat\u00e9s anticamionnettes pour emp\u00eacher les prostitu\u00e9es de se garer dans plusieurs quartiers de Lyon. Les manifestant\u00b7es appellent \u00e0 la suppression de ces arr\u00eat\u00e9s. Du c\u00f4t\u00e9 de Gerland, le relais a \u00e9t\u00e9 pris par la pr\u00e9fecture. <\/p>\n<p>Lire aussi sur Rue89Lyon<\/p>\n<p>En 2025, la Ville de Lyon et la pr\u00e9fecture du Rh\u00f4ne s\u2019\u00e9taient entendues pour trouver une solution pour apaiser les tensions entre parents et prostitu\u00e9es \u00e0 c\u00f4t\u00e9 de la plaine des Jeux \u00e0 Gerland. <a href=\"https:\/\/www.rue89lyon.fr\/2025\/03\/17\/prostitution-lyon-horaires-apaiser-tensions-plaine-des-jeux\/\" target=\"_blank\" rel=\"noreferrer noopener\">Des \u00ab\u00a0horaires\u00a0\u00bb ont \u00e9t\u00e9 mis en place<\/a> pour que les enfants et les activit\u00e9s de prostitution ne se croisent plus, sans pour autant chasser totalement les travailleuses du sexe.<\/p>\n","protected":false},"excerpt":{"rendered":"Mercredi 17 d\u00e9cembre, \u00e0 l\u2019occasion de la journ\u00e9e internationale pour mettre fin \u00e0 la violence envers les travailleuses&hellip;\n","protected":false},"author":2,"featured_media":604119,"comment_status":"","ping_status":"","sticky":false,"template":"","format":"standard","meta":{"footnotes":""},"categories":[1889],"tags":[1111,11,2430,1777,674,1011,27,2428,2088,12,2899,25,104],"class_list":{"0":"post-604118","1":"post","2":"type-post","3":"status-publish","4":"format-standard","5":"has-post-thumbnail","7":"category-lyon","8":"tag-actu","9":"tag-actualites","10":"tag-auvergne-rhone-alpes","11":"tag-eu","12":"tag-europe","13":"tag-fr","14":"tag-france","15":"tag-lyon","16":"tag-manifestation","17":"tag-news","18":"tag-prostitution","19":"tag-republique-francaise","20":"tag-societe"},"share_on_mastodon":{"url":"https:\/\/pubeurope.com\/@fr\/115732159045355476","error":""},"_links":{"self":[{"href":"https:\/\/www.europesays.com\/fr\/wp-json\/wp\/v2\/posts\/604118","targetHints":{"allow":["GET"]}}],"collection":[{"href":"https:\/\/www.europesays.com\/fr\/wp-json\/wp\/v2\/posts"}],"about":[{"href":"https:\/\/www.europesays.com\/fr\/wp-json\/wp\/v2\/types\/post"}],"author":[{"embeddable":true,"href":"https:\/\/www.europesays.com\/fr\/wp-json\/wp\/v2\/users\/2"}],"replies":[{"embeddable":true,"href":"https:\/\/www.europesays.com\/fr\/wp-json\/wp\/v2\/comments?post=604118"}],"version-history":[{"count":0,"href":"https:\/\/www.europesays.com\/fr\/wp-json\/wp\/v2\/posts\/604118\/revisions"}],"wp:featuredmedia":[{"embeddable":true,"href":"https:\/\/www.europesays.com\/fr\/wp-json\/wp\/v2\/media\/604119"}],"wp:attachment":[{"href":"https:\/\/www.europesays.com\/fr\/wp-json\/wp\/v2\/media?parent=604118"}],"wp:term":[{"taxonomy":"category","embeddable":true,"href":"https:\/\/www.europesays.com\/fr\/wp-json\/wp\/v2\/categories?post=604118"},{"taxonomy":"post_tag","embeddable":true,"href":"https:\/\/www.europesays.com\/fr\/wp-json\/wp\/v2\/tags?post=604118"}],"curies":[{"name":"wp","href":"https:\/\/api.w.org\/{rel}","templated":true}]}}