{"id":604122,"date":"2025-12-17T00:52:12","date_gmt":"2025-12-17T00:52:12","guid":{"rendered":"https:\/\/www.europesays.com\/fr\/604122\/"},"modified":"2025-12-17T00:52:12","modified_gmt":"2025-12-17T00:52:12","slug":"les-echanges-vifs-et-peu-courtois-entre-anne-hidalgo-et-rachida-dati","status":"publish","type":"post","link":"https:\/\/www.europesays.com\/fr\/604122\/","title":{"rendered":"les \u00e9changes vifs et peu courtois entre Anne Hidalgo et Rachida Dati."},"content":{"rendered":"<p class=\"article__intro\">Le Conseil de Paris a adopt\u00e9 mardi le dernier budget de la mandature d&rsquo;Anne Hidalgo, au terme de d\u00e9bats agit\u00e9s par une nouvelle passe d&rsquo;armes entre la maire socialiste et Rachida Dati, \u00e0 trois mois des municipales.<\/p>\n<p>\n      La Quotidienne Soci\u00e9t\u00e9\n    <\/p>\n<p>\n      De la vie quotidienne aux grands enjeux, recevez tous les jours les sujets qui font la soci\u00e9t\u00e9 locale, comme la justice, l\u2019\u00e9ducation, la sant\u00e9 et la famille.\n    <\/p>\n<p>    France T\u00e9l\u00e9visions utilise votre adresse e-mail afin de vous envoyer la newsletter \u00ab\u00a0La Quotidienne Soci\u00e9t\u00e9\u00a0\u00bb. Vous pouvez vous d\u00e9sinscrire \u00e0 tout moment via le lien en bas de cette newsletter. <a target=\"_blank\" href=\"https:\/\/www.francetelevisions.fr\/groupe\/confidentialite\/politique-de-confidentialite\/politique-de-confidentialite-de-france-televisions-6503\" rel=\"noopener\">Notre politique de confidentialit\u00e9<\/a><\/p>\n<p>\u00c0 l\u2019issue du Conseil de Paris et du vote du budget 2026, la maire Anne Hidalgo s\u2019est dite \u00ab\u00a0fi\u00e8re\u00a0\u00bb de son adoption. \u00ab\u00a0Ce budget va permettre aux Parisiennes et Parisiens de continuer de b\u00e9n\u00e9ficier d\u2019un service public important et d\u2019investissements massifs\u00a0\u00bb notamment dans le logement, a expliqu\u00e9 l\u2019\u00e9dile socialiste. Apr\u00e8s 2 mandatures, \u00ab\u00a0le patrimoine des Parisiennes et Parisiens est pass\u00e9 de 27 milliards d\u2019euros \u00e0 47 milliards d\u2019euros. Nous n\u2019avons pas affaibli mais enrichi la Ville\u00a0\u00bb, a conclu la maire de Paris. Elle a affirm\u00e9 avoir \u00ab\u00a0chang\u00e9 la vie\u00a0\u00bb des habitants de la capitale.<\/p>\n<p>\u00c0 la fois ville et d\u00e9partement, la premi\u00e8re collectivit\u00e9 de France pr\u00e9voit 11,3 milliards d&rsquo;euros de d\u00e9penses, dont 1,6 milliard d&rsquo;euros d&rsquo;investissements &#8211; un chiffre stable par rapport \u00e0 2025. La prochaine majorit\u00e9 devra composer avec la loi de finances 2026, actuellement d\u00e9battue au Parlement, qui \u00ab\u00a0fait \u00e0 nouveau peser un risque tr\u00e8s important\u00a0\u00bb sur les finances de la collectivit\u00e9, a pr\u00e9venu l&rsquo;adjoint aux Finances Paul Simondon.<\/p>\n<p>Du c\u00f4t\u00e9 de l\u2019opposition, c\u2019est un tout autre son de cloche. La droite a fustig\u00e9 le \u00ab\u00a0mur de la dette\u00a0\u00bb laiss\u00e9 au prochain ex\u00e9cutif. \u00ab\u00a0C\u2019est un niveau historique. La dette sera de 9,7 milliards d\u2019euros en 2026. C\u2019\u00e9tait 4,2 milliards d\u2019euros en 2014\u00a0\u00bb, a reproch\u00e9 Maud Gatel pour le Modem. Candidat aux municipales de 2026, Pierre-Yves Bournazel (Horizons) n\u2019est pas en reste : \u00ab\u00a0cette dette repr\u00e9sente presque d\u00e9sormais 5 000 euros par personne, soit trois fois plus que des comparables comme Lyon et Marseille.\u00a0\u00bb<\/p>\n<blockquote class=\"ftvi_content_quote\">\n<p class=\"ftvi_citation_quote\">\u00ab\u00a0Le train de vie d\u00e9mesur\u00e9\u00a0\u00bb de l&rsquo;h\u00f4tel de ville<\/p>\n<\/blockquote>\n<p>Principale opposante \u00e0 Anne Hidalgo, Rachida Dati n\u2019a pas manqu\u00e9 de fustiger les deux mandatures de la maire de Paris et la dette qui s\u2019envole : \u00ab\u00a0vous \u00eates la caricature du socialisme municipal.\u00a0\u00bb<\/p>\n<p>Alors que Rachida Dati promettait un audit des finances si elle est \u00e9lue et critiquait les hausses d\u2019imp\u00f4ts, l\u2019augmentation du budget de fonctionnement et le \u00ab\u00a0train de vie d\u00e9mesur\u00e9\u00a0\u00bb de l&rsquo;H\u00f4tel de ville, accusant Anne Hidalgo de s&rsquo;\u00eatre \u00ab\u00a0servie de l&rsquo;argent de la collectivit\u00e9 pour ses d\u00e9penses personnelles\u00a0\u00bb, les d\u00e9bats ont pris un tout autre tour.<\/p>\n<p>\u00ab\u00a0Vous \u00eates convoqu\u00e9e en septembre 2026 pour faits de corruption\u00a0\u00bb, n&rsquo;a cess\u00e9 de rappeler la maire sortante \u00e0 sa rivale, qui doit compara\u00eetre en correctionnelle six mois apr\u00e8s les municipales pour corruption et trafic d&rsquo;influence dans l&rsquo;affaire Renault-Ghosn &#8211; charges qu&rsquo;elle conteste. \u00ab\u00a0Vous nous ferez peut-\u00eatre le d\u00e9guisement du petit gardien de prison, peut-\u00eatre qu&rsquo;on ne vous verra pas simplement en \u00e9boueur\u00a0\u00bb, a-t-elle cingl\u00e9, en allusion \u00e0 un vid\u00e9o de campagne de Rachida Dati.<\/p>\n<p>\u00ab\u00a0Vous auriez pu finir avec panache\u00a0\u00bb, a regrett\u00e9 l&rsquo;air goguenard, Rachida Dati. Il reste un conseil de Paris avant les \u00e9lections pour, sans doute, une derni\u00e8re joute verbale entre la maire socialiste et son opposante LR.<\/p>\n<p>Article \u00e9crit avec l&rsquo;AFP.<\/p>\n","protected":false},"excerpt":{"rendered":"Le Conseil de Paris a adopt\u00e9 mardi le dernier budget de la mandature d&rsquo;Anne Hidalgo, au terme de&hellip;\n","protected":false},"author":2,"featured_media":604123,"comment_status":"","ping_status":"","sticky":false,"template":"","format":"standard","meta":{"footnotes":""},"categories":[1888],"tags":[1111,1928,11,1927,1777,674,1011,27,12,1926,626,1925,25],"class_list":{"0":"post-604122","1":"post","2":"type-post","3":"status-publish","4":"format-standard","5":"has-post-thumbnail","7":"category-paris","8":"tag-actu","9":"tag-actu-paris","10":"tag-actualites","11":"tag-actualites-paris","12":"tag-eu","13":"tag-europe","14":"tag-fr","15":"tag-france","16":"tag-news","17":"tag-news-paris","18":"tag-paris","19":"tag-paris-news","20":"tag-republique-francaise"},"share_on_mastodon":{"url":"https:\/\/pubeurope.com\/@fr\/115732174865215724","error":""},"_links":{"self":[{"href":"https:\/\/www.europesays.com\/fr\/wp-json\/wp\/v2\/posts\/604122","targetHints":{"allow":["GET"]}}],"collection":[{"href":"https:\/\/www.europesays.com\/fr\/wp-json\/wp\/v2\/posts"}],"about":[{"href":"https:\/\/www.europesays.com\/fr\/wp-json\/wp\/v2\/types\/post"}],"author":[{"embeddable":true,"href":"https:\/\/www.europesays.com\/fr\/wp-json\/wp\/v2\/users\/2"}],"replies":[{"embeddable":true,"href":"https:\/\/www.europesays.com\/fr\/wp-json\/wp\/v2\/comments?post=604122"}],"version-history":[{"count":0,"href":"https:\/\/www.europesays.com\/fr\/wp-json\/wp\/v2\/posts\/604122\/revisions"}],"wp:featuredmedia":[{"embeddable":true,"href":"https:\/\/www.europesays.com\/fr\/wp-json\/wp\/v2\/media\/604123"}],"wp:attachment":[{"href":"https:\/\/www.europesays.com\/fr\/wp-json\/wp\/v2\/media?parent=604122"}],"wp:term":[{"taxonomy":"category","embeddable":true,"href":"https:\/\/www.europesays.com\/fr\/wp-json\/wp\/v2\/categories?post=604122"},{"taxonomy":"post_tag","embeddable":true,"href":"https:\/\/www.europesays.com\/fr\/wp-json\/wp\/v2\/tags?post=604122"}],"curies":[{"name":"wp","href":"https:\/\/api.w.org\/{rel}","templated":true}]}}