{"id":604143,"date":"2025-12-17T01:04:14","date_gmt":"2025-12-17T01:04:14","guid":{"rendered":"https:\/\/www.europesays.com\/fr\/604143\/"},"modified":"2025-12-17T01:04:14","modified_gmt":"2025-12-17T01:04:14","slug":"fausse-retractation-de-takieddine-un-proces-requis-contre-nicolas-sarkozy-carla-bruni-sarkozy-et-mimi-marchand-mediapart","status":"publish","type":"post","link":"https:\/\/www.europesays.com\/fr\/604143\/","title":{"rendered":"Fausse r\u00e9tractation de Takieddine : un proc\u00e8s requis contre Nicolas Sarkozy, Carla Bruni-Sarkozy et Mimi Marchand &#8211; Mediapart"},"content":{"rendered":"<ol>\n<li><a href=\"https:\/\/news.google.com\/rss\/articles\/CBMi6AFBVV95cUxNMWNLZ1ZNMzMyaF93WjduSXJNUUlYd05aRUR1S2FIQXpDQmVMRXppeEp5a0ViWVFlcENienpFdF96UV9LODhZa0dtLUJDcUItNWNPekE2NGxXeFNfSml2NW1sSU9OR3EwbXo0NnhJQk1IUWYzcHNCcGtpLWtTTUw3aVhvcUNBbVA1TTVVWVFkOUZMUzhMZF81U3N4ZVU5cDhPMFpJM19UZmNUYUptblR2akM2Q2NxNWM2ajhMUlpDWXVSX09RQV90LUN0UENZUjZxX3ZqUzRzZ1IxNDBVU0cyb3hxcTZtNDlK?oc=5\" target=\"_blank\" rel=\"noopener\">Fausse r\u00e9tractation de Takieddine : un proc\u00e8s requis contre Nicolas Sarkozy, Carla Bruni-Sarkozy et Mimi Marchand<\/a>&nbsp;&nbsp;Mediapart<\/li>\n<li><a href=\"https:\/\/news.google.com\/rss\/articles\/CBMikwJBVV95cUxQUnNVNm5KV2NheFYwX0pOZEpMa2hYUnBCck5Cd3FIN25iSFlUZ0tJc1c3clpEQ2tUSDFVOUFXX21CT2JZZWFKYUU1T0QxU1piX1hqTEpaS050eEVnLV9IeEFuVjFnWU53LVhVX0F2TW44RmlPcXFTLW9RN1k3aXl3QkwyVEd2MmtMOEhxZUgyV2ZtbWdEdm43VUVNV0hKbFZKLWxEa2ZCUl9DLS1xZkZXU1hzWkpoSVB6SVNnbWtZS3IyTDVlNGlVUzdHdlc3Nk9aZmZKN2VBYU02aXBWNXlhSnZrNUIxY2JqRjI1ZHVLbTRUQVBlOXNFcW9uT2pPdl9yUHljeDZvOUFIYWRRQ0g1SEJsbw?oc=5\" target=\"_blank\" rel=\"noopener\">R\u00e9tractation de Ziad Takieddine : le PNF requiert un proc\u00e8s contre Nicolas Sarkozy, Carla Bruni-Sarkozy et Mimi Marchand<\/a>&nbsp;&nbsp;Le Monde.fr<\/li>\n<li><a href=\"https:\/\/news.google.com\/rss\/articles\/CBMi0wJBVV95cUxOYTE1X2U2Rmh5TG1TQU5MWmY1SEFhd3Y0dThsSjZMZVhBUFdJcS15dDNXMTdSLWR5ak1Ba2RJbERjWlNzZ3p5T0tNYkJfcFVSNF96SXFicnUyQ25qT1NMaHJScUNwMTQwdkp2dFFsTnZsenRUUEZWV3lDb05QVG5GdXdaajZtTlB6MUtTT1QwUGJqQkNkSGNhYm1XR1RscWtyMVRmYzlqNHVUQVFkemNpM1hvV1J1WS1wc1ZidnBweTlHMEM5SzNuNmJ5MS02WmxYejVoRkY0UFBvdXdPOWRObjJPTUY2YmlGR3dQVHZPWDJZSTRrYy1tRXlZUy0tcDBjNzNhTXlMQlAzVy0tbm9SVENENXgteGxackRnZUxIRkQ3NFlLVHJudlNWalZLdHg5ZHBpcWgtS2JxaC1iSVgxa3Y3QXdoVkw1VGlWVU1USklpcFU?oc=5\" target=\"_blank\" rel=\"noopener\">R\u00e9tractation de Ziad Takieddine dans le dossier libyen : le parquet national financier demande un proc\u00e8s pour Nicolas Sarkozy et Carla Bruni<\/a>&nbsp;&nbsp;Franceinfo<\/li>\n<li><a href=\"https:\/\/news.google.com\/rss\/articles\/CBMi7AFBVV95cUxOXy0yTmhNaHZLN0JKQ0ZPVTJZSnB1WTFEZzY5d3RmYzV3ajVpRnZyQXAtU1JReWl2RmZtbjRLMVg1cUtWYk5HZ0VIc1VXVnAzZ2xEMUlWZ3g3ZUpXd2xvTUlRa0pneHlVdkRaMS11YWRqd2lObzd3Vjh3NHpzdmN4WE5sekFfVy1XaVFnV01xQnhvZkQ1VDV2OTl6MFZKRUhuRFJka3FMR3ZKR1d1U3VwbXZNQW1nbHgtUmsyM1A4X0hONkNhMW9ySkZyMXkxS2VudTE4Sl9VMmQzdGdKS2NEZU94VGF4d25Ba0gwTw?oc=5\" target=\"_blank\" rel=\"noopener\">R\u00e9tractation de Ziad Takieddine : un proc\u00e8s requis contre Nicolas Sarkozy, Carla Bruni et \u00ab\u00a0Mimi\u00a0\u00bb Marchand<\/a>&nbsp;&nbsp;RTL.fr<\/li>\n<li><a href=\"https:\/\/news.google.com\/rss\/articles\/CBMirwFBVV95cUxPSXRoSk5iTXFtREtEZ0pVTmluQUJvb0xXRWJaSXNEYlBIM0RrZjJzWHVmcjg1ZXhoMDF1cU9mQkZCMVl6X1U3OVNPY1c4TTV2RHRDMHF1R00wdW11ZENFT0szNm8zSy1LYjVuVFp5U19qeHh4b3FvYld3cW50WFozQUR0bkRXeVNpRFJjN3huamdjaDVSczlqR09tY3c3Q2duSVlELWlvUml5RW1BcF9J?oc=5\" target=\"_blank\" rel=\"noopener\">Encore un proc\u00e8s requis contre Nicolas Sarkozy dans l\u2019affaire libyenne<\/a>&nbsp;&nbsp;20 Minutes<\/li>\n<\/ol>\n","protected":false},"excerpt":{"rendered":"Fausse r\u00e9tractation de Takieddine : un proc\u00e8s requis contre Nicolas Sarkozy, Carla Bruni-Sarkozy et Mimi Marchand&nbsp;&nbsp;Mediapart R\u00e9tractation de&hellip;\n","protected":false},"author":2,"featured_media":604144,"comment_status":"","ping_status":"","sticky":false,"template":"","format":"standard","meta":{"footnotes":""},"categories":[2],"tags":[11,55952,15511,1011,27,303,12,3091,25,8172],"class_list":{"0":"post-604143","1":"post","2":"type-post","3":"status-publish","4":"format-standard","5":"has-post-thumbnail","7":"category-actualites","8":"tag-actualites","9":"tag-affaire-sarkozy-kadhafi","10":"tag-carla-bruni-sarkozy","11":"tag-fr","12":"tag-france","13":"tag-justice","14":"tag-news","15":"tag-nicolas-sarkozy","16":"tag-republique-francaise","17":"tag-ziad-takieddine"},"share_on_mastodon":{"url":"https:\/\/pubeurope.com\/@fr\/115732222147038878","error":""},"_links":{"self":[{"href":"https:\/\/www.europesays.com\/fr\/wp-json\/wp\/v2\/posts\/604143","targetHints":{"allow":["GET"]}}],"collection":[{"href":"https:\/\/www.europesays.com\/fr\/wp-json\/wp\/v2\/posts"}],"about":[{"href":"https:\/\/www.europesays.com\/fr\/wp-json\/wp\/v2\/types\/post"}],"author":[{"embeddable":true,"href":"https:\/\/www.europesays.com\/fr\/wp-json\/wp\/v2\/users\/2"}],"replies":[{"embeddable":true,"href":"https:\/\/www.europesays.com\/fr\/wp-json\/wp\/v2\/comments?post=604143"}],"version-history":[{"count":0,"href":"https:\/\/www.europesays.com\/fr\/wp-json\/wp\/v2\/posts\/604143\/revisions"}],"wp:featuredmedia":[{"embeddable":true,"href":"https:\/\/www.europesays.com\/fr\/wp-json\/wp\/v2\/media\/604144"}],"wp:attachment":[{"href":"https:\/\/www.europesays.com\/fr\/wp-json\/wp\/v2\/media?parent=604143"}],"wp:term":[{"taxonomy":"category","embeddable":true,"href":"https:\/\/www.europesays.com\/fr\/wp-json\/wp\/v2\/categories?post=604143"},{"taxonomy":"post_tag","embeddable":true,"href":"https:\/\/www.europesays.com\/fr\/wp-json\/wp\/v2\/tags?post=604143"}],"curies":[{"name":"wp","href":"https:\/\/api.w.org\/{rel}","templated":true}]}}