{"id":604163,"date":"2025-12-17T01:20:17","date_gmt":"2025-12-17T01:20:17","guid":{"rendered":"https:\/\/www.europesays.com\/fr\/604163\/"},"modified":"2025-12-17T01:20:17","modified_gmt":"2025-12-17T01:20:17","slug":"anne-elisabeth-lemoine-pose-une-question-sur-lea-salam","status":"publish","type":"post","link":"https:\/\/www.europesays.com\/fr\/604163\/","title":{"rendered":"Anne-Elisabeth Lemoine pose une question sur L\u00e9a Salam &#8230;"},"content":{"rendered":"<p>EN BREF<\/p>\n<ul class=\"bloc_resume_post_list\">\n<li>Anne-Sophie Lapix, apr\u00e8s avoir travaill\u00e9 pour TF1, M6, et<br \/>\nCanal+, rejoint France T\u00e9l\u00e9visions en 2013 pour remplacer<br \/>\nAlessandra Sublet sur France 5.<\/li>\n<li>En 2017, elle succ\u00e8de \u00e0 David Pujadas au JT de 20h de<br \/>\nFrance 2, mais est remplac\u00e9e par L\u00e9a Salam\u00e9 apr\u00e8s huit<br \/>\nans.<\/li>\n<li>Son d\u00e9part du JT est marqu\u00e9 par des \u00e9motions fortes et un<br \/>\nretour sur le plateau de C \u00e0 vous, o\u00f9 elle \u00e9voque son attachement \u00e0<br \/>\nla r\u00e9daction.<\/li>\n<\/ul>\n<p>Apr\u00e8s avoir \u00e9t\u00e9 l\u00a0\u00bbun des visages de TF1, de M6 et de Canal+.<br \/>\nAnne-Sophie Lapix avait rejoint le groupe France T\u00e9l\u00e9visions en<br \/>\n2013. L&rsquo;animatrice fut alors charg\u00e9e de remplacer Alessandra Sublet<br \/>\n\u00e0 la pr\u00e9sentation du talk-show quotidien de France 5, baptis\u00e9 C \u00e0<br \/>\nvous. Finalement, la journaliste a <strong>laiss\u00e9 \u00e0 son tour sa<br \/>\nplace \u00e0 sa chroniqueuse Anne-Elisabeth Lemoine en 2017<\/strong>.<br \/>\nLorsqu&rsquo;elle fut <a href=\"https:\/\/www.telestar.fr\/actu_tv\/20h-de-france-2-ce-sentiment-intense-que-david-pujadas-a-ressenti-apres-leviction-danne-sophie-lapix-1735181\" target=\"_blank\" rel=\"noopener\"><br \/>\nchoisie pour remplacer David Pujadas<\/a> \u00e0 la t\u00eate du JT de 20h de<br \/>\nFrance 2 cette ann\u00e9e-l\u00e0.<\/p>\n<p>Par la suite, Anne-Sophie Lapix pr\u00e9sentera ce journal t\u00e9l\u00e9vis\u00e9<br \/>\ndu lundi au jeudi durant huit longues ann\u00e9es. Malheureusement pour<br \/>\nelle, <strong>la direction de France T\u00e9l\u00e9visions a pris la d\u00e9cision<br \/>\nde l&rsquo;\u00e9carter il y a quelques mois.<\/strong> Pour la remplacer, les<br \/>\ndirigeants du groupe audiovisuel public ont <a href=\"https:\/\/www.telestar.fr\/people\/exclu-lea-salame-anne-sophie-lapix-cette-petite-phrase-dun-confrere-quelles-pourraient-tres-mal-prendre-1735006\" target=\"_blank\" rel=\"noopener\"><br \/>\njet\u00e9 leur d\u00e9volu sur L\u00e9a Salam\u00e9<\/a>. Apr\u00e8s que Caroline Roux ait<br \/>\nd\u00e9clin\u00e9 le poste pour continuer \u00e0 pr\u00e9senter C dans l&rsquo;air sur France<br \/>\n5.<\/p>\n<p>Anne-Sophie Lapix sur son d\u00e9part du JT de 20h de France 2 :<br \/>\n\u00ab\u00a0C&rsquo;est une r\u00e9daction tr\u00e8s attachante\u00a0\u00bb<\/p>\n<p>Ayant initialement d\u00e9cid\u00e9 de poursuivre sa collaboration avec<br \/>\nFrance T\u00e9l\u00e9visions. Anne-Sophie Lapix a finalement d\u00e9cid\u00e9 de<br \/>\nquitter le groupe audiovisuel public pour rejoindre M6 durant le<br \/>\nmercato estival. D\u00e9sormais, <strong>elle pr\u00e9sente un entretien<br \/>\ndominical sur la cha\u00eene baptis\u00e9 le 20h10<\/strong>. En parall\u00e8le, la<br \/>\njournaliste a pris la succession d&rsquo;Yves Calvi aux commandes de la<br \/>\ntranche d&rsquo;information quotidienne diffus\u00e9e entre 18h et 20h sur<br \/>\nRTL.<\/p>\n<p>Mardi 16 d\u00e9cembre 2025, Anne-Sophie Lapix \u00e9tait de retour sur le<br \/>\nplateau de C \u00e0 vous sur France 5. Sans grande surprise,<br \/>\nAnne-Elisabeth Lemoine l&rsquo;a interrog\u00e9 sur son r\u00e9cent d\u00e9part du JT de<br \/>\n20h de France 2. \u00ab\u00a0Il y avait beaucoup d&rsquo;\u00e9motions, \u00e9videmment.<br \/>\nJ&rsquo;\u00e9tais heureuse d&rsquo;avoir tous ces gens autour de moi. La r\u00e9daction<br \/>\n\u00e0 laquelle j&rsquo;\u00e9tais vraiment tr\u00e8s attach\u00e9e. C&rsquo;est une r\u00e9daction tr\u00e8s<br \/>\nattachante. (&#8230;) <strong>Ils sont passionn\u00e9s, tr\u00e8s fiers de porter<br \/>\nl&rsquo;information du service public.<\/strong> Donc c&rsquo;est assez touchant<br \/>\nquand on arrive dans cette r\u00e9daction\u00a0\u00bb, a premi\u00e8rement d\u00e9clar\u00e9<br \/>\nla journaliste.<\/p>\n<p>C \u00e0 vous : la journaliste \u00e9lude une<br \/>\nquestion sur son \u00ab\u00a0petit message d&rsquo;encouragement\u00a0\u00bb pour L\u00e9a<br \/>\nSalam\u00e9<\/p>\n<p>\u00ab\u00a0Je n&rsquo;avais pas l&rsquo;impression qu&rsquo;on m&rsquo;avait coup\u00e9 dans mon<br \/>\n\u00e9lan. C&rsquo;est long 8 ans. Mais \u00e9videmment c&rsquo;est une s\u00e9paration dans<br \/>\ndes circonstances un peu compliqu\u00e9es. <a href=\"https:\/\/www.closermag.fr\/tv_tele_realite\/quitter-le-plateau-lea-salame-prevenue-par-anne-sophie-lapix-avant-son-grand-saut-3568158\" target=\"_blank\" rel=\"noopener\"><br \/>\nCe n&rsquo;\u00e9tait pas un choix d\u00e9lib\u00e9r\u00e9.<\/a> Mais je vous dis, \u00e0 tout<br \/>\nmoment on m&rsquo;aurait demand\u00e9 de partir. Je l&rsquo;aurais compris. C&rsquo;\u00e9tait<br \/>\ncoh\u00e9rent. <strong>Au d\u00e9but je pensais pas faire 8 ans.<\/strong> Je<br \/>\nn&rsquo;avais jamais fait 8 ans quelque part donc voil\u00e0\u00a0\u00bb, a ensuite<br \/>\najout\u00e9 Anne-Sophie Lapix.<\/p>\n<p>\u00ab\u00a0Quand j&rsquo;ai quitt\u00e9 C \u00e0 vous. Je ne r\u00eavais pas de pr\u00e9senter<br \/>\nle 20h. Apr\u00e8s, c&rsquo;\u00e9tait une proposition qui \u00e9tait quand m\u00eame belle.<br \/>\nEt puis c&rsquo;est vrai que c&rsquo;\u00e9tait coh\u00e9rent avec moi. Avec une carri\u00e8re<br \/>\nde journaliste. Comme j&rsquo;ai souvent pr\u00e9sent\u00e9 des journaux\u00a0\u00bb,<br \/>\na-t-elle \u00e9galement soulign\u00e9. Par la suite Anne-Elisabeth Lemoine<br \/>\nest revenue sur le \u00ab\u00a0petit message d&rsquo;encouragement\u00a0\u00bb que sa<br \/>\ncons\u0153ur avait adress\u00e9 \u00e0 L\u00e9a Salam\u00e9 au moment de lui laisser sa<br \/>\nplace. \u00ab\u00a0<strong>C&rsquo;est surtout un t\u00e9moignage du<br \/>\nv\u00e9cu<\/strong>\u00ab\u00a0, a ainsi r\u00e9pliqu\u00e9 Anne-Sophie Lapix. Avant de<br \/>\nchanger rapidement de sujet.<\/p>\n","protected":false},"excerpt":{"rendered":"EN BREF Anne-Sophie Lapix, apr\u00e8s avoir travaill\u00e9 pour TF1, M6, et Canal+, rejoint France T\u00e9l\u00e9visions en 2013 pour&hellip;\n","protected":false},"author":2,"featured_media":604164,"comment_status":"","ping_status":"","sticky":false,"template":"","format":"standard","meta":{"footnotes":""},"categories":[1356],"tags":[21313,548,58,59,1011,27,252,1364],"class_list":{"0":"post-604163","1":"post","2":"type-post","3":"status-publish","4":"format-standard","5":"has-post-thumbnail","7":"category-television","8":"tag-anne-sophie-lapix","9":"tag-article-simple","10":"tag-divertissement","11":"tag-entertainment","12":"tag-fr","13":"tag-france","14":"tag-television","15":"tag-tv"},"share_on_mastodon":{"url":"https:\/\/pubeurope.com\/@fr\/115732285115509451","error":""},"_links":{"self":[{"href":"https:\/\/www.europesays.com\/fr\/wp-json\/wp\/v2\/posts\/604163","targetHints":{"allow":["GET"]}}],"collection":[{"href":"https:\/\/www.europesays.com\/fr\/wp-json\/wp\/v2\/posts"}],"about":[{"href":"https:\/\/www.europesays.com\/fr\/wp-json\/wp\/v2\/types\/post"}],"author":[{"embeddable":true,"href":"https:\/\/www.europesays.com\/fr\/wp-json\/wp\/v2\/users\/2"}],"replies":[{"embeddable":true,"href":"https:\/\/www.europesays.com\/fr\/wp-json\/wp\/v2\/comments?post=604163"}],"version-history":[{"count":0,"href":"https:\/\/www.europesays.com\/fr\/wp-json\/wp\/v2\/posts\/604163\/revisions"}],"wp:featuredmedia":[{"embeddable":true,"href":"https:\/\/www.europesays.com\/fr\/wp-json\/wp\/v2\/media\/604164"}],"wp:attachment":[{"href":"https:\/\/www.europesays.com\/fr\/wp-json\/wp\/v2\/media?parent=604163"}],"wp:term":[{"taxonomy":"category","embeddable":true,"href":"https:\/\/www.europesays.com\/fr\/wp-json\/wp\/v2\/categories?post=604163"},{"taxonomy":"post_tag","embeddable":true,"href":"https:\/\/www.europesays.com\/fr\/wp-json\/wp\/v2\/tags?post=604163"}],"curies":[{"name":"wp","href":"https:\/\/api.w.org\/{rel}","templated":true}]}}