{"id":604173,"date":"2025-12-17T01:25:15","date_gmt":"2025-12-17T01:25:15","guid":{"rendered":"https:\/\/www.europesays.com\/fr\/604173\/"},"modified":"2025-12-17T01:25:15","modified_gmt":"2025-12-17T01:25:15","slug":"ce-journaliste-de-quotidien-remporte-le-prix-goncourt-des-detenus","status":"publish","type":"post","link":"https:\/\/www.europesays.com\/fr\/604173\/","title":{"rendered":"Ce journaliste de \u00ab\u00a0Quotidien\u00a0\u00bb remporte le prix Goncourt des d\u00e9tenus"},"content":{"rendered":"<p>        <img decoding=\"async\" loading=\"lazy\" src=\"https:\/\/www.europesays.com\/fr\/wp-content\/uploads\/2025\/12\/fe1e828_upload-1-9cofyb5k4n7a-afp-20251118-hl-eberacassat-2960417-v1-highres-francepariselyseepalace.jpeg\"  width=\"728\" height=\"410\" alt=\"Le journaliste Paul Gasnier de l\u2019\u00e9mission Quotidien, devant la salle de presse au palais de l\u2019\u00c9lys\u00e9e, novembre\u00a02025.\"\/>  <\/p>\n<p>ERIC BERACASSAT \/ Hans Lucas via AFP<\/p>\n<p>Le journaliste Paul Gasnier de l\u2019\u00e9mission Quotidien, devant la salle de presse au palais de l\u2019\u00c9lys\u00e9e, novembre\u00a02025.<\/p>\n<p class=\"asset asset-text\">Un livre qui a trouv\u00e9 son public et qui re\u00e7oit sa premi\u00e8re distinction. Le journaliste Paul Gasnier a remport\u00e9 ce mardi 16\u00a0d\u00e9cembre le prix Goncourt des d\u00e9tenus avec La collision (Gallimard), le r\u00e9cit de la mort de sa m\u00e8re dans un accident de v\u00e9lo provoqu\u00e9 lors d\u2019un rod\u00e9o urbain, a annonc\u00e9 le <a href=\"https:\/\/www.huffingtonpost.fr\/culture\/article\/le-decrochage-des-jeunes-a-la-lecture-s-accentue-selon-le-centre-national-du-livre_216457.html\" target=\"_blank\" rel=\"noopener\">Centre national du livre <\/a>(CNL).<\/p>\n<p class=\"asset asset-text\">Ce prix est le premier \u00e0 r\u00e9compenser\u00a0La collision qui, avec plus de 50\u00a0000 exemplaires vendus, est l\u2019un des principaux succ\u00e8s de la rentr\u00e9e litt\u00e9raire de septembre.<\/p>\n<p class=\"asset asset-text\">\u00ab\u00a0C\u2019est \u00e9videmment une tr\u00e8s grande surprise pour moi car j\u2019\u00e9tais convaincu que mon livre allait passer sous les radars\u00a0\u00bb, s\u2019est f\u00e9licit\u00e9 Paul Gasnier, journaliste de l\u2019\u00e9mission<a href=\"https:\/\/www.huffingtonpost.fr\/culture\/article\/blanche-gardin-en-retrait-des-medias-l-actrice-explique-les-raisons-de-son-absence_256856.html\" target=\"_blank\" rel=\"noopener\"> Quotidien<\/a> (TMC), lors de la remise du prix.<\/p>\n<p>    Des lecteurs \u00ab\u00a0impitoyables\u00a0\u00bb    <\/p>\n<p class=\"asset asset-text\">Son premier roman raconte, sans pathos, l\u2019accident mortel de sa m\u00e8re en 2012 \u00e0 Lyon et l\u2019enqu\u00eate qu\u2019il m\u00e8ne pour tenter de comprendre comment un tel \u00e9v\u00e9nement a \u00e9t\u00e9 rendu possible.<\/p>\n<p class=\"asset asset-text\">Paul Gasnier estime que l\u2019int\u00e9r\u00eat des lecteurs peut \u00eatre li\u00e9 au fait que le livre traite de \u00ab\u00a0la d\u00e9linquance et de l\u2019ins\u00e9curit\u00e9, des sujets tr\u00e8s peu abord\u00e9s par la litt\u00e9rature alors qu\u2019ils sont tr\u00e8s pr\u00e9sents dans les conversations, les m\u00e9dias et la politique\u00a0\u00bb.<\/p>\n<p class=\"asset asset-text\">Depuis sa sortie, il a pr\u00e9sent\u00e9\u00a0La collision dans plusieurs \u00e9tablissements p\u00e9nitentiaires, comme Ch\u00e2teaudun ou Brest\u00a0: \u00ab\u00a0c\u2019\u00e9tait des \u00e9changes ardus parce que les d\u00e9tenus sont des lecteurs impitoyables\u00a0\u00bb, avec \u00ab\u00a0des questions vraiment tr\u00e8s aiguis\u00e9es et qui \u00e9taient li\u00e9es au pardon, \u00e0 la vengeance, \u00e0 la responsabilit\u00e9\u00a0\u00bb.<\/p>\n<p>    600 jur\u00e9s au sein de 45 prisons    <\/p>\n<p class=\"asset asset-text\">Cr\u00e9\u00e9 en 2022, le Goncourt des d\u00e9tenus est issu des d\u00e9lib\u00e9rations de 600 jur\u00e9s au sein de 45 \u00e9tablissements p\u00e9nitentiaires de toute la France, y compris d\u2019outre-mer.<\/p>\n<p class=\"asset asset-text\">Le processus s\u2019est achev\u00e9 par une d\u00e9lib\u00e9ration finale de dix d\u00e9tenus, hommes et femmes, r\u00e9unis \u00e0 huis clos au Centre national du livre \u00e0 Paris.<\/p>\n<p class=\"asset asset-text\">L\u2019objectif de ce prix soutenu par les minist\u00e8res de la Culture et de la Justice sous le patronage de l\u2019Acad\u00e9mie Goncourt vise \u00e0 \u00ab\u00a0rendre les personnes d\u00e9tenues actrices d\u2019un prix litt\u00e9raire en valorisant leur capacit\u00e9 critique\u00a0\u00bb, selon le CNL.<\/p>\n<p class=\"asset asset-text\">Un d\u00e9tenu, tenu \u00e0 l\u2019anonymat, a expliqu\u00e9 que, n\u2019\u00e9tant \u00ab\u00a0pas grand lecteur\u00a0\u00bb avant la prison, il avait \u00ab\u00a0plong\u00e9 dans la lecture\u00a0\u00bb gr\u00e2ce au prix Goncourt et avait pu ainsi \u00ab\u00a0s\u2019\u00e9vader par l\u2019esprit\u00a0\u00bb.<\/p>\n","protected":false},"excerpt":{"rendered":"ERIC BERACASSAT \/ Hans Lucas via AFP Le journaliste Paul Gasnier de l\u2019\u00e9mission Quotidien, devant la salle de&hellip;\n","protected":false},"author":2,"featured_media":604174,"comment_status":"","ping_status":"","sticky":false,"template":"","format":"standard","meta":{"footnotes":""},"categories":[8],"tags":[251,58,59,1011,27,1351,806],"class_list":{"0":"post-604173","1":"post","2":"type-post","3":"status-publish","4":"format-standard","5":"has-post-thumbnail","7":"category-divertissement","8":"tag-culture","9":"tag-divertissement","10":"tag-entertainment","11":"tag-fr","12":"tag-france","13":"tag-litterature","14":"tag-prison"},"share_on_mastodon":{"url":"https:\/\/pubeurope.com\/@fr\/115732305497289841","error":""},"_links":{"self":[{"href":"https:\/\/www.europesays.com\/fr\/wp-json\/wp\/v2\/posts\/604173","targetHints":{"allow":["GET"]}}],"collection":[{"href":"https:\/\/www.europesays.com\/fr\/wp-json\/wp\/v2\/posts"}],"about":[{"href":"https:\/\/www.europesays.com\/fr\/wp-json\/wp\/v2\/types\/post"}],"author":[{"embeddable":true,"href":"https:\/\/www.europesays.com\/fr\/wp-json\/wp\/v2\/users\/2"}],"replies":[{"embeddable":true,"href":"https:\/\/www.europesays.com\/fr\/wp-json\/wp\/v2\/comments?post=604173"}],"version-history":[{"count":0,"href":"https:\/\/www.europesays.com\/fr\/wp-json\/wp\/v2\/posts\/604173\/revisions"}],"wp:featuredmedia":[{"embeddable":true,"href":"https:\/\/www.europesays.com\/fr\/wp-json\/wp\/v2\/media\/604174"}],"wp:attachment":[{"href":"https:\/\/www.europesays.com\/fr\/wp-json\/wp\/v2\/media?parent=604173"}],"wp:term":[{"taxonomy":"category","embeddable":true,"href":"https:\/\/www.europesays.com\/fr\/wp-json\/wp\/v2\/categories?post=604173"},{"taxonomy":"post_tag","embeddable":true,"href":"https:\/\/www.europesays.com\/fr\/wp-json\/wp\/v2\/tags?post=604173"}],"curies":[{"name":"wp","href":"https:\/\/api.w.org\/{rel}","templated":true}]}}