{"id":604179,"date":"2025-12-17T01:28:17","date_gmt":"2025-12-17T01:28:17","guid":{"rendered":"https:\/\/www.europesays.com\/fr\/604179\/"},"modified":"2025-12-17T01:28:17","modified_gmt":"2025-12-17T01:28:17","slug":"je-me-suis-mis-a-la-place-des-mamans-qui-ont-perdu-leur-enfant","status":"publish","type":"post","link":"https:\/\/www.europesays.com\/fr\/604179\/","title":{"rendered":"\u00ab Je me suis mis \u00e0 la place des mamans qui ont perdu leur enfant \u00bb"},"content":{"rendered":"<p>                        <a class=\"author\" href=\"https:\/\/www.parismatch.com\/auteurs\/yannick-vely\" target=\"_blank\" rel=\"noopener\">Yannick Vely<\/a><br \/>\n        16\/12\/2025 \u00e0 22:19, Mis \u00e0 jour le 16\/12\/2025 \u00e0 22:37<\/p>\n<p class=\"intro\">L&rsquo;actrice Nadia Far\u00e8s a eu la frayeur de sa vie quand elle a appris que sa fille Cylia, 20 ans, \u00e9tait sur la plage de Bondi Beach quelques instants avant l&rsquo;attaque terroriste qui a co\u00fbt\u00e9 la vie \u00e0 15 innocents. Mais c&rsquo;est un message de paix entre les peuples qu&rsquo;elle porte aujourd&rsquo;hui, \u00e0 l&rsquo;image du h\u00e9ros Ahmed al ahmed, musulman qui a risqu\u00e9 sa vie pour sauver des juifs. <\/p>\n<p><strong>Paris Match. Comment va votre fille Cylia qui se trouvait sur la plage de Bondi Beach le jour de l\u2019attaque terroriste\u00a0?<\/strong><br \/><strong>Nadia Far\u00e8s.<\/strong> Ma fille va bien. Elle est surtout tr\u00e8s secou\u00e9e. Un proche de son petit ami a \u00e9t\u00e9 bless\u00e9 \u00e0 la jambe. Il a \u00e9t\u00e9 hospitalis\u00e9 mais heureusement son pronostic vital n\u2019est pas engag\u00e9. Elle est arriv\u00e9e l\u2019avant-veille du drame \u00e0 Sydney, la famille de son compagnon a une maison qui donne sur la plage. Ils ont emprunt\u00e9 le pont juste avant l\u2019attaque. Cela s\u2019est jou\u00e9 \u00e0 quelques minutes. Ils ont m\u00eame h\u00e9sit\u00e9 \u00e0 retourner mais avec le jet-lag ils \u00e9taient trop fatigu\u00e9s. Ils ont alors entendu des coups de feu. Tout le monde courait. Ils sont rest\u00e9s en s\u00e9curit\u00e9 dans la maison et ont entendu le massacre se d\u00e9rouler. Avec son petit ami, ils sont retourn\u00e9s sur la plage le lendemain pour se recueillir.<\/p>\n<p><strong>Quelle a \u00e9t\u00e9 votre r\u00e9action quand vous avez appris que votre fille \u00e9tait saine et sauve\u00a0?<\/strong><br \/>On remercie le ciel, Dieu. J\u2019ai fait l\u2019exp\u00e9rience de vagues de chair de poule. Je me suis mis \u00e0 la place des mamans qui ont perdu leur enfant l\u00e0-bas.<\/p>\n<p>    La suite apr\u00e8s cette publicit\u00e9<\/p>\n<p>\u00ab\u00a0C\u2019est un musulman mod\u00e9r\u00e9 qui a neutralis\u00e9 un musulman radicalis\u00e9 pour sauver des juifs\u00a0\u00bb<\/p>\n<p><strong>Sur votre compte Instagram, vous avez aussi remerci\u00e9 Ahmed al Ahmed d\u2019avoir sauv\u00e9 tant de vies humaines.<\/strong><br \/>Oui, dans cette journ\u00e9e dramatique, c\u2019est le message dont tout le monde avait besoin. Il faut cesser d\u2019opposer les juifs contre les Arabes. La tr\u00e8s grande majorit\u00e9 des musulmans sont mod\u00e9r\u00e9s. Qu\u2019un musulman se l\u00e8ve pour sauver des Juifs au risque de perdre sa vie, cela remplit le c\u0153ur, cela redonne \u00e0 tous l\u2019espoir que cesse la haine. Les gens mettent trop dans le m\u00eame panier tous les musulmans. Les Islamistes s\u2019en prennent d\u2019abord aux musulmans mod\u00e9r\u00e9s. Beaucoup de musulmans se l\u00e8vent ou prennent la parole sur les r\u00e9seaux sociaux pour combattre cette stigmatisation. Les Islamistes radicaux se cachent derri\u00e8re l\u2019Islam. Il faut arr\u00eater de se diviser. Ils ne r\u00eavent que d\u2019une chose\u00a0: cr\u00e9er le chaos. Ahmed al Ahmed a dit non au radicalisme, \u00e0 la haine. Ce n\u2019est pas une religion contre une religion. On aspire tous \u00e0 la paix, \u00e0 sortir avec le sourire et non le poing lev\u00e9.<\/p>\n<p>    La suite apr\u00e8s cette publicit\u00e9<\/p>\n<p><strong>Pensez-vous qu\u2019on se souviendra plus de son geste que des crimes des terroristes\u00a0?<\/strong><br \/>Oui, c\u2019est un musulman mod\u00e9r\u00e9 qui a neutralis\u00e9 un musulman radicalis\u00e9 pour sauver des juifs. Cela a neutralis\u00e9 toutes les discussions toxiques. J\u2019ai du sang marocain, arm\u00e9nien, des amis juifs et musulmans. On a tous un cerveau, on a tous envie de vivre en paix. Ce 13\u00a0d\u00e9cembre, j\u2019esp\u00e8re qu\u2019avec le geste d\u2019Ahmed al Ahmed les consciences vont s\u2019\u00e9veiller. Il faut cesser l\u2019antis\u00e9mitisme, cesser de stigmatiser tous les musulmans. Ce que cet homme a fait, c\u2019est rappeler au monde que l\u2019humanit\u00e9 existe encore et que chacun de nous a un choix \u00e0 faire\u00a0: nourrir le probl\u00e8me ou d\u00e9cider, enfin de faire partie de la solution et de tendre la main vers l\u2019autre.<\/p>\n","protected":false},"excerpt":{"rendered":"Yannick Vely 16\/12\/2025 \u00e0 22:19, Mis \u00e0 jour le 16\/12\/2025 \u00e0 22:37 L&rsquo;actrice Nadia Far\u00e8s a eu la&hellip;\n","protected":false},"author":2,"featured_media":604180,"comment_status":"","ping_status":"","sticky":false,"template":"","format":"standard","meta":{"footnotes":""},"categories":[5],"tags":[11,1011,27,14,12,28],"class_list":{"0":"post-604179","1":"post","2":"type-post","3":"status-publish","4":"format-standard","5":"has-post-thumbnail","7":"category-international","8":"tag-actualites","9":"tag-fr","10":"tag-france","11":"tag-international","12":"tag-news","13":"tag-world"},"share_on_mastodon":{"url":"https:\/\/pubeurope.com\/@fr\/115732316472213509","error":""},"_links":{"self":[{"href":"https:\/\/www.europesays.com\/fr\/wp-json\/wp\/v2\/posts\/604179","targetHints":{"allow":["GET"]}}],"collection":[{"href":"https:\/\/www.europesays.com\/fr\/wp-json\/wp\/v2\/posts"}],"about":[{"href":"https:\/\/www.europesays.com\/fr\/wp-json\/wp\/v2\/types\/post"}],"author":[{"embeddable":true,"href":"https:\/\/www.europesays.com\/fr\/wp-json\/wp\/v2\/users\/2"}],"replies":[{"embeddable":true,"href":"https:\/\/www.europesays.com\/fr\/wp-json\/wp\/v2\/comments?post=604179"}],"version-history":[{"count":0,"href":"https:\/\/www.europesays.com\/fr\/wp-json\/wp\/v2\/posts\/604179\/revisions"}],"wp:featuredmedia":[{"embeddable":true,"href":"https:\/\/www.europesays.com\/fr\/wp-json\/wp\/v2\/media\/604180"}],"wp:attachment":[{"href":"https:\/\/www.europesays.com\/fr\/wp-json\/wp\/v2\/media?parent=604179"}],"wp:term":[{"taxonomy":"category","embeddable":true,"href":"https:\/\/www.europesays.com\/fr\/wp-json\/wp\/v2\/categories?post=604179"},{"taxonomy":"post_tag","embeddable":true,"href":"https:\/\/www.europesays.com\/fr\/wp-json\/wp\/v2\/tags?post=604179"}],"curies":[{"name":"wp","href":"https:\/\/api.w.org\/{rel}","templated":true}]}}