{"id":604181,"date":"2025-12-17T01:29:24","date_gmt":"2025-12-17T01:29:24","guid":{"rendered":"https:\/\/www.europesays.com\/fr\/604181\/"},"modified":"2025-12-17T01:29:24","modified_gmt":"2025-12-17T01:29:24","slug":"dermatose-nodulaire-les-agriculteurs-tarnais-ont-enseveli-la-sous-prefecture-sous-les-pneus-et-le-lisier","status":"publish","type":"post","link":"https:\/\/www.europesays.com\/fr\/604181\/","title":{"rendered":"Dermatose nodulaire\u00a0: les agriculteurs tarnais ont enseveli la sous-pr\u00e9fecture sous les pneus et le lisier"},"content":{"rendered":"<p>\n                                                                    l&rsquo;essentiel<br \/>\n                                                                La crise de la dermatose nodulaire contagieuse exacerbe la col\u00e8re des agriculteurs tarnais. \u00c0 Castres, ils ont manifest\u00e9 mardi soir en d\u00e9versant des pneus et arrosant la sous-pr\u00e9fecture. Leur d\u00e9termination reste intacte malgr\u00e9 une rencontre infructueuse avec la ministre.\n                            <\/p>\n<p>Ils \u00e9taient nombreux, soutenus et d\u00e9termin\u00e9s. Ce mardi, dans la soir\u00e9e, autour de 21\u00a0h, les agriculteurs sud-tarnais se sont mobilis\u00e9s devant la sous-pr\u00e9fecture de Castres pour crier leur col\u00e8re. La crise de la dermatose nodulaire contagieuse s\u2019intensifie en effet et les agriculteurs durcissent leur mouvement apr\u00e8s une rencontre d\u00e9cevante avec la ministre de l\u2019Agriculture.<\/p>\n<p class=\"std-elt__inline\">\n        <strong>\u00c0 lire aussi :<\/strong><br \/>\n        <a href=\"https:\/\/www.ladepeche.fr\/2025\/12\/16\/dermatose-nodulaire-vaccination-armee-en-renfort-ce-quil-faut-retenir-des-declarations-de-la-ministre-de-lagriculture-13115017.php\" target=\"_blank\" rel=\"noopener\">Dermatose nodulaire\u00a0: vaccination, arm\u00e9e en renfort\u2026 ce qu\u2019il faut retenir des d\u00e9clarations de la ministre de l\u2019Agriculture<\/a>\n    <\/p>\n<p>        <img decoding=\"async\" class=\"std-img__img responsive-img\" src=\"https:\/\/www.europesays.com\/fr\/wp-content\/uploads\/2025\/12\/1765934961_123_image.jpg\" alt=\"La fa\u00e7ade de la sous-pr\u00e9fecture de Castres a \u00e9t\u00e9 largement arros\u00e9e.\"\/><\/p>\n<p>                La fa\u00e7ade de la sous-pr\u00e9fecture de Castres a \u00e9t\u00e9 largement arros\u00e9e.<br \/>\n                                    DDM &#8211; CM<\/p>\n<p class=\"std-elt__inline\">\n        <strong>\u00c0 lire aussi :<\/strong><br \/>\n        <a href=\"https:\/\/www.ladepeche.fr\/2025\/12\/16\/dermatose-nodulaire-dans-le-tarn-la-colere-des-eleveurs-deborde-et-le-conflit-senlise-13114752.php\" target=\"_blank\" rel=\"noopener\">Dermatose nodulaire\u00a0: dans le Tarn, la col\u00e8re des \u00e9leveurs d\u00e9borde et le conflit s\u2019enlise<\/a>\n    <\/p>\n<p>\u00c0 Castres, ils ont notamment d\u00e9vers\u00e9 une impressionnante quantit\u00e9 de pneus et copieusement arros\u00e9 la fa\u00e7ade du b\u00e2timent public, sur les boulevards. En plus de nombreux agriculteurs tarnais, on trouvait sur place des Castrais venus voir ce qu\u2019il se passait et qui affichaient leur soutien aux manifestants.<\/p>\n<p>        <img decoding=\"async\" class=\"std-img__img responsive-img\" src=\"https:\/\/www.europesays.com\/fr\/wp-content\/uploads\/2025\/12\/1765934964_857_image.jpg\" alt=\"Une mobilisation symbolique qui n\u2019apaise pas la col\u00e8re des agriculteurs.\"\/><\/p>\n<p>                Une mobilisation symbolique qui n\u2019apaise pas la col\u00e8re des agriculteurs.<br \/>\n                                    DDM &#8211; CM<\/p>\n<p>Police municipale et police nationale \u00e9taient mobilis\u00e9es pour assurer la circulation aux abords du boulevard.<\/p>\n","protected":false},"excerpt":{"rendered":"l&rsquo;essentiel La crise de la dermatose nodulaire contagieuse exacerbe la col\u00e8re des agriculteurs tarnais. \u00c0 Castres, ils ont&hellip;\n","protected":false},"author":2,"featured_media":604182,"comment_status":"","ping_status":"","sticky":false,"template":"","format":"standard","meta":{"footnotes":""},"categories":[4],"tags":[11,327,8173,70814,33,1011,27,12,25,8412],"class_list":{"0":"post-604181","1":"post","2":"type-post","3":"status-publish","4":"format-standard","5":"has-post-thumbnail","7":"category-france","8":"tag-actualites","9":"tag-agriculture","10":"tag-castres","11":"tag-dermatose-nodulaire","12":"tag-economie","13":"tag-fr","14":"tag-france","15":"tag-news","16":"tag-republique-francaise","17":"tag-tarn"},"share_on_mastodon":{"url":"https:\/\/pubeurope.com\/@fr\/115732322173409591","error":""},"_links":{"self":[{"href":"https:\/\/www.europesays.com\/fr\/wp-json\/wp\/v2\/posts\/604181","targetHints":{"allow":["GET"]}}],"collection":[{"href":"https:\/\/www.europesays.com\/fr\/wp-json\/wp\/v2\/posts"}],"about":[{"href":"https:\/\/www.europesays.com\/fr\/wp-json\/wp\/v2\/types\/post"}],"author":[{"embeddable":true,"href":"https:\/\/www.europesays.com\/fr\/wp-json\/wp\/v2\/users\/2"}],"replies":[{"embeddable":true,"href":"https:\/\/www.europesays.com\/fr\/wp-json\/wp\/v2\/comments?post=604181"}],"version-history":[{"count":0,"href":"https:\/\/www.europesays.com\/fr\/wp-json\/wp\/v2\/posts\/604181\/revisions"}],"wp:featuredmedia":[{"embeddable":true,"href":"https:\/\/www.europesays.com\/fr\/wp-json\/wp\/v2\/media\/604182"}],"wp:attachment":[{"href":"https:\/\/www.europesays.com\/fr\/wp-json\/wp\/v2\/media?parent=604181"}],"wp:term":[{"taxonomy":"category","embeddable":true,"href":"https:\/\/www.europesays.com\/fr\/wp-json\/wp\/v2\/categories?post=604181"},{"taxonomy":"post_tag","embeddable":true,"href":"https:\/\/www.europesays.com\/fr\/wp-json\/wp\/v2\/tags?post=604181"}],"curies":[{"name":"wp","href":"https:\/\/api.w.org\/{rel}","templated":true}]}}