{"id":604194,"date":"2025-12-17T01:38:26","date_gmt":"2025-12-17T01:38:26","guid":{"rendered":"https:\/\/www.europesays.com\/fr\/604194\/"},"modified":"2025-12-17T01:38:26","modified_gmt":"2025-12-17T01:38:26","slug":"travail-dissimule-objets-contrefaits-4-kg-de-marijuana-saisis-lors-dune-operation-zero-delinquance-menee-autour-de-montpellier","status":"publish","type":"post","link":"https:\/\/www.europesays.com\/fr\/604194\/","title":{"rendered":"Travail dissimul\u00e9, objets contrefaits, 4\u00a0kg de marijuana saisis\u2026 lors d\u2019une op\u00e9ration \u00ab\u00a0Z\u00e9ro d\u00e9linquance\u00a0\u00bb men\u00e9e autour de Montpellier"},"content":{"rendered":"<p>\n                                                                Ce lundi 15\u00a0d\u00e9cembre, les gendarmes de la compagnie de Castelnau-le-Lez ont men\u00e9 une vaste op\u00e9ration dans le cadre de la lutte contre la d\u00e9linquance. Parmi les 215 personnes contr\u00f4l\u00e9es, trois ont fait l\u2019objet d\u2019un placement en garde \u00e0 vue.\n                            <\/p>\n<p>Une vaste op\u00e9ration \u00ab\u00a0Z\u00e9ro d\u00e9linquance\u00a0\u00bb\u00a0a \u00e9t\u00e9 men\u00e9e ce lundi 15\u00a0d\u00e9cembre\u00a0sur le territoire de la compagnie de gendarmerie de Castelnau-le-Lez.\u00a0D\u00e8s les premi\u00e8res heures, plus d\u2019une cinquantaine de gendarmes ont \u00e9t\u00e9 d\u00e9ploy\u00e9s sur plusieurs points strat\u00e9giques.<\/p>\n<p>Des contr\u00f4les fixes et mobiles ont \u00e9t\u00e9 install\u00e9s aux abords des commerces sur les communes de Jacou, Saint-Jean-de-V\u00e9das et Castelnau-le-Lez, sur les principaux axes routiers\u00a0mais aussi le long des lignes de tramway et \u00e0 proximit\u00e9 de la gare SNCF de Villeneuve-l\u00e8s-Maguelone.<\/p>\n<p>        <img decoding=\"async\" class=\"std-img__img responsive-img\" src=\"https:\/\/www.europesays.com\/fr\/wp-content\/uploads\/2025\/12\/1765935504_822_image.png\" alt=\"Des contr\u00f4les r\u00e9alis\u00e9s au niveau de la ligne 2 de tramway \u00e0 Saint-Jean-de-V\u00e9das.\"\/><\/p>\n<p>                Des contr\u00f4les r\u00e9alis\u00e9s au niveau de la ligne 2 de tramway \u00e0 Saint-Jean-de-V\u00e9das.<br \/>\n                                    ML &#8211; Gendarmerie nationale 34<\/p>\n<p>Les militaires ont b\u00e9n\u00e9fici\u00e9 de l\u2019appui de plusieurs \u00e9quipes cynophiles du groupement d\u2019intervention cynophile (GIC) de Lunel\u00a0ainsi que du concours de plusieurs polices municipales et de la police m\u00e9tropolitaine des transports (PMT) de Montpellier.<\/p>\n<p>Une arme de poing saisie<\/p>\n<p>Au total, plus de 215 personnes et 70 v\u00e9hicules ont \u00e9t\u00e9 contr\u00f4l\u00e9s au cours de la journ\u00e9e. Ces v\u00e9rifications ont donn\u00e9 lieu \u00e0 22 infractions, principalement routi\u00e8res et \u00e0 l\u2019usage de stup\u00e9fiants. Trois personnes ont \u00e9t\u00e9 plac\u00e9es en garde \u00e0 vue parmi lesquelles un individu trouv\u00e9 en possession de plus de 4,3\u00a0kg\u00a0d\u2019herbe de cannabis. Plusieurs consommateurs ont \u00e9galement \u00e9t\u00e9 verbalis\u00e9s par le biais d\u2019amendes forfaitaires d\u00e9lictuelles. Une arme de poing a par ailleurs \u00e9t\u00e9 d\u00e9couverte entra\u00eenant l\u00e0 aussi le placement en garde \u00e0 vue de son propri\u00e9taire.<\/p>\n<p>        <img decoding=\"async\" class=\"std-img__img responsive-img\" src=\"https:\/\/www.europesays.com\/fr\/wp-content\/uploads\/2025\/12\/1765935506_722_image.png\" alt=\"S\u00e9curisation des commerces.\"\/><\/p>\n<p>                S\u00e9curisation des commerces.<br \/>\n                                    ML &#8211; Gendarmerie nationale 34<\/p>\n<p>Les gendarmes ont aussi\u00a0proc\u00e9d\u00e9 \u00e0 la saisie de 20 cartouches de cigarettes illicites ainsi que de plus de 9\u00a0370\u00a0euros en num\u00e9raire. Une somme susceptible d\u2019\u00eatre en lien avec des faits de blanchiment d\u2019argent. Enfin, une enqu\u00eate a \u00e9t\u00e9 ouverte concernant l\u2019emploi dissimul\u00e9 d\u2019un ressortissant \u00e9tranger en situation irr\u00e9guli\u00e8re\u00a0ainsi que pour la d\u00e9tention et la vente d\u2019objets contrefaits dans un commerce implant\u00e9 \u00e0 Castelnau-le-Lez.<\/p>\n<p>Par cette op\u00e9ration d\u2019envergure, la gendarmerie entend rappeler sa pr\u00e9sence sur le terrain et sa d\u00e9termination \u00e0 lutter contre toutes les formes de d\u00e9linquance, afin de pr\u00e9server la tranquillit\u00e9 des riverains, des commer\u00e7ants et des usagers des transports.<\/p>\n","protected":false},"excerpt":{"rendered":"Ce lundi 15\u00a0d\u00e9cembre, les gendarmes de la compagnie de Castelnau-le-Lez ont men\u00e9 une vaste op\u00e9ration dans le cadre&hellip;\n","protected":false},"author":2,"featured_media":604195,"comment_status":"","ping_status":"","sticky":false,"template":"","format":"standard","meta":{"footnotes":""},"categories":[9599],"tags":[1111,11,1777,674,118,1011,27,7089,2208,12,2680,25],"class_list":{"0":"post-604194","1":"post","2":"type-post","3":"status-publish","4":"format-standard","5":"has-post-thumbnail","7":"category-montpellier","8":"tag-actu","9":"tag-actualites","10":"tag-eu","11":"tag-europe","12":"tag-faits-divers","13":"tag-fr","14":"tag-france","15":"tag-herault","16":"tag-montpellier","17":"tag-news","18":"tag-occitanie","19":"tag-republique-francaise"},"share_on_mastodon":{"url":"https:\/\/pubeurope.com\/@fr\/115732356947649042","error":""},"_links":{"self":[{"href":"https:\/\/www.europesays.com\/fr\/wp-json\/wp\/v2\/posts\/604194","targetHints":{"allow":["GET"]}}],"collection":[{"href":"https:\/\/www.europesays.com\/fr\/wp-json\/wp\/v2\/posts"}],"about":[{"href":"https:\/\/www.europesays.com\/fr\/wp-json\/wp\/v2\/types\/post"}],"author":[{"embeddable":true,"href":"https:\/\/www.europesays.com\/fr\/wp-json\/wp\/v2\/users\/2"}],"replies":[{"embeddable":true,"href":"https:\/\/www.europesays.com\/fr\/wp-json\/wp\/v2\/comments?post=604194"}],"version-history":[{"count":0,"href":"https:\/\/www.europesays.com\/fr\/wp-json\/wp\/v2\/posts\/604194\/revisions"}],"wp:featuredmedia":[{"embeddable":true,"href":"https:\/\/www.europesays.com\/fr\/wp-json\/wp\/v2\/media\/604195"}],"wp:attachment":[{"href":"https:\/\/www.europesays.com\/fr\/wp-json\/wp\/v2\/media?parent=604194"}],"wp:term":[{"taxonomy":"category","embeddable":true,"href":"https:\/\/www.europesays.com\/fr\/wp-json\/wp\/v2\/categories?post=604194"},{"taxonomy":"post_tag","embeddable":true,"href":"https:\/\/www.europesays.com\/fr\/wp-json\/wp\/v2\/tags?post=604194"}],"curies":[{"name":"wp","href":"https:\/\/api.w.org\/{rel}","templated":true}]}}