{"id":604198,"date":"2025-12-17T01:42:00","date_gmt":"2025-12-17T01:42:00","guid":{"rendered":"https:\/\/www.europesays.com\/fr\/604198\/"},"modified":"2025-12-17T01:42:00","modified_gmt":"2025-12-17T01:42:00","slug":"pres-de-rouen-un-crematorium-chauffe-des-logements-pour-economiser-de-lenergie","status":"publish","type":"post","link":"https:\/\/www.europesays.com\/fr\/604198\/","title":{"rendered":"pr\u00e8s de Rouen, un cr\u00e9matorium chauffe des logements pour \u00e9conomiser de l&rsquo;\u00e9nergie"},"content":{"rendered":"<p>\n  Notre s\u00e9rie \u00ab\u00a0En toute sobri\u00e9t\u00e9\u00a0\u00bb met en avant des solutions locales pour r\u00e9duire nos consommations et agir face \u00e0 l&rsquo;urgence climatique. Dans cet \u00e9pisode, le cr\u00e9matorium du Petit-Quevilly alimente le r\u00e9seau de chaleur urbain de la ville.\n<\/p>\n<p>Un petit groupe de proches d&rsquo;un d\u00e9funt sort silencieusement du cr\u00e9matorium du Petit-Quevilly, pr\u00e8s de Rouen, en cette fra\u00eeche matin\u00e9e du mois de d\u00e9cembre. Quelques m\u00e8tres plus loin, un bruit assourdissant s&rsquo;\u00e9chappe du local technique situ\u00e9 derri\u00e8re le b\u00e2timent. La porte ouverte laisse entrevoir un enchev\u00eatrement de tuyaux. C&rsquo;est ici que se cache un dispositif presque unique en France. La chaleur \u00e9mise lors de la cr\u00e9mation des corps des disparus<strong> <\/strong>est r\u00e9utilis\u00e9e directement dans <a href=\"https:\/\/www.franceinfo.fr\/environnement\/crise-climatique\/reportage-c-est-mieux-que-la-clim-a-lyon-un-reseau-de-froid-urbain-rafraichit-des-magasins-sans-rejeter-d-air-chaud_7384387.html\" rel=\"noopener noreferrer nofollow\" data-tooltip-url=\"https:\/\/www.franceinfo.fr\/environnement\/crise-climatique\/reportage-c-est-mieux-que-la-clim-a-lyon-un-reseau-de-froid-urbain-rafraichit-des-magasins-sans-rejeter-d-air-chaud_7384387.html\" target=\"_blank\">le r\u00e9seau de chaleur urbain<\/a> destin\u00e9 \u00e0 chauffer les logements et les \u00e9quipements municipaux des environs.<\/p>\n<p>          <img src=\"https:\/\/www.europesays.com\/fr\/wp-content\/uploads\/2025\/12\/pauline_gauer_crematorium-2.jpg\" alt=\"Des proches d'un d\u00e9funt se rendent au cr\u00e9matorium du Petit-Quevilly, le 2 d\u00e9cembre 2025.\" loading=\"lazy\" decoding=\"async\"\/><\/p>\n<p>          <img src=\"https:\/\/www.europesays.com\/fr\/wp-content\/uploads\/2025\/12\/pauline_gauer_crematorium-3.jpg\" alt=\"Urnes fun\u00e9raires de formes et de couleurs vari\u00e9es\" loading=\"lazy\" decoding=\"async\"\/><\/p>\n<p>      Des proches d&rsquo;un d\u00e9funt se rendent au cr\u00e9matorium du Petit-Quevilly, le 2 d\u00e9cembre 2025. (PAULINE GAUER \/ FRANCEINFO)<\/p>\n<p>\u00ab\u00a0Nous avons voulu que l&rsquo;\u00e9nergie qui est utilis\u00e9e pour le fonctionnement du b\u00e2timent ne soit pas perdue\u00a0\u00bb, explique la maire<strong> <\/strong>socialiste de la commune, Charlotte Goujon, emmitoufl\u00e9e dans sa parka. Ce syst\u00e8me est d\u00e9j\u00e0 r\u00e9pandu dans les nombreuses usines qui bordent la Seine toute proche, mais rarement au sein d&rsquo;un cr\u00e9matorium. Alors, m\u00eame si \u00ab\u00a0la question du deuil est une question sensible\u00a0\u00bb, le \u00ab\u00a0projet allait de soi\u00a0\u00bb pour l&rsquo;\u00e9lue, \u00e9galement<strong> <\/strong>vice-pr\u00e9sidente charg\u00e9e de la transition \u00e9cologique \u00e0 la m\u00e9tropole de Rouen Normandie. Apr\u00e8s plus de cinq ans de fonctionnement, la chaleur issue du cr\u00e9matorium permet ainsi de chauffer une centaine de logements <a href=\"https:\/\/www.franceinfo.fr\/environnement\/actions-ecologiques\/en-toute-sobriete-face-a-la-crise-climatique\/\" rel=\"noopener noreferrer nofollow\" data-tooltip-url=\"https:\/\/www.franceinfo.fr\/environnement\/actions-ecologiques\/en-toute-sobriete-face-a-la-crise-climatique\/\" target=\"_blank\">en toute sobri\u00e9t\u00e9<\/a>. Un choix qui a tout de m\u00eame soulev\u00e9 des questions \u00e9thiques.<\/p>\n<p>Le projet du cr\u00e9matorium du Petit-Quevilly a pris forme en 2018, alors que celui de Rouen arrivait \u00e0 saturation. \u00ab\u00a0Le d\u00e9lai d&rsquo;attente pouvait aller jusqu&rsquo;\u00e0 21\u00a0jours\u00a0\u00bb, se rem\u00e9more Christophe Aubin, l&rsquo;actuel directeur des deux \u00e9tablissements. Une situation insupportable pour les familles, comme celle de la maire de la commune elle-m\u00eame. \u00ab\u00a0Lorsque mon grand-p\u00e8re est mort, il fallait attendre 15\u00a0jours, souffle Charlotte Goujon. Nous avons d\u00fb aller jusque dans l&rsquo;Eure.\u00a0\u00bb<\/p>\n<p>          <img src=\"https:\/\/www.europesays.com\/fr\/wp-content\/uploads\/2025\/12\/pauline_gauer_crematorium-4.jpg\" alt=\"Charlotte Goujon, maire du Petit-Quevilly et vice-pr\u00e9sidente de la m\u00e9tropole Rouen Normandie, en charge de la Transition \u00e9cologique.\" loading=\"lazy\" decoding=\"async\"\/><\/p>\n<p>          <img src=\"https:\/\/www.europesays.com\/fr\/wp-content\/uploads\/2025\/12\/pauline_gauer_crematorium-5.jpg\" alt=\"Luca de Meo, PDG du Groupe Renault, pose lors de l'inauguration de la premi\u00e8re usine de v\u00e9hicules d'occasion, pr\u00e8s de Paris, le 30 novembre 2021. (ERIC PIERMONT \/ AFP)\" loading=\"lazy\" decoding=\"async\"\/><\/p>\n<p>      Charlotte Goujon, maire du Petit-Quevilly et vice-pr\u00e9sidente de la m\u00e9tropole Rouen Normandie, en charge de la Transition \u00e9cologique. (PAULINE GAUER \/ FRANCEINFO)<\/p>\n<p>Alors que <a href=\"https:\/\/france3-regions.franceinfo.fr\/nouvelle-aquitaine\/charente-maritime\/la-rochelle\/les-familles-choisissent-de-plus-en-plus-sur-la-cremation-en-charente-maritime-le-cinquieme-crematorium-revele-des-traditions-funeraires-en-plein-changement-3233246.html\" target=\"_blank\" rel=\"noopener\" data-tooltip-url=\"https:\/\/france3-regions.franceinfo.fr\/nouvelle-aquitaine\/charente-maritime\/la-rochelle\/les-familles-choisissent-de-plus-en-plus-sur-la-cremation-en-charente-maritime-le-cinquieme-crematorium-revele-des-traditions-funeraires-en-plein-changement-3233246.html\">le nombre de cr\u00e9mations ne cesse d&rsquo;augmenter en France<\/a>, la m\u00e9tropole de Rouen d\u00e9cide d&rsquo;implanter un nouveau cr\u00e9matorium sur la rive gauche de la Seine, dans une zone d&rsquo;activit\u00e9s du Petit-Quevilly. \u00ab\u00a0Beaucoup de collectivit\u00e9s d\u00e9l\u00e8guent la construction de ces infrastructures. Nous, nous avons voulu la conserver pour rester ind\u00e9pendants et mettre en place des d\u00e9marches environnementales\u00a0\u00bb, explique Gwena\u00eblle Sala\u00fcn, ing\u00e9nieure territoriale \u00e0 la m\u00e9tropole. Le b\u00e2timent, tr\u00e8s sobre de l&rsquo;ext\u00e9rieur, profite ainsi d&rsquo;une isolation thermique optimale. \u00ab\u00a0Nous n&rsquo;avons aucun courant d&rsquo;air et tr\u00e8s peu besoin de chauffage\u00a0\u00bb, se f\u00e9licite l&rsquo;agente de la direction des b\u00e2timents. Mais l&rsquo;\u00e9quipe a voulu aller encore plus loin.<\/p>\n<blockquote class=\"ftvi_content_quote\">\n<p class=\"ftvi_citation_quote\">\u00ab\u00a0Nous avons souhait\u00e9 que l&rsquo;\u00e9nergie qui s&rsquo;envolait dans la nature puisse \u00eatre r\u00e9cup\u00e9r\u00e9e.\u00a0\u00bb<\/p>\n<p>Gwena\u00eblle Sala\u00fcn, ing\u00e9nieure territoriale \u00e0 la m\u00e9tropole de Rouen<\/p>\n<p class=\"ftvi_citation_source\">\u00e0 franceinfo<\/p>\n<\/blockquote>\n<p>La solution technique se trouve sous leurs pieds. Un r\u00e9seau de canalisations d&rsquo;une vingtaine de kilom\u00e8tres fournit de la chaleur \u00e0 des b\u00e2timents de la commune depuis 1974 gr\u00e2ce \u00e0 l&rsquo;\u00e9nergie produite par l&rsquo;usine d&rsquo;incin\u00e9ration des d\u00e9chets. La m\u00e9tropole propose d&rsquo;y connecter le cr\u00e9matorium pour renforcer la puissance de ce r\u00e9seau de chaleur urbain.<\/p>\n<p>Le projet conna\u00eet alors quelques remous. \u00ab\u00a0A l\u2019\u00e9poque, c&rsquo;\u00e9tait assez innovant, os\u00e9 m\u00eame\u00a0\u00bb, reconna\u00eet Gwena\u00eblle Sala\u00fcn. Selon l&rsquo;ing\u00e9nieure, seuls deux cr\u00e9matoriums avaient \u00e0 l&rsquo;\u00e9poque un syst\u00e8me de r\u00e9cup\u00e9ration de chaleur en France. Et encore, ces derniers ne permettaient que de chauffer les autres pi\u00e8ces du m\u00eame b\u00e2timent. \u00ab\u00a0Il a fallu expliquer le fonctionnement de ce syst\u00e8me aux habitants et aux politiques\u2026 Certains nous disaient de ne pas le faire\u00a0\u00bb, explique-t-elle.<\/p>\n<p>          <img src=\"https:\/\/www.europesays.com\/fr\/wp-content\/uploads\/2025\/12\/pauline_gauer_crematorium-6.jpg\" alt=\"Gwena\u00eblle Sala\u00fcn, ing\u00e9nieure territoriale de la direction des b\u00e2timents \u00e0 la m\u00e9tropole Rouen Normandie\" loading=\"lazy\" decoding=\"async\"\/><\/p>\n<p>          <img src=\"https:\/\/www.europesays.com\/fr\/wp-content\/uploads\/2025\/12\/pauline_gauer_crematorium-7.jpg\" alt=\"Fleurs avec une plaque comm\u00e9morative\" loading=\"lazy\" decoding=\"async\"\/><\/p>\n<p>      Gwena\u00eblle Sala\u00fcn, ing\u00e9nieure territoriale de la direction des b\u00e2timents \u00e0 la m\u00e9tropole Rouen Normandie (PAULINE GAUER \/ FRANCEINFO)<\/p>\n<p>Pour toute construction de ce type, une enqu\u00eate publique est \u00e9galement r\u00e9alis\u00e9e dans la commune. \u00ab\u00a0Le cr\u00e9matorium est un b\u00e2timent qui n&rsquo;est jamais facile \u00e0 ins\u00e9rer dans un quartier\u00a0\u00bb, explique Gwena\u00eblle Sala\u00fcn. Mais ce n&rsquo;est pas le syst\u00e8me de r\u00e9cup\u00e9ration de la chaleur qui inqui\u00e8te le plus les riverains. \u00ab\u00a0Les questions concernaient surtout le bruit ou les \u00e9ventuelles fum\u00e9es qui pourraient provenir du cr\u00e9matorium\u00a0\u00bb, se rappelle Charlotte Goujon. Une fois ces interrogations dissip\u00e9es, les travaux peuvent commencer et le cr\u00e9matorium ouvre ses portes en janvier 2020.<\/p>\n<p>Dans la salle de cr\u00e9mation, interdite au public, les \u00e9quipements permettent de r\u00e9aliser jusqu&rsquo;\u00e0 neuf incin\u00e9rations par jour. \u00ab\u00a0Il faut environ 90\u00a0minutes \u00e0 une temp\u00e9rature comprise entre 790 et 900\u00a0degr\u00e9s\u00a0\u00bb, explique Christophe Aubin, en costume gris. Mais, contrairement \u00e0 ce que les s\u00e9ries am\u00e9ricaines montrent souvent, ici, aucune flamme ne br\u00fble directement le cercueil. \u00ab\u00a0Les appareils montent en temp\u00e9rature et une fois que l&rsquo;introduction est faite, le gaz se coupe automatiquement et la chaleur est diffus\u00e9e par des briques r\u00e9fractaires\u00a0\u00bb, d\u00e9taille le directeur de l&rsquo;\u00e9tablissement. Les cendres sont ensuite r\u00e9cup\u00e9r\u00e9es, plac\u00e9es dans une urne et remises aux proches du d\u00e9funt.<\/p>\n<p>          <img src=\"https:\/\/www.europesays.com\/fr\/wp-content\/uploads\/2025\/12\/pauline_gauer_crematorium-8.jpg\" alt=\"Christian Longuemare, responsable du service chaleur \u00e0 la m\u00e9tropole Rouen Normandie\" loading=\"lazy\" decoding=\"async\"\/><\/p>\n<p>          <img src=\"https:\/\/www.europesays.com\/fr\/wp-content\/uploads\/2025\/12\/pauline_gauer_crematorium-9.jpg\" alt=\"Syst\u00e8me de ventilation du cr\u00e9matorium, avec un large conduit m\u00e9tallique\" loading=\"lazy\" decoding=\"async\"\/><\/p>\n<p>      Christian Longuemare, responsable du service chaleur \u00e0 la m\u00e9tropole Rouen Normandie (PAULINE GAUER \/ FRANCEINFO)<\/p>\n<p>Ce processus, tr\u00e8s r\u00e9glement\u00e9, pr\u00e9voit \u00e9galement un traitement des fum\u00e9es qui sortent de l&rsquo;appareil de cr\u00e9mation. \u00ab\u00a0Elles passent par des grands filtres \u00e0 charbon, similaires \u00e0 ceux d&rsquo;une hotte de cuisine\u00a0\u00bb, explique Christophe Aubin. Et comme dans tous les cr\u00e9matoriums, les fum\u00e9es doivent ensuite \u00eatre refroidies avant d&rsquo;\u00eatre rejet\u00e9es sous la forme de vapeur d&rsquo;eau. Mais au Petit-Quevilly, lors de cette \u00e9tape, la chaleur \u00e9mise par le syst\u00e8me de refroidissement \u2013\u00a0comparable \u00e0 celui que vous trouvez derri\u00e8re votre r\u00e9frig\u00e9rateur\u00a0\u2013 est inject\u00e9e dans le r\u00e9seau de chaleur de la ville. \u00ab\u00a0L&rsquo;id\u00e9e est de r\u00e9cup\u00e9rer une partie de la chaleur produite par la combustion du gaz au lieu de la perdre\u00a0\u00bb, pr\u00e9cise Christian Longuemare, responsable du service chaleur \u00e0 la m\u00e9tropole de Rouen.<\/p>\n<blockquote class=\"ftvi_content_quote\">\n<p class=\"ftvi_citation_quote\">\u00ab\u00a0Ce n&rsquo;est pas la chaleur produite par la combustion des corps qui est utilis\u00e9e, mais bien celle apport\u00e9e par le gaz lors de la cr\u00e9mation.\u00a0\u00bb<\/p>\n<p>Christian Longuemare, responsable du service chaleur \u00e0 la m\u00e9tropole de Rouen<\/p>\n<p class=\"ftvi_citation_source\">\u00e0 franceinfo<\/p>\n<\/blockquote>\n<p>Ce syst\u00e8me d&rsquo;\u00e9change de chaleur a n\u00e9cessit\u00e9 un investissement d&rsquo;environ 100 000\u00a0euros de la collectivit\u00e9. Il permet ainsi de chauffer l&rsquo;ensemble du cr\u00e9matorium \u2013\u00a0dont l&rsquo;\u00e9nergie est l&rsquo;une des principales d\u00e9penses\u00a0\u2013 ainsi que l&rsquo;\u00e9quivalent d&rsquo;une centaine de logements dans le quartier. \u00ab\u00a0Ces investissements sont peu \u00e0 peu rembours\u00e9s par les abonn\u00e9s du r\u00e9seau\u00a0\u00bb, explique Christian Longuemare. Au total, ils sont plusieurs milliers \u00e0 \u00eatre raccord\u00e9s \u00e0 ce r\u00e9seau de chaleur. Une aubaine pour la collectivit\u00e9 et les m\u00e9nages. \u00ab\u00a0Cela permet de ma\u00eetriser les factures, qui sont rest\u00e9es stables pour les habitants quand celles des autres explosaient apr\u00e8s l&rsquo;invasion de l&rsquo;Ukraine par la Russie\u00a0\u00bb, assure Charlotte Goujon.<\/p>\n<p>Devant les tours HLM du quartier, peu de personnes crois\u00e9es ce jour-l\u00e0 sont au courant de l&rsquo;existence de ce r\u00e9seau de chaleur et encore moins de son raccordement au cr\u00e9matorium. Mais la plupart d&rsquo;entre elles saluent un bon moyen de faire des \u00e9conomies d&rsquo;\u00e9nergie et de lutter contre l&rsquo;augmentation des factures. \u00ab\u00a0Je trouve que c&rsquo;est une tr\u00e8s bonne initiative\u00a0\u00bb, se r\u00e9jouit par exemple Charlotte. \u00ab\u00a0Comme \u00e7a, la chaleur est r\u00e9utilis\u00e9e et il n&rsquo;y a pas de perte\u00a0\u00bb, sourit cette coiffeuse, derri\u00e8re sa caisse. Et l&rsquo;origine de cette \u00e9nergie n&rsquo;est pas un probl\u00e8me \u00e0 ses yeux. \u00ab\u00a0Ce n&rsquo;est pas g\u00eanant, je n&rsquo;ai pas de tabou sur la mort\u00a0\u00bb, lance la jeune femme.<\/p>\n<p>          <img src=\"https:\/\/www.europesays.com\/fr\/wp-content\/uploads\/2025\/12\/pauline_gauer_crematorium-10.jpg\" alt=\"Charlotte, coiffeuse au Petit-Quevilly, dans un quartier desservi par le r\u00e9seau de chaleur de la ville\" loading=\"lazy\" decoding=\"async\"\/><\/p>\n<p>          <img src=\"https:\/\/www.europesays.com\/fr\/wp-content\/uploads\/2025\/12\/pauline_gauer_crematorium-11.jpg\" alt=\"Un quartier au Petit-Quevilly\" loading=\"lazy\" decoding=\"async\"\/><\/p>\n<p>      Charlotte, coiffeuse au Petit-Quevilly, dans un quartier desservi par le r\u00e9seau de chaleur de la ville (PAULINE GAUER \/ FRANCEINFO)<\/p>\n<p>M\u00eame r\u00e9action de la part d&rsquo;un retrait\u00e9 crois\u00e9 devant un supermarch\u00e9<strong> <\/strong>tout proche. \u00ab\u00a0\u00c7a ne me d\u00e9range pas\u00a0\u00bb, glisse-t-il avant de filer faire ses courses. Un autre riverain se montre plus circonspect. \u00ab\u00a0\u00c7a fait bizarre de savoir \u00e7a\u00a0\u00bb, souffle le sexag\u00e9naire. \u00ab\u00a0Si ta m\u00e8re mourait, tu en penserais quoi\u00a0?\u00a0\u00bb, lance-t-il \u00e0 sa voisine, qui ne semble pas g\u00ean\u00e9e par la mise en place de ce syst\u00e8me de r\u00e9cup\u00e9ration de la chaleur. \u00ab\u00a0Moi, \u00e7a ne me d\u00e9rangerait pas, r\u00e9pond-elle. C&rsquo;est pas mal pour l&rsquo;\u00e9nergie\u2026 Et de toute fa\u00e7on, on va tous y passer\u00a0!\u00a0\u00bb<\/p>\n<p>\u00a0<\/p>\n<p>      L\u2019\u0153il de l\u2019expert<\/p>\n<p>          <img src=\"https:\/\/www.europesays.com\/fr\/wp-content\/uploads\/2025\/12\/alexandre_joly.jpg\" alt=\"\" loading=\"lazy\" decoding=\"async\"\/><br \/>\n        L&rsquo;analyse de<\/p>\n<p class=\"if-ec__author-name\">Alexandre Joly<\/p>\n<p class=\"if-ec__author-position\">Ing\u00e9nieur responsable du p\u00f4le \u00e9nergie \u00e0 Carbone 4, cabinet de conseil sp\u00e9cialis\u00e9 dans les enjeux environnementaux<\/p>\n<blockquote class=\"if-ec__text\">\n<p>\u00ab\u00a0Sur le principe, avoir un r\u00e9seau de chaleur est une tr\u00e8s bonne id\u00e9e. Cela permet de mutualiser et d&rsquo;optimiser les co\u00fbts par rapport aux syst\u00e8mes individuels. C&rsquo;est aussi une mani\u00e8re efficace de d\u00e9carboner la chaleur en ville, tout en valorisant l&rsquo;\u00e9nergie de structures existantes, comme les incin\u00e9rateurs de d\u00e9chets ou ce cr\u00e9matorium.<\/p>\n<p>Cependant, nous devons nous interroger sur l&rsquo;origine de cette \u00e9nergie. Les incin\u00e9rateurs sont le fruit de nos d\u00e9chets, que nous devons essayer de r\u00e9duire. Pour le cr\u00e9matorium, nous pouvons aussi r\u00e9fl\u00e9chir \u00e0 d&rsquo;autres mani\u00e8res de traiter les corps en fin de vie, comme <a href=\"https:\/\/www.franceinfo.fr\/monde\/usa\/reportage-la-terramation-fabrication-de-compost-humain-bientot-autorisee-en-californie_5452120.html\" target=\"_blank\" rel=\"noopener\">le compostage humain<\/a> qui ne consomme pas d&rsquo;\u00e9nergie et qui est d\u00e9j\u00e0 autoris\u00e9 dans certains pays.<\/p>\n<p>A la place des incin\u00e9rateurs, nous pourrions d\u00e9velopper beaucoup plus <a href=\"https:\/\/www.franceinfo.fr\/politique\/gouvernement-de-francois-bayrou\/la-geothermie-vantee-par-francois-bayrou-n-est-pas-une-solution-miracle-previent-un-expert-en-energie_7016054.html\" target=\"_blank\" rel=\"noopener\">la g\u00e9othermie<\/a>. Le potentiel est important en France. Et c&rsquo;est une fili\u00e8re tr\u00e8s comp\u00e9titive, locale et bas-carbone qu&rsquo;il faudrait encourager.\u00a0\u00bb<\/p>\n<\/blockquote>\n","protected":false},"excerpt":{"rendered":"Notre s\u00e9rie \u00ab\u00a0En toute sobri\u00e9t\u00e9\u00a0\u00bb met en avant des solutions locales pour r\u00e9duire nos consommations et agir face&hellip;\n","protected":false},"author":2,"featured_media":604199,"comment_status":"","ping_status":"","sticky":false,"template":"","format":"standard","meta":{"footnotes":""},"categories":[9587],"tags":[1111,11,1777,674,1011,27,12,5161,25,9590],"class_list":{"0":"post-604198","1":"post","2":"type-post","3":"status-publish","4":"format-standard","5":"has-post-thumbnail","7":"category-rouen","8":"tag-actu","9":"tag-actualites","10":"tag-eu","11":"tag-europe","12":"tag-fr","13":"tag-france","14":"tag-news","15":"tag-normandie","16":"tag-republique-francaise","17":"tag-rouen"},"share_on_mastodon":{"url":"https:\/\/pubeurope.com\/@fr\/115732372763713623","error":""},"_links":{"self":[{"href":"https:\/\/www.europesays.com\/fr\/wp-json\/wp\/v2\/posts\/604198","targetHints":{"allow":["GET"]}}],"collection":[{"href":"https:\/\/www.europesays.com\/fr\/wp-json\/wp\/v2\/posts"}],"about":[{"href":"https:\/\/www.europesays.com\/fr\/wp-json\/wp\/v2\/types\/post"}],"author":[{"embeddable":true,"href":"https:\/\/www.europesays.com\/fr\/wp-json\/wp\/v2\/users\/2"}],"replies":[{"embeddable":true,"href":"https:\/\/www.europesays.com\/fr\/wp-json\/wp\/v2\/comments?post=604198"}],"version-history":[{"count":0,"href":"https:\/\/www.europesays.com\/fr\/wp-json\/wp\/v2\/posts\/604198\/revisions"}],"wp:featuredmedia":[{"embeddable":true,"href":"https:\/\/www.europesays.com\/fr\/wp-json\/wp\/v2\/media\/604199"}],"wp:attachment":[{"href":"https:\/\/www.europesays.com\/fr\/wp-json\/wp\/v2\/media?parent=604198"}],"wp:term":[{"taxonomy":"category","embeddable":true,"href":"https:\/\/www.europesays.com\/fr\/wp-json\/wp\/v2\/categories?post=604198"},{"taxonomy":"post_tag","embeddable":true,"href":"https:\/\/www.europesays.com\/fr\/wp-json\/wp\/v2\/tags?post=604198"}],"curies":[{"name":"wp","href":"https:\/\/api.w.org\/{rel}","templated":true}]}}