{"id":604200,"date":"2025-12-17T01:43:11","date_gmt":"2025-12-17T01:43:11","guid":{"rendered":"https:\/\/www.europesays.com\/fr\/604200\/"},"modified":"2025-12-17T01:43:11","modified_gmt":"2025-12-17T01:43:11","slug":"municipales-2026-david-queiros-candidat-a-saint-martin-dheres-une-motivation-intacte","status":"publish","type":"post","link":"https:\/\/www.europesays.com\/fr\/604200\/","title":{"rendered":"Municipales 2026. David Queiros candidat \u00e0 Saint-Martin-d\u2019H\u00e8res : \u00ab\u00a0Une motivation intacte\u00a0\u00bb"},"content":{"rendered":"<blockquote class=\"question\"><p>Vous serez candidat \u00e0 votre succession lors des \u00e9lections municipales de mars. Une \u00e9vidence pour vous\u00a0?<\/p><\/blockquote>\n<p>\u00ab\u00a0En tous les cas, je suis anim\u00e9 par une motivation intacte. Et si elle est un peu diff\u00e9rente de 2020 parce que la ville a \u00e9volu\u00e9 depuis, la volont\u00e9 est l\u00e0. Ma d\u00e9termination, c\u2019est celle de repr\u00e9senter au mieux les Martin\u00e9rois. Je suis \u00e9lu depuis 2014, j\u2019ai de l\u2019\u00e9nergie et j\u2019envisage les choses avec s\u00e9rieux.\u00a0\u00bb<\/p>\n<blockquote class=\"question\"><p>Avec quelle \u00e9quipe\u00a0?<\/p><\/blockquote>\n<p>\u00ab\u00a0Nous avons une \u00e9quipe&#8230;<\/p>\n","protected":false},"excerpt":{"rendered":"Vous serez candidat \u00e0 votre succession lors des \u00e9lections municipales de mars. Une \u00e9vidence pour vous\u00a0? \u00ab\u00a0En tous&hellip;\n","protected":false},"author":2,"featured_media":604201,"comment_status":"","ping_status":"","sticky":false,"template":"","format":"standard","meta":{"footnotes":""},"categories":[9566],"tags":[1111,11,2430,112,4188,1777,674,1011,27,2731,12,316,25,9448,11264],"class_list":{"0":"post-604200","1":"post","2":"type-post","3":"status-publish","4":"format-standard","5":"has-post-thumbnail","7":"category-grenoble","8":"tag-actu","9":"tag-actualites","10":"tag-auvergne-rhone-alpes","11":"tag-edition-grenoble-agglomeration","12":"tag-elections-municipales","13":"tag-eu","14":"tag-europe","15":"tag-fr","16":"tag-france","17":"tag-grenoble","18":"tag-news","19":"tag-politique","20":"tag-republique-francaise","21":"tag-saint-martin-dheres","22":"tag-saint-martin-dheres-bassin"},"share_on_mastodon":{"url":"https:\/\/pubeurope.com\/@fr\/115732375544674232","error":""},"_links":{"self":[{"href":"https:\/\/www.europesays.com\/fr\/wp-json\/wp\/v2\/posts\/604200","targetHints":{"allow":["GET"]}}],"collection":[{"href":"https:\/\/www.europesays.com\/fr\/wp-json\/wp\/v2\/posts"}],"about":[{"href":"https:\/\/www.europesays.com\/fr\/wp-json\/wp\/v2\/types\/post"}],"author":[{"embeddable":true,"href":"https:\/\/www.europesays.com\/fr\/wp-json\/wp\/v2\/users\/2"}],"replies":[{"embeddable":true,"href":"https:\/\/www.europesays.com\/fr\/wp-json\/wp\/v2\/comments?post=604200"}],"version-history":[{"count":0,"href":"https:\/\/www.europesays.com\/fr\/wp-json\/wp\/v2\/posts\/604200\/revisions"}],"wp:featuredmedia":[{"embeddable":true,"href":"https:\/\/www.europesays.com\/fr\/wp-json\/wp\/v2\/media\/604201"}],"wp:attachment":[{"href":"https:\/\/www.europesays.com\/fr\/wp-json\/wp\/v2\/media?parent=604200"}],"wp:term":[{"taxonomy":"category","embeddable":true,"href":"https:\/\/www.europesays.com\/fr\/wp-json\/wp\/v2\/categories?post=604200"},{"taxonomy":"post_tag","embeddable":true,"href":"https:\/\/www.europesays.com\/fr\/wp-json\/wp\/v2\/tags?post=604200"}],"curies":[{"name":"wp","href":"https:\/\/api.w.org\/{rel}","templated":true}]}}