{"id":604218,"date":"2025-12-17T01:55:19","date_gmt":"2025-12-17T01:55:19","guid":{"rendered":"https:\/\/www.europesays.com\/fr\/604218\/"},"modified":"2025-12-17T01:55:19","modified_gmt":"2025-12-17T01:55:19","slug":"fc-nantes-les-canaris-ont-hallucine-devant-la-nullite-dune-recrue","status":"publish","type":"post","link":"https:\/\/www.europesays.com\/fr\/604218\/","title":{"rendered":"FC Nantes : les Canaris ont hallucin\u00e9 devant la nullit\u00e9 d&rsquo;une recrue"},"content":{"rendered":"<p><strong>Recrut\u00e9 cet \u00e9t\u00e9 alors qu\u2019il \u00e9tait libre, le d\u00e9fenseur central serbe Uros Radakovic a rapidement fait comprendre \u00e0 tout le monde au FC Nantes que le niveau \u00e9tait trop \u00e9lev\u00e9 pour lui.<\/strong><\/p>\n<p>Ce mardi, le podcast Sans Contr\u00f4le a \u00e9t\u00e9 plus long que qu\u2019habituellement. Il faut dire qu\u2019il y a beaucoup de choses \u00e0 dire sur le <a href=\"https:\/\/www.butfootballclub.fr\/1634985-fc-nantes-mercato-kita-a-trouve-le-sauveur-du-club-a-paris-les-supporters-vont-adorer\/\" target=\"_blank\" rel=\"noopener\">FC Nantes<\/a> en ce moment ! Entre le renvoi de Castro, la nomination de Kantari, le changement de politique de recrutement des Kita et la d\u00e9route \u00e0 Angers (1-4), la sinistrose gagne du terrain en Loire-Atlantique. Et fait que les langues commencent \u00e0 se d\u00e9lier. Ce soir, on a par exemple appris qu\u2019une recrue estivale avait fait halluciner les joueurs par sa nullit\u00e9 !<\/p>\n<p>Radakovic compl\u00e8tement d\u00e9pass\u00e9<\/p>\n<p>Cette recrue, \u00e7a ne surprendra personne, c\u2019est Uros Radakovic. Libre apr\u00e8s une exp\u00e9rience \u00e0 Sivasspor, le d\u00e9fenseur central serbe de 31 ans a sign\u00e9 au <a href=\"https:\/\/www.butfootballclub.fr\/1635159-fc-nantes-mercato-un-bourreau-de-lasse-pour-seulement-600-000e\/\" target=\"_blank\" rel=\"noopener\">FC Nantes<\/a> le 1er juillet. Et moins de deux mois apr\u00e8s, la direction a tent\u00e9 de le faire partir, Luis Castro ayant reconnu l\u2019erreur de casting ! Selon l\u2019un des intervenants du podcast, les joueurs se sont vraiment interrog\u00e9s sur ce qui a pouss\u00e9 les dirigeants \u00e0 recruter un joueur de ce niveau, tant Radakovic \u00e9tait largu\u00e9 dans tous les exercices \u00e0 la Joneli\u00e8re. Un \u00e9pisode assez r\u00e9v\u00e9lateur du recrutement nantais durant l\u2019intersaison.<\/p>\n<p>La bonne nouvelle, c\u2019est que la direction du FC Nantes a d\u00e9cid\u00e9 de changer totalement sa politique de recrutement. Apr\u00e8s les jeunes et les joueurs ne connaissant pas la Ligue 1, ils ont d\u00e9cid\u00e9 de faire venir des \u00e9l\u00e9ments exp\u00e9riment\u00e9s, aguerris au championnat de France. Deiver Machado et R\u00e9my Cabella sont dans cette veine.<\/p>\n","protected":false},"excerpt":{"rendered":"Recrut\u00e9 cet \u00e9t\u00e9 alors qu\u2019il \u00e9tait libre, le d\u00e9fenseur central serbe Uros Radakovic a rapidement fait comprendre \u00e0&hellip;\n","protected":false},"author":2,"featured_media":604219,"comment_status":"","ping_status":"","sticky":false,"template":"","format":"standard","meta":{"footnotes":""},"categories":[2818],"tags":[1111,11,1777,674,1011,27,766,12,2636,25],"class_list":{"0":"post-604218","1":"post","2":"type-post","3":"status-publish","4":"format-standard","5":"has-post-thumbnail","7":"category-nantes","8":"tag-actu","9":"tag-actualites","10":"tag-eu","11":"tag-europe","12":"tag-fr","13":"tag-france","14":"tag-nantes","15":"tag-news","16":"tag-pays-de-la-loire","17":"tag-republique-francaise"},"share_on_mastodon":{"url":"https:\/\/pubeurope.com\/@fr\/115732422623082860","error":""},"_links":{"self":[{"href":"https:\/\/www.europesays.com\/fr\/wp-json\/wp\/v2\/posts\/604218","targetHints":{"allow":["GET"]}}],"collection":[{"href":"https:\/\/www.europesays.com\/fr\/wp-json\/wp\/v2\/posts"}],"about":[{"href":"https:\/\/www.europesays.com\/fr\/wp-json\/wp\/v2\/types\/post"}],"author":[{"embeddable":true,"href":"https:\/\/www.europesays.com\/fr\/wp-json\/wp\/v2\/users\/2"}],"replies":[{"embeddable":true,"href":"https:\/\/www.europesays.com\/fr\/wp-json\/wp\/v2\/comments?post=604218"}],"version-history":[{"count":0,"href":"https:\/\/www.europesays.com\/fr\/wp-json\/wp\/v2\/posts\/604218\/revisions"}],"wp:featuredmedia":[{"embeddable":true,"href":"https:\/\/www.europesays.com\/fr\/wp-json\/wp\/v2\/media\/604219"}],"wp:attachment":[{"href":"https:\/\/www.europesays.com\/fr\/wp-json\/wp\/v2\/media?parent=604218"}],"wp:term":[{"taxonomy":"category","embeddable":true,"href":"https:\/\/www.europesays.com\/fr\/wp-json\/wp\/v2\/categories?post=604218"},{"taxonomy":"post_tag","embeddable":true,"href":"https:\/\/www.europesays.com\/fr\/wp-json\/wp\/v2\/tags?post=604218"}],"curies":[{"name":"wp","href":"https:\/\/api.w.org\/{rel}","templated":true}]}}