{"id":604234,"date":"2025-12-17T02:04:18","date_gmt":"2025-12-17T02:04:18","guid":{"rendered":"https:\/\/www.europesays.com\/fr\/604234\/"},"modified":"2025-12-17T02:04:18","modified_gmt":"2025-12-17T02:04:18","slug":"municipales-2026-a-marseille-lecologiste-hassen-hammou-condamne-a-15-mois-de-prison-avec-sursis-pour-corruption-de-mineur","status":"publish","type":"post","link":"https:\/\/www.europesays.com\/fr\/604234\/","title":{"rendered":"Municipales 2026 \u00e0 Marseille\u00a0: l\u2019\u00e9cologiste Hassen Hammou condamn\u00e9 \u00e0 15 mois de prison avec sursis pour corruption de mineur"},"content":{"rendered":"<p class=\"paragraph text_align_left lp-f-body-02\">Figure marseillaise des \u00c9cologistes, <a href=\"https:\/\/www.leparisien.fr\/faits-divers\/municipales-2026-a-marseille-lecologiste-hassen-hammou-convoque-devant-la-justice-pour-tentative-de-corruption-de-mineur-15-10-2025-KRU2QIUSMJFBNBYH7IQNMINNSQ.php\" target=\"_blank\" rel=\"noreferrer noopener\">Hassen Hammou<\/a> a \u00e9t\u00e9 condamn\u00e9 mardi \u00e0 15 mois de prison avec sursis <a href=\"https:\/\/www.leparisien.fr\/elections\/municipales\/municipales-2026-a-marseille-accuse-de-corruption-de-mineur-lex-chef-de-file-eelv-hassen-hammou-quitte-le-parti-14-11-2025-WLGBYASHAZFUZB5LVL4DDZGLLI.php\" target=\"_blank\" rel=\"noreferrer noopener\">pour corruption de mineur<\/a>, le militant annon\u00e7ant qu\u2019il allait faire appel.<\/p>\n<p class=\"\">Il \u00e9tait jug\u00e9 pour \u00ab incitation d\u2019un mineur par un majeur, utilisant un moyen de communication \u00e9lectronique, \u00e0 commettre un acte de nature sexuelle \u00bb.<\/p>\n<p class=\"\">R\u00e9agissant au jugement, son parti a indiqu\u00e9 dans un communiqu\u00e9 que le militant de 37 ans n\u2019avait \u00ab plus sa place chez Les \u00c9cologistes \u00bb, rappelant qu\u2019il avait \u00e9t\u00e9 \u00ab suspendu \u00e0 titre conservatoire \u00bb \u00e0 la mi-octobre. Il avait \u00e9t\u00e9 bri\u00e8vement choisi pour diriger les \u00e9cologistes au sein d\u2019une coalition de gauche en vue des municipales de mars.<\/p>\n<p>Des \u00e9changes sur Coco<\/p>\n<p class=\"\">Hassen Hammou avait eu des \u00e9changes avec un adolescent de 16 ans, notamment sur <a href=\"https:\/\/www.leparisien.fr\/faits-divers\/messages-sordides-et-guet-apens-qui-se-cache-derriere-le-site-de-tchat-coco-26-05-2024-FTX6YDJSMBGXRENG7ZDRMC5G2I.php\" target=\"_blank\" rel=\"noreferrer noopener\">le forum de rencontre Coco<\/a>, aujourd\u2019hui interdit, selon des informations ayant filtr\u00e9 d\u2019une pr\u00e9c\u00e9dente audience \u00e0 huis clos.<\/p>\n<p class=\"\">Outre sa peine de prison assortie d\u2019un sursis de cinq ans, il est condamn\u00e9 \u00e0 une inscription (pendant 20 ans) au fichier judiciaire automatis\u00e9 des auteurs d\u2019infractions sexuelles ou violentes (Fijais).<\/p>\n<p class=\"title-embed-dailymotion lp-color-text lp-f-subtitle-04\">Vid\u00e9oLe site Coco, repaire de contenus p\u00e9dophile et \u00e0 l&rsquo;origine de guet-apens, n&rsquo;existe plus<\/p>\n<p class=\"\">Il a aussi \u00e9t\u00e9 condamn\u00e9 par le tribunal correctionnel de Marseille \u00e0 une interdiction d\u2019exercer toute profession en contact avec des mineurs pendant trois ans.<\/p>\n<p class=\"\">L\u2019avocat de la victime, Me Cyril Ammar, a salu\u00e9 un jugement \u00ab courageux qui d\u00e9montre la gravit\u00e9 des faits \u00bb reproch\u00e9s \u00e0 Hassen Hammou. \u00ab On a r\u00e9ussi \u00e0 d\u00e9montrer que le comportement de celui-ci n\u2019\u00e9tait pas adapt\u00e9 \u00bb. \u00ab Je r\u00e9affirme avec force mon innocence \u00bb, a r\u00e9agi Hassen Hammou sur son compte X, fustigeant \u00ab un dossier vide \u00bb.<\/p>\n<p class=\"\">Par le pass\u00e9, il s\u2019\u00e9tait d\u00e9j\u00e0 d\u00e9fendu en assurant avoir \u00e9t\u00e9 victime d\u2019une \u00ab agression crapuleuse \u00bb men\u00e9e par deux personnes. Il avait rappel\u00e9 que ses \u00ab agresseurs \u00bb avaient \u00e9t\u00e9 d\u00e9clar\u00e9s \u00ab coupables \u00bb d\u2019extorsion de fonds.<\/p>\n<p>Une \u00ab d\u00e9flagration \u00bb<\/p>\n<p class=\"\">\u00ab C\u2019est une d\u00e9flagration, \u00e7a fait un an que monsieur Hammou subit cette proc\u00e9dure, on va devoir en passer par la cour d\u2019appel d\u2019Aix-en-Provence pour obtenir une relaxe \u00bb, a d\u00e9clar\u00e9 mardi son avocat, Me Alban Richeboeuf.<\/p>\n<p class=\"\">Hassen Hammou a \u00e9galement \u00e9t\u00e9 condamn\u00e9 \u00e0 verser 800 euros de dommages et int\u00e9r\u00eats \u00e0 une association qui s\u2019est constitu\u00e9e partie civile dans l\u2019affaire.<\/p>\n<p class=\"\">Le pr\u00e9sident de l\u2019Association famille enfance partage solidarit\u00e9, Mabouyo Diouf, avait auparavant accus\u00e9 Hassen Hammou d\u2019avoir \u00e9voqu\u00e9 dans ses messages une prestation tarif\u00e9e en sollicitant des \u00ab relations sexuelles \u00bb, pr\u00e9cisant que sur son profil en ligne, l\u2019adolescent impliqu\u00e9 indiquait avoir 14 ans.<\/p>\n<p class=\"\">\u00c0 la mi-novembre, le parti Les \u00c9cologistes avait annonc\u00e9 une proc\u00e9dure disciplinaire \u00e0 l\u2019encontre de Hassen Hammou, alors membre du bureau politique. La formation lui reprochait notamment de ne pas avoir parl\u00e9 de sa fr\u00e9quentation du site Coco \u00ab notoirement connu pour \u00eatre un repaire de pr\u00e9dateurs sexuels, notamment p\u00e9dophiles \u00bb.<\/p>\n","protected":false},"excerpt":{"rendered":"Figure marseillaise des \u00c9cologistes, Hassen Hammou a \u00e9t\u00e9 condamn\u00e9 mardi \u00e0 15 mois de prison avec sursis pour&hellip;\n","protected":false},"author":2,"featured_media":604235,"comment_status":"","ping_status":"","sticky":false,"template":"","format":"standard","meta":{"footnotes":""},"categories":[2814],"tags":[1111,11,1777,674,118,1011,27,884,12,882,25],"class_list":{"0":"post-604234","1":"post","2":"type-post","3":"status-publish","4":"format-standard","5":"has-post-thumbnail","7":"category-marseille","8":"tag-actu","9":"tag-actualites","10":"tag-eu","11":"tag-europe","12":"tag-faits-divers","13":"tag-fr","14":"tag-france","15":"tag-marseille","16":"tag-news","17":"tag-provence-alpes-cote-dazur","18":"tag-republique-francaise"},"share_on_mastodon":{"url":"https:\/\/pubeurope.com\/@fr\/115732459262041286","error":""},"_links":{"self":[{"href":"https:\/\/www.europesays.com\/fr\/wp-json\/wp\/v2\/posts\/604234","targetHints":{"allow":["GET"]}}],"collection":[{"href":"https:\/\/www.europesays.com\/fr\/wp-json\/wp\/v2\/posts"}],"about":[{"href":"https:\/\/www.europesays.com\/fr\/wp-json\/wp\/v2\/types\/post"}],"author":[{"embeddable":true,"href":"https:\/\/www.europesays.com\/fr\/wp-json\/wp\/v2\/users\/2"}],"replies":[{"embeddable":true,"href":"https:\/\/www.europesays.com\/fr\/wp-json\/wp\/v2\/comments?post=604234"}],"version-history":[{"count":0,"href":"https:\/\/www.europesays.com\/fr\/wp-json\/wp\/v2\/posts\/604234\/revisions"}],"wp:featuredmedia":[{"embeddable":true,"href":"https:\/\/www.europesays.com\/fr\/wp-json\/wp\/v2\/media\/604235"}],"wp:attachment":[{"href":"https:\/\/www.europesays.com\/fr\/wp-json\/wp\/v2\/media?parent=604234"}],"wp:term":[{"taxonomy":"category","embeddable":true,"href":"https:\/\/www.europesays.com\/fr\/wp-json\/wp\/v2\/categories?post=604234"},{"taxonomy":"post_tag","embeddable":true,"href":"https:\/\/www.europesays.com\/fr\/wp-json\/wp\/v2\/tags?post=604234"}],"curies":[{"name":"wp","href":"https:\/\/api.w.org\/{rel}","templated":true}]}}