{"id":604241,"date":"2025-12-17T02:10:15","date_gmt":"2025-12-17T02:10:15","guid":{"rendered":"https:\/\/www.europesays.com\/fr\/604241\/"},"modified":"2025-12-17T02:10:15","modified_gmt":"2025-12-17T02:10:15","slug":"a-paris-les-animateurs-reclament-davantage-de-moyens-pour-proteger-les-enfants-dans-les-ecoles","status":"publish","type":"post","link":"https:\/\/www.europesays.com\/fr\/604241\/","title":{"rendered":"\u00e0 Paris, les animateurs r\u00e9clament davantage de moyens pour prot\u00e9ger les enfants dans les \u00e9coles"},"content":{"rendered":"<p>                                                                                                                                                                                                                                                            <a href=\"https:\/\/www.lefigaro.fr\/actualite-france\/2018\/01\/24\/01016-20180124ARTFIG00341-reforme-du-bac-des-notes-de-premiere-et-de-terminale-peseraient-dans-l-obtention-du-diplome.php\" class=\"fig-ranking-profile-link\" data-fig-domain=\"LEFIGARO\" target=\"_blank\" rel=\"noopener\"><\/p>\n<p>        R\u00e9forme du baccalaur\u00e9at\u00a0: \u00abIl n&rsquo;y aura plus que quatre \u00e9preuves en terminale\u00bb<\/p>\n<p>                                                <\/a><\/p>\n<p>        <img   class=\"fig-img fig-ranking-profile-media-small-picture__photo\" alt=\"R\u00e9forme du baccalaur\u00e9at\u00a0: \u00abIl n'y aura plus que quatre \u00e9preuves en terminale\u00bb\" height=\"453\" width=\"805\"\/><\/p>\n<p class=\"fig-ranking-profile-standfirst\">\n    INFOGRAPHIE &#8211; Alors qu&rsquo;il d\u00e9voile ce mercredi son projet de r\u00e9forme du bac, le ministre de l&rsquo;\u00c9ducation, Jean-Michel Blanquer, a d\u00e9j\u00e0 fait sienne l&rsquo;une des principales propositions du rapport Mathiot qui lui a \u00e9t\u00e9 remis le 24 janvier 2018.\n<\/p>\n<p>                                                                                                                                                                                                                                                            <a href=\"https:\/\/www.lefigaro.fr\/actualite-france\/dermatose-nodulaire-contagieuse-de-nouveaux-foyers-recenses-en-savoie-et-haute-savoie-20250805\" class=\"fig-ranking-profile-link\" data-fig-domain=\"LEFIGARO\" target=\"_blank\" rel=\"noopener\"><\/p>\n<p>        Dermatose nodulaire contagieuse\u00a0: de nouveaux foyers recens\u00e9s en Savoie et Haute-Savoie<\/p>\n<p>                                                <\/a><\/p>\n<p>        <img   class=\"fig-img fig-ranking-profile-media-small-picture__photo\" alt=\"Dermatose nodulaire contagieuse\u00a0: de nouveaux foyers recens\u00e9s en Savoie et Haute-Savoie\" height=\"2000\" width=\"3000\"\/><\/p>\n<p class=\"fig-ranking-profile-standfirst\">\n    La maladie virale affectant les bovins, d\u00e9tect\u00e9e pour la premi\u00e8re fois le 29 juin et non transmissible aux humains, a d\u00e9sormais \u00e9t\u00e9 retrouv\u00e9e dans 64 foyers r\u00e9partis dans une dizaine de communes.\n<\/p>\n<p>                                                                                                                                                                                                                                                            <a href=\"https:\/\/www.lefigaro.fr\/actualite-france\/cocaine-cannabis-mdma-le-point-sur-la-consommation-de-drogues-en-france-20251118\" class=\"fig-ranking-profile-link\" data-fig-domain=\"LEFIGARO\" target=\"_blank\" rel=\"noopener\"><\/p>\n<p>        Coca\u00efne, cannabis, MDMA&#8230; Le point sur la consommation de drogues en France<\/p>\n<p>                                                <\/a><\/p>\n<p>        <img   class=\"fig-img fig-ranking-profile-media-small-picture__photo\" alt=\"Coca\u00efne, cannabis, MDMA... Le point sur la consommation de drogues en France\" height=\"2000\" width=\"3000\"\/><\/p>\n<p class=\"fig-ranking-profile-standfirst\">\n    <strong>INFOGRAPHIES <\/strong>&#8211; Emmanuel Macron, qui se rend \u00e0 Marseille ce mardi, a fait de la lutte contre le narcotrafic l\u2019une de ses priorit\u00e9s. Si les organisations criminelles sont les cibles principales, les regards des autorit\u00e9s se tournent \u00e9galement vers les consommateurs de drogues. Mais combien sont-ils dans l\u2019Hexagone\u00a0? Le Figaro fait le point.<\/p>\n","protected":false},"excerpt":{"rendered":"R\u00e9forme du baccalaur\u00e9at\u00a0: \u00abIl n&rsquo;y aura plus que quatre \u00e9preuves en terminale\u00bb INFOGRAPHIE &#8211; Alors qu&rsquo;il d\u00e9voile ce&hellip;\n","protected":false},"author":2,"featured_media":604242,"comment_status":"","ping_status":"","sticky":false,"template":"","format":"standard","meta":{"footnotes":""},"categories":[1888],"tags":[1111,1928,11,1927,1057,1777,674,1011,27,12,1926,626,1925,25],"class_list":{"0":"post-604241","1":"post","2":"type-post","3":"status-publish","4":"format-standard","5":"has-post-thumbnail","7":"category-paris","8":"tag-actu","9":"tag-actu-paris","10":"tag-actualites","11":"tag-actualites-paris","12":"tag-education","13":"tag-eu","14":"tag-europe","15":"tag-fr","16":"tag-france","17":"tag-news","18":"tag-news-paris","19":"tag-paris","20":"tag-paris-news","21":"tag-republique-francaise"},"share_on_mastodon":{"url":"https:\/\/pubeurope.com\/@fr\/115732481555332618","error":""},"_links":{"self":[{"href":"https:\/\/www.europesays.com\/fr\/wp-json\/wp\/v2\/posts\/604241","targetHints":{"allow":["GET"]}}],"collection":[{"href":"https:\/\/www.europesays.com\/fr\/wp-json\/wp\/v2\/posts"}],"about":[{"href":"https:\/\/www.europesays.com\/fr\/wp-json\/wp\/v2\/types\/post"}],"author":[{"embeddable":true,"href":"https:\/\/www.europesays.com\/fr\/wp-json\/wp\/v2\/users\/2"}],"replies":[{"embeddable":true,"href":"https:\/\/www.europesays.com\/fr\/wp-json\/wp\/v2\/comments?post=604241"}],"version-history":[{"count":0,"href":"https:\/\/www.europesays.com\/fr\/wp-json\/wp\/v2\/posts\/604241\/revisions"}],"wp:featuredmedia":[{"embeddable":true,"href":"https:\/\/www.europesays.com\/fr\/wp-json\/wp\/v2\/media\/604242"}],"wp:attachment":[{"href":"https:\/\/www.europesays.com\/fr\/wp-json\/wp\/v2\/media?parent=604241"}],"wp:term":[{"taxonomy":"category","embeddable":true,"href":"https:\/\/www.europesays.com\/fr\/wp-json\/wp\/v2\/categories?post=604241"},{"taxonomy":"post_tag","embeddable":true,"href":"https:\/\/www.europesays.com\/fr\/wp-json\/wp\/v2\/tags?post=604241"}],"curies":[{"name":"wp","href":"https:\/\/api.w.org\/{rel}","templated":true}]}}