{"id":604275,"date":"2025-12-17T02:37:16","date_gmt":"2025-12-17T02:37:16","guid":{"rendered":"https:\/\/www.europesays.com\/fr\/604275\/"},"modified":"2025-12-17T02:37:16","modified_gmt":"2025-12-17T02:37:16","slug":"en-partant-a-letranger-jaurais-peut-etre-franchi-une-marche-trop-vite-ewen-costiou-explique-pourquoi-il-a-decide-de-rejoindre-groupama-fdj-apres-l","status":"publish","type":"post","link":"https:\/\/www.europesays.com\/fr\/604275\/","title":{"rendered":"\u00ab\u00a0En partant \u00e0 l\u2019\u00e9tranger, j\u2019aurais peut-\u00eatre franchi une marche trop vite\u00a0\u00bb\u00a0: Ewen Costiou explique pourquoi il a d\u00e9cid\u00e9 de rejoindre Groupama-FDJ apr\u00e8s l\u2019arr\u00eat d\u2019Ark\u00e9a-B&#038;B Hotels"},"content":{"rendered":"<p>Comment se passent vos premiers jours avec vos nouveaux co\u00e9quipiers ?<\/p>\n<p>Pour le moment, c\u2019est nickel, \u00e7a se passe vraiment bien. Je connaissais d\u00e9j\u00e0 du monde dans l\u2019\u00e9quipe, \u00e7a a forc\u00e9ment jou\u00e9 pour l\u2019int\u00e9gration. Et pareil avec le staff. Lors de notre premier stage \u00e0 Besan\u00e7on en octobre, je rentrais \u00e0 peine de Chine (o\u00f9 il disputait <a href=\"https:\/\/www.letelegramme.fr\/sports\/cyclisme\/une-bande-de-potes-qui-a-envie-de-bien-finir-arkea-b-b-hotes-une-derniere-sans-pression-en-chine-6910509.php\" target=\"_blank\" rel=\"noopener\">la derni\u00e8re course d\u2019Ark\u00e9a-B &amp; B Hotels sur le Tour du Guangxi<\/a>) et j\u2019ai directement senti qu\u2019on avait envie de travailler avec moi. En fait, c\u2019est comme si j\u2019\u00e9tais dans l\u2019\u00e9quipe depuis longtemps.<\/p>\n<p>Cet hiver, plusieurs Fran\u00e7ais ont fait le choix de rejoindre une \u00e9quipe \u00e9trang\u00e8re (Vauquelin, Barr\u00e9, Godon, Cosnefroy), mais vous avez d\u00e9cid\u00e9 de rester en France. Vous n\u2019\u00e9tiez pas pr\u00eat \u00e0 vous exporter ?<\/p>\n<p>Que ce soit K\u00e9vin (Vauquelin <a href=\"https:\/\/www.letelegramme.fr\/sports\/cyclisme\/kevin-vauquelin-7e-du-dernier-tour-de-france-quitte-arkea-b-b-hotels-et-devoile-sa-nouvelle-equipe-pour-la-saison-2026-6906501.php\" target=\"_blank\" rel=\"noopener\">chez INEOS<\/a>) ou Louis (Barr\u00e9, chez Visma), ils sont quand m\u00eame plus exp\u00e9riment\u00e9s et r\u00e9f\u00e9renc\u00e9s que moi. Je reste tr\u00e8s jeune, je ne suis pas encore un grand champion et j\u2019ai encore beaucoup \u00e0 apprendre. Des \u00e9quipes \u00e9trang\u00e8res \u00e9taient int\u00e9ress\u00e9es, c\u2019est vrai, mais en partant d\u00e8s cette ann\u00e9e, j\u2019aurais peut-\u00eatre franchi une marche trop vite dans ma carri\u00e8re. Et je ne serais pas arriv\u00e9 avec le m\u00eame statut que chez Groupama-FDJ.<\/p>\n<p>Qu\u2019est-ce qui vous a convaincu ?<\/p>\n<p>De pouvoir avoir r\u00e9guli\u00e8rement ma carte la saison prochaine, d\u00e9j\u00e0. \u00c0 l\u2019\u00e9tranger, \u00e7a aurait pu prendre plus de temps. Ici, j\u2019ai l\u2019impression d\u2019entrer par la grande porte. Je sais que \u00e7a bosse bien et que je vais pouvoir continuer de progresser \u00e0 mon rythme.<\/p>\n<p>Le fait <a href=\"https:\/\/www.letelegramme.fr\/sports\/cyclisme\/la-groupama-fdj-cest-lequipe-du-finistere-6943789.php\" target=\"_blank\" rel=\"noopener\">de rejoindre autant de Bretons<\/a>, coureur comme staff, a jou\u00e9 dans votre r\u00e9flexion ?<\/p>\n<p>Honn\u00eatement, ce n\u2019est pas du tout ce que j\u2019ai regard\u00e9 (rires). Mais c\u2019est s\u00fbr que je sais un peu o\u00f9 je mets les pieds.<\/p>\n<p>Auriez-vous \u00e9t\u00e9 pr\u00eat \u00e0 rester chez Ark\u00e9a-B&amp;B Hotels si l\u2019\u00e9quipe avait trouv\u00e9 un nouveau partenaire ?<\/p>\n<p>Disons que j\u2019avais envie de voir ce que pouvait proposer Emmanuel (Hubert). Mais je ne pouvais pas attendre ind\u00e9finiment. Je me disais : \u00ab si l\u2019\u00e9quipe n\u2019a rien <a href=\"https:\/\/www.letelegramme.fr\/sports\/cyclisme\/tour-de-france\/si-un-mec-met-40-millions-mais-veut-que-je-degage-il-ny-a-pas-de-probleme-emmanuel-hubert-pret-a-tout-pour-sauver-arkea-bb-hotels-6862496.php\" target=\"_blank\" rel=\"noopener\">apr\u00e8s le Tour de France<\/a>, je change \u00bb. J\u2019ai pris ma d\u00e9cision juste apr\u00e8s. J\u2019ai ador\u00e9 mes ann\u00e9es chez <a href=\"https:\/\/www.letelegramme.fr\/sports\/cyclisme\/fortuneo-vital-concept\/\" target=\"_blank\" rel=\"noopener\">Ark\u00e9a<\/a> mais je sentais que j\u2019arrivais aussi \u00e0 un moment o\u00f9 il fallait que je vois quelque chose de nouveau. M\u00eame si je reste dans une \u00e9quipe fran\u00e7aise, c\u2019\u00e9tait important pour moi de sortir de ma zone de confort.<\/p>\n<p>Justement, comment avez-vous v\u00e9cu toute cette incertitude autour de l\u2019avenir d\u2019Ark\u00e9a-B &amp; B Hotels ?<\/p>\n<p>Personnellement, je n\u2019ai jamais \u00e9t\u00e9 en difficult\u00e9. J\u2019ai pu choisir mon avenir. Des coll\u00e8gues <a href=\"https:\/\/www.letelegramme.fr\/sports\/cyclisme\/qui-sont-les-coureurs-darkea-bb-hotels-encore-sans-contrat-pour-2026-6935849.php\" target=\"_blank\" rel=\"noopener\">n\u2019\u00e9taient pas dans la m\u00eame situation<\/a>. Pour eux, \u00e7a a d\u00fb \u00eatre bien stressant.<\/p>\n<\/p>\n<p>Pour finir, qu\u2019attendez-vous de 2026, qui sera votre quatri\u00e8me saison chez les professionnels ?<\/p>\n<p>Tout simplement de continuer sur la lanc\u00e9e de 2025. D\u2019avoir une progression constante et pourquoi pas une progression fulgurante, si je peux (rires). \u00c7a fait deux ans <a href=\"https:\/\/www.letelegramme.fr\/sports\/cyclisme\/en-controle-sur-la-derniere-etape-le-breton-ewen-costiou-remporte-le-tour-du-limousin-6874962.php\" target=\"_blank\" rel=\"noopener\">que je gagne une course par an<\/a>. Maintenant, j\u2019ai envie de scorer au max et devenir un mec solide en WorldTour !<\/p>\n","protected":false},"excerpt":{"rendered":"Comment se passent vos premiers jours avec vos nouveaux co\u00e9quipiers ? Pour le moment, c\u2019est nickel, \u00e7a se&hellip;\n","protected":false},"author":2,"featured_media":604276,"comment_status":"","ping_status":"","sticky":false,"template":"","format":"standard","meta":{"footnotes":""},"categories":[1411],"tags":[34378,1154,207,3166,71615,1011,27,33242,9815,2427,20537,60],"class_list":{"0":"post-604275","1":"post","2":"type-post","3":"status-publish","4":"format-standard","5":"has-post-thumbnail","7":"category-cyclisme","8":"tag-arkea-bb-hotels","9":"tag-cycling","10":"tag-cyclisme","11":"tag-en-continu-sports","12":"tag-ewen-costiou","13":"tag-fr","14":"tag-france","15":"tag-groupama-fdj","16":"tag-landerneau","17":"tag-professionnels","18":"tag-saint-urbain","19":"tag-sports"},"share_on_mastodon":{"url":"https:\/\/pubeurope.com\/@fr\/115732587752149658","error":""},"_links":{"self":[{"href":"https:\/\/www.europesays.com\/fr\/wp-json\/wp\/v2\/posts\/604275","targetHints":{"allow":["GET"]}}],"collection":[{"href":"https:\/\/www.europesays.com\/fr\/wp-json\/wp\/v2\/posts"}],"about":[{"href":"https:\/\/www.europesays.com\/fr\/wp-json\/wp\/v2\/types\/post"}],"author":[{"embeddable":true,"href":"https:\/\/www.europesays.com\/fr\/wp-json\/wp\/v2\/users\/2"}],"replies":[{"embeddable":true,"href":"https:\/\/www.europesays.com\/fr\/wp-json\/wp\/v2\/comments?post=604275"}],"version-history":[{"count":0,"href":"https:\/\/www.europesays.com\/fr\/wp-json\/wp\/v2\/posts\/604275\/revisions"}],"wp:featuredmedia":[{"embeddable":true,"href":"https:\/\/www.europesays.com\/fr\/wp-json\/wp\/v2\/media\/604276"}],"wp:attachment":[{"href":"https:\/\/www.europesays.com\/fr\/wp-json\/wp\/v2\/media?parent=604275"}],"wp:term":[{"taxonomy":"category","embeddable":true,"href":"https:\/\/www.europesays.com\/fr\/wp-json\/wp\/v2\/categories?post=604275"},{"taxonomy":"post_tag","embeddable":true,"href":"https:\/\/www.europesays.com\/fr\/wp-json\/wp\/v2\/tags?post=604275"}],"curies":[{"name":"wp","href":"https:\/\/api.w.org\/{rel}","templated":true}]}}