{"id":604297,"date":"2025-12-17T02:50:16","date_gmt":"2025-12-17T02:50:16","guid":{"rendered":"https:\/\/www.europesays.com\/fr\/604297\/"},"modified":"2025-12-17T02:50:16","modified_gmt":"2025-12-17T02:50:16","slug":"a-koupiansk-kiev-bat-en-breche-le-narratif-de-moscou","status":"publish","type":"post","link":"https:\/\/www.europesays.com\/fr\/604297\/","title":{"rendered":"\u00c0 Koupiansk, Kiev bat en br\u00e8che le narratif de Moscou"},"content":{"rendered":"<dl class=\"post-meta-box flex flex-wrap items-top border-grey-lighter border-b post-meta relative z-20\">&#13;<br \/>\n                                    &#13;<br \/>\n                                    &#13;<br \/>\n                                    &#13;<\/p>\n<dt class=\"inline-block py-1 leading-5 w-1\/5 sm:1\/6 xl:w-3\/10 flex items-top font-sans text-3xs text-grey tracking-wider uppercase border-grey-lighter border-t\">&#13;<br \/>\n                                      Date                                    <\/dt>\n<p>&#13;<\/p>\n<dd class=\"inline-block w-4\/5 sm:5\/6 xl:w-7\/10 pl-1u lg:pl-0 flex-grow  py-1 font-sans text-xs leading-5 border-grey-lighter border-t\">&#13;<br \/>\n                                      16 d\u00e9cembre 2025&#13;\n                                    <\/dd>\n<p>&#13;\n                                  <\/dl>\n<p>  Ajouter<br \/>\n  Article ajout\u00e9<\/p>\n<p>  T\u00e9l\u00e9charger le PDF<br \/>\n  En cours<\/p>\n<dl class=\"post-meta-box flex flex-wrap items-top border-grey-lighter border-b post-meta relative z-20 mt-4\">&#13;<\/p>\n<dt class=\"partager inline-block py-1 leading-5 w-1\/5 sm:1\/6 xl:w-3\/10 flex items-top font-sans text-3xs text-grey tracking-wider uppercase border-grey-lighter border-t\">&#13;<br \/>\n                                      Partager                                    <\/dt>\n<p>&#13;<\/p>\n<dd class=\"partager inline-block w-4\/5 sm:5\/6 xl:w-7\/10 pl-1u lg:pl-0 flex-grow  py-1 font-sans text-xs leading-5 border-grey-lighter border-t\">&#13;<br \/>\n                                      <a target=\"_blank\" data-social=\"twitter\" class=\"text-red no-underline inline-block w-4 h-4 mr-2\" href=\"https:\/\/twitter.com\/intent\/tweet\/?text=%C3%80+Koupiansk%2C+Kiev+bat+en+br%C3%A8che+le+narratif+de+Moscou+en+repoussant+les+forces+russes&amp;url=https%3A%2F%2Flegrandcontinent.eu%2Ffr%2F2025%2F12%2F16%2Fa-koupiansk-kiev-bat-en-breche-le-narratif-de-moscou-en-repoussant-les-forces-russes%2F\" rel=\"noopener\">&#13;<br \/>\n                                          &#13;<br \/>\n                                        <\/a>&#13;<br \/>\n                                      <a target=\"_blank\" data-social=\"facebook\" class=\"text-red no-underline inline-block w-4 h-4 mr-2\" href=\"https:\/\/facebook.com\/sharer\/sharer.php?u=https%3A%2F%2Flegrandcontinent.eu%2Ffr%2F2025%2F12%2F16%2Fa-koupiansk-kiev-bat-en-breche-le-narratif-de-moscou-en-repoussant-les-forces-russes%2F\" rel=\"noopener\">&#13;<br \/>\n                                          &#13;<br \/>\n                                        <\/a>&#13;<br \/>\n                                      <a target=\"_blank\" data-social=\"linkedin\" class=\"text-red no-underline inline-block w-4 h-4 mr-2\" href=\"https:\/\/www.linkedin.com\/shareArticle?title=%C3%80+Koupiansk%2C+Kiev+bat+en+br%C3%A8che+le+narratif+de+Moscou+en+repoussant+les+forces+russes&amp;url=https%3A%2F%2Flegrandcontinent.eu%2Ffr%2F2025%2F12%2F16%2Fa-koupiansk-kiev-bat-en-breche-le-narratif-de-moscou-en-repoussant-les-forces-russes%2F\" rel=\"noopener\">&#13;<br \/>\n                                          &#13;<br \/>\n                                        <\/a>&#13;<br \/>\n&#13;<br \/>\n&#13;\n                                    <\/dd>\n<p>&#13;<\/p>\n<p class=\"font-sans text-black text-xs lg:text-2xs\">&#13;<br \/>\n                                          Abonnez-vous pour t\u00e9l\u00e9charger cet article en format PDF                                        <\/p>\n<p>                                        <a href=\"https:\/\/legrandcontinent.eu\/fr\/2025\/12\/16\/a-koupiansk-kiev-bat-en-breche-le-narratif-de-moscou-en-repoussant-les-forces-russes\/\" class=\"btn-subscribe flex no-underline mt-4\" target=\"_blank\" rel=\"noopener\">&#13;<br \/>\n                                          &#13;<br \/>\n                                            \u2192&#13;<br \/>\n                                          &#13;<br \/>\n                                          &#13;<br \/>\n                                            S&rsquo;abonner                                          &#13;<br \/>\n                                        <\/a><\/p>\n<p>                                    &#13;\n                                  <\/dl>\n<p>Il y a un mois et demi, fin octobre, <a href=\"https:\/\/legrandcontinent.eu\/fr\/2025\/10\/31\/apres-pokrovsk-la-chute-de-koupiansk\/\" target=\"_blank\" rel=\"noopener\">la situation \u00e0 Koupiansk semblait d\u00e9sesp\u00e9r\u00e9e<\/a> pour l\u2019arm\u00e9e ukrainienne. Les forces russes revendiquaient le contr\u00f4le des deux-tiers de la ville, tandis que la progression de Moscou plus au Sud, sur la rive Est de la rivi\u00e8re Oskil, mena\u00e7ait la poche ukrainienne autour de Koupiansk-Vouzlovy\u00ef.<\/p>\n<p>Au cours des derniers jours, l\u2019arm\u00e9e ukrainienne a toutefois repris l\u2019avantage et regagn\u00e9 le contr\u00f4le du nord-ouest de la ville.<\/p>\n<ul class=\"wp-block-list\">\n<li>Malgr\u00e9 leur inf\u00e9riorit\u00e9 num\u00e9rique, les forces de Kiev ont su tirer profit \u2014 comme les Russes l\u2019avaient fait avant eux, en septembre \u2014 des r\u00e9seaux de canalisation souterraine pour mener des op\u00e9rations d\u2019infiltration les 11-12 d\u00e9cembre.<\/li>\n<li>Les succ\u00e8s ukrainiens \u00e0 Koupiansk sont \u00e9galement li\u00e9s \u00e0 la nomination en octobre du g\u00e9n\u00e9ral Mykha\u00eflo Drapatiy \u00e0 la t\u00eate des forces arm\u00e9es dans ce secteur du front\u00a0<a href=\"#easy-footnote-bottom-1-308696\" title=\"Eric Malinowski, \u00ab\u00a0&lt;a href=&quot;https:\/\/english.nv.ua\/russian-war\/siege-of-kupyansk-now-lifted-expert-says-50568190.html&quot;&gt;Ukraine\u2019s positions around Kupyansk improved significantly, expert says&lt;\/a&gt;\u00a0\u00bb, &lt;em&gt;NV&lt;\/em&gt;, 13 d\u00e9cembre 2025.\">1<\/a>.<\/li>\n<li>Drapatiy est connu en Ukraine pour son efficacit\u00e9 en tant que \u00ab\u00a0gestionnaire de crise\u00a0\u00bb, qu\u2019il a r\u00e9cemment mise \u00e0 profit en contribuant \u00e0 la stabilisation du front dans le secteur de Pokrovsk.<\/li>\n<\/ul>\n<p>\u00c0 ce jour, au moins une centaine de combattants russes sont de facto encercl\u00e9s dans Koupiansk et sont ravitaill\u00e9s par des drones FPV qui transportent \u00e0 la fois des vivres mais \u00e9galement des drapeaux\u00a0<a href=\"#easy-footnote-bottom-2-308696\" title=\"Francis Farrell, \u00ab\u00a0&lt;a href=&quot;https:\/\/kyivindependent.com\/ukraine-war-latest-live-2025-12-15\/&quot;&gt;Ukraine war latest\u00a0: Encircled Russian troops in Kupiansk resupplied with flags, not food, official says&lt;\/a&gt;\u00a0\u00bb, The Kyiv Independent, 15 d\u00e9cembre 2025.\">2<\/a>. Pour Moscou, qui a annonc\u00e9 \u00e0 plusieurs reprises la capture de la ville, l\u2019enjeu narratif est clef\u00a0: en diffusant autant que possible des images de drapeaux russes flottant \u00e0 Koupiansk, le Kremlin maintient l\u2019illusion d\u2019un contr\u00f4le de la ville.<\/p>\n<ul class=\"wp-block-list\">\n<li>Les analystes ukrainiens de Deep State estiment que les forces russes ne revendiquent plus que 11\u00a0% de la surface municipale, soit environ 3 km\u00b2.<\/li>\n<li>Zelensky s\u2019est lui-m\u00eame rendu \u00e0 Koupiansk vendredi 12 d\u00e9cembre suite \u00e0 l\u2019op\u00e9ration de contre-offensive, se filmant avec son t\u00e9l\u00e9phone \u00e0 seulement 2 km du front.<\/li>\n<li>La diffusion de ces images n\u2019a pas emp\u00each\u00e9 l\u2019arm\u00e9e russe de revendiquer une fois de plus aujourd\u2019hui, mardi 16 d\u00e9cembre, contr\u00f4ler la totalit\u00e9 de la ville\u00a0<a href=\"#easy-footnote-bottom-3-308696\" title=\"\u00ab\u00a0&lt;a href=&quot;https:\/\/tass.ru\/armiya-i-opk\/25923851&quot;&gt;\u041a\u0443\u043f\u044f\u043d\u0441\u043a \u043d\u0430\u0445\u043e\u0434\u0438\u0442\u0441\u044f \u043f\u043e\u0434 \u043a\u043e\u043d\u0442\u0440\u043e\u043b\u0435\u043c \u0412\u0421 \u0420\u0424&lt;\/a&gt;\u00a0\u00bb, &lt;em&gt;Tass&lt;\/em&gt;, 16 d\u00e9cembre 2025.\">3<\/a>.<\/li>\n<\/ul>\n<p>Pour Kiev comme pour Moscou il s\u2019agit autant d\u2019une question militaire que m\u00e9diatique. En v\u00e9hiculant un r\u00e9cit de victoire militaire, les deux comptent faire valoir leur domination sur le terrain pour obtenir des concessions <a href=\"https:\/\/legrandcontinent.eu\/fr\/2025\/12\/15\/a-berlin-lukraine-continue-les-negociations-avec-washington-pour-parvenir-a-un-accord-avant-noel\/\" target=\"_blank\" rel=\"noopener\">lors des n\u00e9gociations de paix<\/a>.<\/p>\n<p>Sources<\/p>\n<ol class=\"easy-footnotes-wrapper\">\n<li class=\"easy-footnote-single\">Eric Malinowski, \u00ab\u00a0<a href=\"https:\/\/english.nv.ua\/russian-war\/siege-of-kupyansk-now-lifted-expert-says-50568190.html\" target=\"_blank\" rel=\"noopener\">Ukraine\u2019s positions around Kupyansk improved significantly, expert says<\/a>\u00a0\u00bb, NV, 13 d\u00e9cembre 2025.<a class=\"easy-footnote-to-top\" href=\"#easy-footnote-1-308696\"\/><\/li>\n<li class=\"easy-footnote-single\">Francis Farrell, \u00ab\u00a0<a href=\"https:\/\/kyivindependent.com\/ukraine-war-latest-live-2025-12-15\/\" target=\"_blank\" rel=\"noopener\">Ukraine war latest\u00a0: Encircled Russian troops in Kupiansk resupplied with flags, not food, official says<\/a>\u00a0\u00bb, The Kyiv Independent, 15 d\u00e9cembre 2025.<a class=\"easy-footnote-to-top\" href=\"#easy-footnote-2-308696\"\/><\/li>\n<li class=\"easy-footnote-single\">\u00ab\u00a0<a href=\"https:\/\/tass.ru\/armiya-i-opk\/25923851\" target=\"_blank\" rel=\"noopener\">\u041a\u0443\u043f\u044f\u043d\u0441\u043a \u043d\u0430\u0445\u043e\u0434\u0438\u0442\u0441\u044f \u043f\u043e\u0434 \u043a\u043e\u043d\u0442\u0440\u043e\u043b\u0435\u043c \u0412\u0421 \u0420\u0424<\/a>\u00a0\u00bb, Tass, 16 d\u00e9cembre 2025.<a class=\"easy-footnote-to-top\" href=\"#easy-footnote-3-308696\"\/><\/li>\n<\/ol>\n<p>                            <script async src=\"https:\/\/platform.twitter.com\/widgets.js\" charset=\"utf-8\"><\/script><\/p>\n","protected":false},"excerpt":{"rendered":"&#13; &#13; &#13; &#13; &#13; Date &#13; &#13; 16 d\u00e9cembre 2025&#13; &#13; Ajouter Article ajout\u00e9 T\u00e9l\u00e9charger le PDF&hellip;\n","protected":false},"author":2,"featured_media":604298,"comment_status":"","ping_status":"","sticky":false,"template":"","format":"standard","meta":{"footnotes":""},"categories":[5],"tags":[11,1011,27,14,12,28],"class_list":{"0":"post-604297","1":"post","2":"type-post","3":"status-publish","4":"format-standard","5":"has-post-thumbnail","7":"category-international","8":"tag-actualites","9":"tag-fr","10":"tag-france","11":"tag-international","12":"tag-news","13":"tag-world"},"share_on_mastodon":{"url":"https:\/\/pubeurope.com\/@fr\/115732638922891818","error":""},"_links":{"self":[{"href":"https:\/\/www.europesays.com\/fr\/wp-json\/wp\/v2\/posts\/604297","targetHints":{"allow":["GET"]}}],"collection":[{"href":"https:\/\/www.europesays.com\/fr\/wp-json\/wp\/v2\/posts"}],"about":[{"href":"https:\/\/www.europesays.com\/fr\/wp-json\/wp\/v2\/types\/post"}],"author":[{"embeddable":true,"href":"https:\/\/www.europesays.com\/fr\/wp-json\/wp\/v2\/users\/2"}],"replies":[{"embeddable":true,"href":"https:\/\/www.europesays.com\/fr\/wp-json\/wp\/v2\/comments?post=604297"}],"version-history":[{"count":0,"href":"https:\/\/www.europesays.com\/fr\/wp-json\/wp\/v2\/posts\/604297\/revisions"}],"wp:featuredmedia":[{"embeddable":true,"href":"https:\/\/www.europesays.com\/fr\/wp-json\/wp\/v2\/media\/604298"}],"wp:attachment":[{"href":"https:\/\/www.europesays.com\/fr\/wp-json\/wp\/v2\/media?parent=604297"}],"wp:term":[{"taxonomy":"category","embeddable":true,"href":"https:\/\/www.europesays.com\/fr\/wp-json\/wp\/v2\/categories?post=604297"},{"taxonomy":"post_tag","embeddable":true,"href":"https:\/\/www.europesays.com\/fr\/wp-json\/wp\/v2\/tags?post=604297"}],"curies":[{"name":"wp","href":"https:\/\/api.w.org\/{rel}","templated":true}]}}