{"id":604301,"date":"2025-12-17T02:52:16","date_gmt":"2025-12-17T02:52:16","guid":{"rendered":"https:\/\/www.europesays.com\/fr\/604301\/"},"modified":"2025-12-17T02:52:16","modified_gmt":"2025-12-17T02:52:16","slug":"les-dessous-de-la-tres-grave-cyberattaque-menee-contre-le-ministere-de-linterieur","status":"publish","type":"post","link":"https:\/\/www.europesays.com\/fr\/604301\/","title":{"rendered":"Les dessous de la \u00abtr\u00e8s grave\u00bb cyberattaque men\u00e9e contre le minist\u00e8re de l\u2019Int\u00e9rieur"},"content":{"rendered":"<p>\n    <strong>R\u00c9CIT <\/strong>&#8211; Une intrusion au sein des serveurs du minist\u00e8re de l\u2019Int\u00e9rieur a \u00e9t\u00e9 constat\u00e9e vendredi. Beauvau a confirm\u00e9 les faits au Figaro ce mardi, alors qu\u2019une inqui\u00e9tante revendication a \u00e9t\u00e9 constat\u00e9e sur un forum cybercriminel.<\/p>\n<p class=\"fig-paragraph\">Un assaut num\u00e9rique dont les cons\u00e9quences pourraient \u00eatre gravissimes. Le\u00a0<a href=\"http:\/\/www.lefigaro.fr\/actualite-france\/le-figaro-a-fait-une-partie-de-fachorama-le-jeu-controverse-vise-par-une-plainte-du-ministere-de-l-interieur-20251213\" target=\"_blank\" data-fig-type=\"Article\" rel=\"noopener\" data-gtm-custom-categorie=\"navigation\" data-gtm-custom-action=\"crossclick\" data-gtm-custom-label=\"Contextuel\" data-gtm-event=\"customEventSPE\" data-fig-domain=\"LEFIGARO\">minist\u00e8re de l\u2019Int\u00e9rieur<\/a>\u00a0a confirm\u00e9 au Figaro ce mardi 16 d\u00e9cembre avoir \u00e9t\u00e9 la cible d\u2019une\u00a0<a href=\"http:\/\/www.lefigaro.fr\/secteur\/high-tech\/cyberattaques-contre-france-travail-ou-l-education-nationale-stormous-le-gang-de-pirates-prorusse-qui-veut-prouver-que-la-france-ne-protege-pas-assez-ses-citoyens-20251204\" target=\"_blank\" data-fig-type=\"NewsFlash\" rel=\"noopener\" data-gtm-custom-categorie=\"navigation\" data-gtm-custom-action=\"crossclick\" data-gtm-custom-label=\"Contextuel\" data-gtm-event=\"customEventSPE\" data-fig-domain=\"LEFIGARO\">cyberattaque<\/a>\u00a0vendredi, d\u00e9non\u00e7ant \u00abfortement\u00bb une \u00abattaque tr\u00e8s grave\u00bb, et annon\u00e7ant d\u00e9ployer \u00abtous les moyens pour entraver cette intrusion et renforcer le niveau global de s\u00e9curit\u00e9 des syst\u00e8mes d\u2019information du minist\u00e8re\u00bb.<\/p>\n<p class=\"fig-paragraph\">Selon les premiers \u00e9l\u00e9ments de l\u2019enqu\u00eate judiciaire, conduite sous la direction du parquet de Paris et confi\u00e9e \u00e0 l\u2019Office anti-cybercriminalit\u00e9 de la direction nationale de la police judiciaire, cette intrusion au sein des serveurs de messageries du minist\u00e8re a permis au ou aux pirate(s) de \u00abr\u00e9cup\u00e9rer\u00bb \u00abcertains \u00e9l\u00e9ments d\u2019identification\u00bb, permettant \u00abd\u2019ouvrir l\u2019acc\u00e8s \u00e0 des applicatifs m\u00e9tiers\u00bb &#8211; autrement dit, les logiciels qu\u2019utilisent les fonctionnaires du minist\u00e8re de l\u2019Int\u00e9rieur pour g\u00e9rer son activit\u00e9. \u00abLes analyses se poursuivent afin de d\u00e9terminer pr\u00e9cis\u00e9ment le p\u00e9rim\u00e8tre, la nature et le volume des\u2026<\/p>\n<p class=\"fig-premium-paywall__infos\">\n        Cet article est r\u00e9serv\u00e9 aux abonn\u00e9s.        Il vous reste 87% \u00e0 d\u00e9couvrir.\n    <\/p>\n<p>                <img  data- alt=\"Le Figaro\" class=\"fig-img--complete fig-img\"\/><\/p>\n<p class=\"fig-premium-paywall__title\">Vente Flash<\/p>\n<p class=\"fig-premium-paywall__subtitle\">-50% sur l&rsquo;abonnement num\u00e9rique<\/p>\n<p class=\"fig-premium-paywall__connect\">\n                D\u00e9j\u00e0 abonn\u00e9\u00a0?                <a class=\"fig-premium-paywall__connect-link\" href=\"https:\/\/connect.lefigaro.fr\/login?client=horizon_web&amp;type=main&amp;redirect_uri=https%3A%2F%2Fwww.lefigaro.fr%2Fsecteur%2Fhigh-tech%2Fles-dessous-de-la-tres-grave-cyberattaque-menee-contre-le-ministere-de-l-interieur-20251216\" data-js-gtm=\"{&quot;customCategorie&quot;: &quot;conversion&quot;, &quot;customAction&quot;: &quot;before_Landing_Connexion_paywall_auto&quot;, &quot;customLabel&quot;: &quot;bGVmaWdhcm8uZnJfXzFmMGRhYTI2LWFhMGMtNjc1NC04YjRmLWY5MWRjNTU1OTYwMl9fTmV3c0ZsYXNo_Les dessous de la \u00abtr\u00e8s grave\u00bb cyberattaque men\u00e9e contre le minist\u00e8re de l\u2019Int\u00e9rieur_611&quot;, &quot;customIDSPE&quot;: &quot;bGVmaWdhcm8uZnJfXzFmMGRhYTI2LWFhMGMtNjc1NC04YjRmLWY5MWRjNTU1OTYwMl9fTmV3c0ZsYXNo&quot;, &quot;event&quot;: &quot;customEventSPE&quot;}\" target=\"_blank\" rel=\"noopener\"><br \/>\n                    Connectez-vous<br \/>\n                <\/a>\n            <\/p>\n","protected":false},"excerpt":{"rendered":"R\u00c9CIT &#8211; Une intrusion au sein des serveurs du minist\u00e8re de l\u2019Int\u00e9rieur a \u00e9t\u00e9 constat\u00e9e vendredi. Beauvau a&hellip;\n","protected":false},"author":2,"featured_media":604302,"comment_status":"","ping_status":"","sticky":false,"template":"","format":"standard","meta":{"footnotes":""},"categories":[2],"tags":[11,2481,1011,27,1014,12],"class_list":{"0":"post-604301","1":"post","2":"type-post","3":"status-publish","4":"format-standard","5":"has-post-thumbnail","7":"category-actualites","8":"tag-actualites","9":"tag-cyberattaque","10":"tag-fr","11":"tag-france","12":"tag-ministere-de-linterieur","13":"tag-news"},"share_on_mastodon":{"url":"https:\/\/pubeurope.com\/@fr\/115732646645322565","error":""},"_links":{"self":[{"href":"https:\/\/www.europesays.com\/fr\/wp-json\/wp\/v2\/posts\/604301","targetHints":{"allow":["GET"]}}],"collection":[{"href":"https:\/\/www.europesays.com\/fr\/wp-json\/wp\/v2\/posts"}],"about":[{"href":"https:\/\/www.europesays.com\/fr\/wp-json\/wp\/v2\/types\/post"}],"author":[{"embeddable":true,"href":"https:\/\/www.europesays.com\/fr\/wp-json\/wp\/v2\/users\/2"}],"replies":[{"embeddable":true,"href":"https:\/\/www.europesays.com\/fr\/wp-json\/wp\/v2\/comments?post=604301"}],"version-history":[{"count":0,"href":"https:\/\/www.europesays.com\/fr\/wp-json\/wp\/v2\/posts\/604301\/revisions"}],"wp:featuredmedia":[{"embeddable":true,"href":"https:\/\/www.europesays.com\/fr\/wp-json\/wp\/v2\/media\/604302"}],"wp:attachment":[{"href":"https:\/\/www.europesays.com\/fr\/wp-json\/wp\/v2\/media?parent=604301"}],"wp:term":[{"taxonomy":"category","embeddable":true,"href":"https:\/\/www.europesays.com\/fr\/wp-json\/wp\/v2\/categories?post=604301"},{"taxonomy":"post_tag","embeddable":true,"href":"https:\/\/www.europesays.com\/fr\/wp-json\/wp\/v2\/tags?post=604301"}],"curies":[{"name":"wp","href":"https:\/\/api.w.org\/{rel}","templated":true}]}}