{"id":604309,"date":"2025-12-17T03:00:39","date_gmt":"2025-12-17T03:00:39","guid":{"rendered":"https:\/\/www.europesays.com\/fr\/604309\/"},"modified":"2025-12-17T03:00:39","modified_gmt":"2025-12-17T03:00:39","slug":"une-patate-chaude-pour-lequipe-suivante-le-budget-2026-peine-a-convaincre-le-conseil-municipal-de-mauguio","status":"publish","type":"post","link":"https:\/\/www.europesays.com\/fr\/604309\/","title":{"rendered":"\u00ab\u00a0Une patate chaude pour l\u2019\u00e9quipe suivante\u00a0\u00bb\u00a0: le budget 2026 peine \u00e0 convaincre le conseil municipal de Mauguio"},"content":{"rendered":"<p>\n                                                                Le conseil municipal de Mauguio, r\u00e9uni ce lundi 15\u00a0d\u00e9cembre, a \u00e9t\u00e9 largement domin\u00e9 par le d\u00e9bat d\u2019orientation budg\u00e9taire 2026. Un budget pr\u00e9sent\u00e9 comme responsable et sans hausse d\u2019imp\u00f4ts par le maire Yvon Bourrel, mais vivement critiqu\u00e9 par l\u2019opposition, notamment pour l\u2019absence de nouveaux investissements \u00e0 l\u2019approche des \u00e9lections municipales.\n                            <\/p>\n<p>En ouverture du conseil municipal de <a href=\"https:\/\/www.midilibre.fr\/herault\/mauguio\/\" target=\"_blank\" rel=\"noopener\">Mauguio<\/a>, ce lundi 15\u00a0d\u00e9cembre \u00e0 18\u00a0h, la minute de silence \u00e0 la m\u00e9moire du Fran\u00e7ais tu\u00e9 lors de l\u2019attentat antis\u00e9mite en Australie n\u2019aura \u00e9t\u00e9 qu\u2019un soupir dans plus de trois heures et demie d\u2019\u00e9changes, essentiellement autour du budget 2026. Sur 34 points \u00e0 l\u2019ordre du jour, le n\u00b01, le \u00ab\u00a0Vote du d\u00e9bat d\u2019orientation budg\u00e9taire\u00a0\u00bb occupa la moiti\u00e9 de la s\u00e9ance.<br \/>Le maire Yvon Bourrel plante le d\u00e9cor d\u2019un \u00ab\u00a0projet de budget responsable\u00a0\u00bb, \u00ab\u00a0sans aucune augmentation d\u2019imp\u00f4t\u00a0\u00bb, alors que les communes \u00e9voluent dans \u00ab\u00a0un contexte contraint\u00a0\u00bb. \u00ab\u00a0Pour mon dernier Rapport d\u2019orientation budg\u00e9taire, souligne l\u2019\u00e9dile qui, <a href=\"https:\/\/www.midilibre.fr\/2025\/10\/13\/info-midi-libre-yvon-bourrel-ne-sera-pas-candidat-a-sa-succession-a-la-mairie-de-mauguio-12990002.php\" target=\"_blank\" rel=\"noopener\">apr\u00e8s vingt ans \u00e0 la t\u00eate de Mauguio, ne se repr\u00e9sentera pas aux municipales de mars prochain<\/a>, les finances de la commune sont saines. Le projet de budget que je vous propose int\u00e8gre l\u2019ensemble des contraintes impos\u00e9es par le Projet de loi de finances (PLF) 2026. Aucun nouvel investissement n\u2019y est inscrit, afin de ne pas compromettre la trajectoire financi\u00e8re de la commune. La future \u00e9quipe municipale pourra modifier ce budget si elle le juge n\u00e9cessaire.\u00a0\u00bb<\/p>\n<p>Les investissements affal\u00e9s<\/p>\n<p>Laurent Cappelletti, adjoint aux finances, va ensuite d\u00e9cortiquer les divers chiffres, sans manquer de rappeler \u00ab\u00a0la qualit\u00e9 et la fiabilit\u00e9 d\u2019une gestion salu\u00e9e r\u00e9guli\u00e8rement par la Chambre r\u00e9gionale des comptes.\u00a0\u00bb<br \/>L\u2019\u00e9lu d\u00e9taille la mesure phare du PLF, le \u00ab\u00a0Dilico\u00a0\u00bb (\u00ab\u00a0Dispositif de lissage conjoncturel\u00a0\u00bb) qui associe les collectivit\u00e9s territoriales au redressement des comptes publics. Le dispositif a concern\u00e9 1\u00a0924 communes fran\u00e7aises en 2025, pour un montant total de 1\u00a0milliard d\u2019euros. \u00ab\u00a0La commune de Mauguio Carnon a contribu\u00e9 \u00e0 hauteur de 118\u00a0340\u00a0\u20ac en 2025. Ce dispositif est renforc\u00e9 et reconduit dans le PLF 2026, qui en double les montants\u00a0: en 2026, la contribution de la Ville s\u2019\u00e9l\u00e8ve \u00e0 620\u00a0000\u00a0\u20ac.\u00a0\u00bb<br \/>Plus globalement, c\u00f4t\u00e9 \u00ab\u00a0fonctionnement\u00a0\u00bb, les recettes \u00e9tablies \u00e0 32,5 M\u20ac en 2025 sont projet\u00e9es \u00e0 31,7 M\u20ac en 2026. \u00ab\u00a0La diminution anticip\u00e9e de \u2013 2,4\u00a0% pour l\u2019an prochain, explique Laurent Cappelletti, traduit un ralentissement de la dynamique de croissance, li\u00e9 \u00e0 la fois \u00e0 un ajustement des dotations et compensations, et \u00e0 l\u2019absence de cession d\u2019immobilisation sur cet exercice.\u00a0\u00bb<br \/>Du c\u00f4t\u00e9 des d\u00e9penses de fonctionnement, \u00e0 29,1 M\u20ac en 2025, la projection pour 2026 est contenue \u00e0 30\u00a0M\u20ac, malgr\u00e9 l\u2019augmentation du Dilico et de l\u2019\u00e9volution m\u00e9canique des cotisations \u00e0 diverses caisses de retraite des agents. \u00ab\u00a0La commune poursuit sa d\u00e9marche active de rationalisation des d\u00e9penses internes, souligne l\u2019adjoint aux finances, afin de maintenir la qualit\u00e9 du service public sans accro\u00eetre la pression fiscale sur les m\u00e9nages.\u00a0\u00bb<br \/>C\u00f4t\u00e9 investissements, les \u00ab\u00a0recettes\u00a0\u00bb (destin\u00e9es \u00e0 les financer\u00a0: subventions, emprunts, taxes d\u2019am\u00e9nagement,\u00a0etc.) passent de 7,5 M\u20ac en 2025 \u00e0 4,7 M\u20ac dans l\u2019exercice \u00e0 venir. \u00ab\u00a0D\u2019importants \u00e9quipements publics ont en effet \u00e9t\u00e9 r\u00e9alis\u00e9s en\u00a02024 et\u00a02025, explique Laurent Cappelletti. La fin de mandat se traduit par une baisse de ces recettes, le budget \u00e9tant principalement consacr\u00e9 \u00e0 la finalisation des projets en cours, sans lancement de nouveaux \u00e9quipements.\u00a0\u00bb<br \/>Idem, en toute logique, du c\u00f4t\u00e9 des d\u00e9penses d\u2019investissement, de 13\u00a0M\u20ac en 2025 \u00e0 6,4 M\u20ac pour 2026.<\/p>\n<p>Le port de Carnon, dop\u00e9 en 2026<\/p>\n<p>Vient ensuite le budget annexe du port de Carnon. C\u00f4t\u00e9 fonctionnement, les recettes (2,8 M\u20ac en 2025) sont projet\u00e9es \u00e0 2,6 M\u20ac dans le ROB, et les d\u00e9penses (2,5 M\u20ac pour 2025) \u00e0 2,1 M\u20ac. C\u00f4t\u00e9 investissements, les recettes passent de 94\u00a0000\u00a0\u20ac en 2025 \u00e0 2,7 M\u20ac pour 2026, \u00ab\u00a0afin de soutenir le d\u00e9veloppement des projets du port, souligne l\u2019adjoint, au travers de financements locaux, nationaux et europ\u00e9ens\u00a0\u00bb\u00a0: transitions \u00e9cologique et num\u00e9rique, pr\u00e9servation de la biodiversit\u00e9 locale, modernisation des \u00e9quipements de la base nautique, am\u00e9nagements du littoral et portuaire.<br \/>En miroir, les d\u00e9penses d\u2019investissement, \u00e0 1,1 M\u20ac en 2025, passent \u00e0 3,4 M\u20ac en 2026.<br \/>Mais le conseil n\u2019est pas convaincu par ces doctes explications. \u00ab\u00a0Nous avons not\u00e9 la volont\u00e9 de ne pas engager de nouveaux projets, souligne l\u2019opposant Pierre-Martin Chazot (DVD), mais ce ROB verrouille la commune sur les projets en cours.\u00a0\u00bb<\/p>\n<p>\u00ab\u00a0La nouvelle \u00e9quipe devra refaire un budget\u00a0\u00bb<\/p>\n<p>\u00ab\u00a0Je suis inqui\u00e8te, lance Caroline Favier, opposante de la liste \u00ab\u00a0\u00c9couter pour mieux Agir\u00a0\u00bb conduite par Patricia Moullin-Traffort. Vous avez pr\u00e9sent\u00e9 \u00ab\u00a0une prospective financi\u00e8re \u00e9quilibr\u00e9e sans investissements\u00a0\u00bb. Mais c\u2019est un \u00e9quilibre illusoire\u00a0: comment va vivre la commune sans investissements\u00a0?\u00a0\u00bb<br \/>L\u2019\u00e9lu d\u2019opposition (DVG) Daniel Bourguet avance une rafale de questions et de critiques, en t\u00eate desquelles\u00a0: \u00ab\u00a0Il aurait \u00e9t\u00e9 pr\u00e9f\u00e9rable de ne pas avoir ce d\u00e9bat aujourd\u2019hui, \u00e0 quelques semaines des \u00e9lections. La nouvelle \u00e9quipe devra refaire un budget.\u00a0\u00bb<br \/>L\u2019opposant Frantz Denat, au c\u00f4t\u00e9 de Patricia Moullin-Traffort, apr\u00e8s avoir point\u00e9 une s\u00e9rie de points sensibles, va enfoncer le clou\u00a0: \u00ab\u00a0Ce DOB avant les \u00e9lections, c\u2019est une patate chaude pour l\u2019\u00e9quipe suivante\u00a0!\u00a0\u00bb<br \/>Dans l\u2019entourage du maire, certains vont rappeler l\u2019exact libell\u00e9 du point\u00a01 de l\u2019ordre du jour\u00a0: \u00ab\u00a0Vote du d\u00e9bat\u00a0\u00bb (d\u2019orientation budg\u00e9taire 2026). Le \u00ab\u00a0d\u00e9bat\u00a0\u00bb est enregistr\u00e9. Et le point finalement adopt\u00e9, avec 15 voix contre sur 33. \u00ab\u00a0Le DOB, c\u2019est un \u00ab\u00a0prendre acte \u00ab\u00a0, souffle Pierre-Martin Chazot. Le vote \u00e9tait sur le d\u00e9bat. Mais pas sur le fond.\u00a0\u00bb<br \/>La soir\u00e9e est d\u00e9j\u00e0 bien entam\u00e9e quand la trentaine d\u2019autres items \u00e0 l\u2019ordre du jour est adopt\u00e9e au pas de charge, la plupart \u00e0 l\u2019unanimit\u00e9.<br \/>Rendez-vous le 16\u00a0f\u00e9vrier prochain pour le dernier conseil municipal de cette mandature. Qui risque fort de d\u00e9boucher sur le vote d\u2019un budget 2026\u2026 \u00e0 refaire.<\/p>\n<p>    Foncier\u00a0: une rallonge de 1,5 M\u20ac<\/p>\n<p>Parmi les nombreux points d\u2019achoppement, le n\u00b011 concerne un avenant \u00e0 la convention qui lie Mauguio \u00e0 l\u2019\u00c9tablissement public foncier (EPF). Cette \u00e9manation r\u00e9gionale de la Caisse des d\u00e9p\u00f4ts pr\u00eate aux communes les fonds n\u00e9cessaires \u00e0 la pr\u00e9emption de biens \u00e0 vendre, la commune ayant ensuite 5 ans pour d\u00e9velopper sur les lots achet\u00e9s un projet qui financera le remboursement, ou pas. Jusque-l\u00e0, la convention de 2024 \u00e9tait de 5\u00a0M\u20ac. L\u2019avenant propose de rehausser l\u2019enveloppe \u00e0 6,5 M\u20ac. Quelle que soit l\u2019intention de la majorit\u00e9 actuelle, voil\u00e0 une rallonge de 1,5 M\u20ac que l\u2019\u00e9quipe suivante devra aussi g\u00e9rer. D\u00e9lib\u00e9ration adopt\u00e9e avec 10 voix contre et 5 abstentions.<\/p>\n","protected":false},"excerpt":{"rendered":"Le conseil municipal de Mauguio, r\u00e9uni ce lundi 15\u00a0d\u00e9cembre, a \u00e9t\u00e9 largement domin\u00e9 par le d\u00e9bat d\u2019orientation budg\u00e9taire&hellip;\n","protected":false},"author":2,"featured_media":604310,"comment_status":"","ping_status":"","sticky":false,"template":"","format":"standard","meta":{"footnotes":""},"categories":[9599],"tags":[1111,11,1777,674,1011,27,7089,33760,2208,12,2680,316,25],"class_list":{"0":"post-604309","1":"post","2":"type-post","3":"status-publish","4":"format-standard","5":"has-post-thumbnail","7":"category-montpellier","8":"tag-actu","9":"tag-actualites","10":"tag-eu","11":"tag-europe","12":"tag-fr","13":"tag-france","14":"tag-herault","15":"tag-mauguio","16":"tag-montpellier","17":"tag-news","18":"tag-occitanie","19":"tag-politique","20":"tag-republique-francaise"},"share_on_mastodon":{"url":"https:\/\/pubeurope.com\/@fr\/115732678138140363","error":""},"_links":{"self":[{"href":"https:\/\/www.europesays.com\/fr\/wp-json\/wp\/v2\/posts\/604309","targetHints":{"allow":["GET"]}}],"collection":[{"href":"https:\/\/www.europesays.com\/fr\/wp-json\/wp\/v2\/posts"}],"about":[{"href":"https:\/\/www.europesays.com\/fr\/wp-json\/wp\/v2\/types\/post"}],"author":[{"embeddable":true,"href":"https:\/\/www.europesays.com\/fr\/wp-json\/wp\/v2\/users\/2"}],"replies":[{"embeddable":true,"href":"https:\/\/www.europesays.com\/fr\/wp-json\/wp\/v2\/comments?post=604309"}],"version-history":[{"count":0,"href":"https:\/\/www.europesays.com\/fr\/wp-json\/wp\/v2\/posts\/604309\/revisions"}],"wp:featuredmedia":[{"embeddable":true,"href":"https:\/\/www.europesays.com\/fr\/wp-json\/wp\/v2\/media\/604310"}],"wp:attachment":[{"href":"https:\/\/www.europesays.com\/fr\/wp-json\/wp\/v2\/media?parent=604309"}],"wp:term":[{"taxonomy":"category","embeddable":true,"href":"https:\/\/www.europesays.com\/fr\/wp-json\/wp\/v2\/categories?post=604309"},{"taxonomy":"post_tag","embeddable":true,"href":"https:\/\/www.europesays.com\/fr\/wp-json\/wp\/v2\/tags?post=604309"}],"curies":[{"name":"wp","href":"https:\/\/api.w.org\/{rel}","templated":true}]}}