{"id":604313,"date":"2025-12-17T03:04:46","date_gmt":"2025-12-17T03:04:46","guid":{"rendered":"https:\/\/www.europesays.com\/fr\/604313\/"},"modified":"2025-12-17T03:04:46","modified_gmt":"2025-12-17T03:04:46","slug":"un-policier-rouennais-ecroue-pour-agressions-sexuelles-et-detention-dimages-pedopornographiques","status":"publish","type":"post","link":"https:\/\/www.europesays.com\/fr\/604313\/","title":{"rendered":"Un policier rouennais \u00e9crou\u00e9 pour agressions sexuelles et d\u00e9tention d\u2019images p\u00e9dopornographiques"},"content":{"rendered":"<p>\t\t\t\t <img decoding=\"async\" class=\"responsive\" style=\"display:none\" src=\"https:\/\/www.europesays.com\/fr\/wp-content\/uploads\/2025\/12\/93223091-65203874.jpg\" alt=\"L'officier de police, occupait les fonctions d'adjoint au chef de la brigade des atteintes aux personnes \u00e0 l'h\u00f4tel de police de Rouen. Mis en examen pour agressions sexuelles sur deux jeunes filles mineures, il a \u00e9t\u00e9 plac\u00e9 en d\u00e9tention provisoire \u00e0 la maison d'arr\u00eat d'Evreux - Illustration DGPN\" title=\"L'officier de police, occupait les fonctions d'adjoint au chef de la brigade des atteintes aux personnes \u00e0 l'h\u00f4tel de police de Rouen. Mis en examen pour agressions sexuelles sur deux jeunes filles mineures, il a \u00e9t\u00e9 plac\u00e9 en d\u00e9tention provisoire \u00e0 la maison d'arr\u00eat d'Evreux - Illustration DGPN\" \/><br \/>\n<img decoding=\"async\" class=\"not-responsive\" src=\"https:\/\/www.europesays.com\/fr\/wp-content\/uploads\/2025\/12\/1765940686_66_93223091-65203874.jpg\" alt=\"L'officier de police, occupait les fonctions d'adjoint au chef de la brigade des atteintes aux personnes \u00e0 l'h\u00f4tel de police de Rouen. Mis en examen pour agressions sexuelles sur deux jeunes filles mineures, il a \u00e9t\u00e9 plac\u00e9 en d\u00e9tention provisoire \u00e0 la maison d'arr\u00eat d'Evreux - Illustration DGPN\" title=\"L'officier de police, occupait les fonctions d'adjoint au chef de la brigade des atteintes aux personnes \u00e0 l'h\u00f4tel de police de Rouen. Mis en examen pour agressions sexuelles sur deux jeunes filles mineures, il a \u00e9t\u00e9 plac\u00e9 en d\u00e9tention provisoire \u00e0 la maison d'arr\u00eat d'Evreux - Illustration DGPN\" width=\"791\" \/><\/p>\n<p>\n\t\t\t\t\t L&rsquo;officier de police, occupait les fonctions d&rsquo;adjoint au chef de la brigade des atteintes aux personnes \u00e0 l&rsquo;h\u00f4tel de police de Rouen. Mis en examen pour agressions sexuelles sur deux jeunes filles mineures, il a \u00e9t\u00e9 plac\u00e9 en d\u00e9tention provisoire \u00e0 la maison d&rsquo;arr\u00eat d&rsquo;Evreux &#8211; Illustration DGPN\n\t\t\t\t <\/p>\n<p>\t\t\t\t\t Un major de police rouennais, \u00e2g\u00e9 de 51 ans, a \u00e9t\u00e9 mis en examen et plac\u00e9 en d\u00e9tention provisoire \u00e0 la maison d\u2019arr\u00eat d\u2019\u00c9vreux, a annonc\u00e9 le procureur de la R\u00e9publique d\u2019\u00c9vreux, dans un communiqu\u00e9. L\u2019homme est soup\u00e7onn\u00e9 d\u2019agressions sexuelles sur mineures de moins de 15 ans, de corruption de mineure, ainsi que de d\u00e9tention d\u2019images p\u00e9dopornographiques et de d\u00e9tournement de donn\u00e9es judiciaires. <\/p>\n<p>L\u2019affaire d\u00e9bute en juin 2024. Une lyc\u00e9enne de 17 ans, scolaris\u00e9e au Havre (Seine-Maritime), alerte l\u2019\u00c9ducation nationale en affirmant avoir \u00e9t\u00e9 victime d\u2019une agression sexuelle \u00e0 l\u2019\u00e9t\u00e9 2019, alors qu\u2019elle n\u2019avait que 12 ans. Selon son r\u00e9cit, les faits se seraient produits lors de vacances pass\u00e9es chez cet ami policier de ses parents, accompagn\u00e9 de son \u00e9pouse et de leurs filles.\n\t\t\t\t <\/p>\n","protected":false},"excerpt":{"rendered":"L&rsquo;officier de police, occupait les fonctions d&rsquo;adjoint au chef de la brigade des atteintes aux personnes \u00e0 l&rsquo;h\u00f4tel&hellip;\n","protected":false},"author":2,"featured_media":604314,"comment_status":"","ping_status":"","sticky":false,"template":"","format":"standard","meta":{"footnotes":""},"categories":[9587],"tags":[1111,11,1401,1777,9770,674,118,1011,27,303,12,5161,32329,806,25,9590,5163],"class_list":{"0":"post-604313","1":"post","2":"type-post","3":"status-publish","4":"format-standard","5":"has-post-thumbnail","7":"category-rouen","8":"tag-actu","9":"tag-actualites","10":"tag-agressions-sexuelles","11":"tag-eu","12":"tag-eure","13":"tag-europe","14":"tag-faits-divers","15":"tag-fr","16":"tag-france","17":"tag-justice","18":"tag-news","19":"tag-normandie","20":"tag-pedopornographie","21":"tag-prison","22":"tag-republique-francaise","23":"tag-rouen","24":"tag-seine-maritime"},"share_on_mastodon":{"url":"https:\/\/pubeurope.com\/@fr\/115732694871017324","error":""},"_links":{"self":[{"href":"https:\/\/www.europesays.com\/fr\/wp-json\/wp\/v2\/posts\/604313","targetHints":{"allow":["GET"]}}],"collection":[{"href":"https:\/\/www.europesays.com\/fr\/wp-json\/wp\/v2\/posts"}],"about":[{"href":"https:\/\/www.europesays.com\/fr\/wp-json\/wp\/v2\/types\/post"}],"author":[{"embeddable":true,"href":"https:\/\/www.europesays.com\/fr\/wp-json\/wp\/v2\/users\/2"}],"replies":[{"embeddable":true,"href":"https:\/\/www.europesays.com\/fr\/wp-json\/wp\/v2\/comments?post=604313"}],"version-history":[{"count":0,"href":"https:\/\/www.europesays.com\/fr\/wp-json\/wp\/v2\/posts\/604313\/revisions"}],"wp:featuredmedia":[{"embeddable":true,"href":"https:\/\/www.europesays.com\/fr\/wp-json\/wp\/v2\/media\/604314"}],"wp:attachment":[{"href":"https:\/\/www.europesays.com\/fr\/wp-json\/wp\/v2\/media?parent=604313"}],"wp:term":[{"taxonomy":"category","embeddable":true,"href":"https:\/\/www.europesays.com\/fr\/wp-json\/wp\/v2\/categories?post=604313"},{"taxonomy":"post_tag","embeddable":true,"href":"https:\/\/www.europesays.com\/fr\/wp-json\/wp\/v2\/tags?post=604313"}],"curies":[{"name":"wp","href":"https:\/\/api.w.org\/{rel}","templated":true}]}}