{"id":604323,"date":"2025-12-17T03:14:22","date_gmt":"2025-12-17T03:14:22","guid":{"rendered":"https:\/\/www.europesays.com\/fr\/604323\/"},"modified":"2025-12-17T03:14:22","modified_gmt":"2025-12-17T03:14:22","slug":"nice-ils-ne-se-connaissent-pas-mais-dansent-ensemble-ce-rendez-vous-cartonne-en-ville","status":"publish","type":"post","link":"https:\/\/www.europesays.com\/fr\/604323\/","title":{"rendered":"Nice. Ils ne se connaissent pas mais dansent ensemble, ce rendez-vous cartonne en ville"},"content":{"rendered":"<p>                    Par<br \/>\n        <strong><br \/>\n            <a href=\"https:\/\/actu.fr\/auteur\/arthur-frand\" title=\"Consulter tous les articles de Arthur Frand\" target=\"_blank\" rel=\"noopener\">Arthur Frand<\/a><br \/>\n                    <\/strong><\/p>\n<p>        Publi\u00e9 le<\/p>\n<p>            16 d\u00e9c. 2025 \u00e0 17h04<br \/>\n        ; mis \u00e0 jour le 16 d\u00e9c. 2025 \u00e0 17h34    <\/p>\n<p>\u00c0 <a href=\"https:\/\/actu.fr\/nice\/\" target=\"_blank\" rel=\"noopener\">Nice<\/a> dans les <a href=\"https:\/\/actu.fr\/provence-alpes-cote-d-azur\/alpes-maritimes_06\" target=\"_blank\" rel=\"noopener\">Alpes-Maritimes<\/a>, chaque jeudi soir en d\u00e9cembre, le march\u00e9 de No\u00ebl se transforme en <strong>piste de danse<\/strong>. Au milieu des stands de boissons, plats et sucreries en tout genre, des Ni\u00e7ois et Ni\u00e7oises, m\u00e9lang\u00e9s aux touristes de passage, se retrouvent au c\u0153ur du Jardin Albert 1er. Ils s\u2019initient \u00e0 plusieurs danses latines, se laissant porter par des musiques entra\u00eenantes.<\/p>\n<p class=\" wall-content\">Un rendez-vous devenu incontournable en \u00e9t\u00e9 et qui cartonne d\u00e9sormais aussi en hiver. Wladimir Payen, \u00e0 l\u2019origine de l\u2019\u00e9v\u00e9nement, pr\u00e9sente le concept \u00e0 <a href=\"https:\/\/actu.fr\/nice\/\" target=\"_blank\" rel=\"noopener\">actu Nice<\/a>.<\/p>\n<p>\u00ab\u2009Le plus grand rassemblement de danse\u2009en plein air\u2009\u00bb<\/p>\n<p class=\" wall-content\">Wladimir Payen, professeur international \u00e0 Riviera Danse de Mouans-Sartoux (Alpes-Maritimes), enseigne plusieurs danses latines comme la Salsa, la Bachata, le Zouk, la Kizomba ou encore la Cha Cha Cha. Il a cr\u00e9\u00e9 le groupe <a href=\"https:\/\/www.facebook.com\/groups\/109857022398989\/\" target=\"_blank\" rel=\"noopener\">Facebook \u00ab\u2009RDV Latino\u2009\u00bb<\/a> qui compte aujourd\u2019hui <strong>3300 membres<\/strong>.<\/p>\n<p class=\" wall-content\">\u00ab\u2009Je voulais cr\u00e9er le plus grand rassemblement de danse en plein air de Nice dans une ambiance d\u00e9contract\u00e9e. Et faire d\u00e9couvrir ce milieu latino \u00e0 des personnes qui n\u2019auraient jamais eu acc\u00e8s \u00e0 ces danses et \u00e0 cet univers. Au d\u00e9but, il y avait quelques habitu\u00e9s seulement. Ils ont ramen\u00e9 des connaissances et \u00e7a a grossi.\u2009\u00bb<\/p>\n<p>    <img   decoding=\"async\" loading=\"lazy\" src=\"https:\/\/www.europesays.com\/fr\/wp-content\/uploads\/2025\/12\/jpeg-danse-960x592.jpg\" alt=\"RDV Latino devant le Palais de justice de Nice cet \u00e9t\u00e9\" width=\"960\" height=\"592\"\/><br \/>\n    RDV Latino devant le Palais de justice de Nice cet \u00e9t\u00e9. (\u00a9RDV Latino)Entre 800 et 1200 personnes cet \u00e9t\u00e9<\/p>\n<p class=\" wall-content\">En p\u00e9riode estivale, les membres de \u00ab\u2009RDV Latino\u2009\u00bb se retrouvent devant le Palais de justice \u00e0 Nice. Le rendez-vous, cr\u00e9e il y a plus d\u2019une dizaine d\u2019ann\u00e9es, s\u2019est impos\u00e9 au fil du temps. Il a pris une autre dimension en 2025. Chaque mercredi. \u00ab\u2009Cet \u00e9t\u00e9, il y a vraiment <strong>eu une explosion<\/strong> en termes de fr\u00e9quentations avec entre 800 et 1\u2009200\u00a0personnes pr\u00e9sentes \u00e0 chaque fois. Des Australiens sont m\u00eame venus pour se marier lors de ce rendez-vous\u2009\u00bb, en sourit Wladimir Payen.<\/p>\n<p>\u00ab\u2009Amener de la chaleur en hiver\u2009\u00bb<\/p>\n<p class=\" wall-content\">Depuis deux ans, le Village Latino, espace de coh\u00e9sion sociale, a pris possession du march\u00e9 de No\u00ebl \u00e0 Nice, situ\u00e9 place Mass\u00e9na et Jardin Albert-1er. Avec un joli succ\u00e8s. Trois rendez-vous ont \u00e9t\u00e9 fix\u00e9s en d\u00e9cembre cette ann\u00e9e\u2009: le jeudi\u00a04, jeudi\u00a011 et ce jeudi 18\u00a0d\u00e9cembre. \u00ab\u2009L\u2019objectif c\u2019est d\u2019amener de l\u2019ambiance et de la chaleur en hiver. Les gens adorent \u00e7a. Ils s\u2019\u00e9clatent, s\u2019amusent. Ils<strong> ont besoin de s\u2019\u00e9vader<\/strong>\u2009\u00bb, livre Wladimir Payen dit \u00ab\u2009Wladanse\u2009\u00bb.<\/p>\n<p>Votre r\u00e9gion, votre actu !<\/p>\n<p>Recevez chaque jour les infos qui comptent pour vous.<\/p>\n<p>\t<a href=\"https:\/\/actu.fr\/newsletter\" class=\"ac-btn ac-btn--corner ac-btn--medium ac-btn--blue800\" target=\"_blank\" rel=\"noopener\">S&rsquo;incrire<\/a><\/p>\n<p class=\" wall-content\">\n    <img   decoding=\"async\" loading=\"lazy\" src=\"https:\/\/www.europesays.com\/fr\/wp-content\/uploads\/2025\/12\/e595f0b0-abe3-4315-8935-929f678cc206-1-960x591.jpg\" alt=\"Le Village Latino se d\u00e9place au march\u00e9 de No\u00ebl de Nice cette ann\u00e9e. \" width=\"960\" height=\"591\"\/><br \/>\n    Le march\u00e9 de No\u00ebl de Nice se transforme en piste de danse le jeudi. (\u00a9Village Latino)<br \/>\n    <img   decoding=\"async\" loading=\"lazy\" src=\"https:\/\/www.europesays.com\/fr\/wp-content\/uploads\/2025\/12\/whatsapp-image-2025-12-16-at-171124-960x521.jpeg\" alt=\"Le \u00ab\u2009Village Latino\u2009\u00bb se d\u00e9place en plein c\u0153ur du march\u00e9 de No\u00ebl de Nice cette ann\u00e9e. \" width=\"960\" height=\"521\"\/><br \/>\n    Des Ni\u00e7ois s\u2019initient aux danses latines. (\u00a9Village Latino)<\/p>\n<p class=\" wall-content\">Au c\u0153ur du march\u00e9 ni\u00e7ois, un grand carr\u00e9 de danse, am\u00e9nag\u00e9 par la ville, est d\u00e9di\u00e9 \u00e0 ces initiations dansantes. Un espace bien plus restreint que devant le Palais de justice mais qui n\u2019est pas moins chaleureux avec les effluves de vin chaud.<\/p>\n<p>Venir seul et se laisser porter<\/p>\n<p class=\" wall-content\">Le dernier rendez-vous de l\u2019ann\u00e9e 2025 a lieu ce jeudi 18\u00a0d\u00e9cembre de 18h \u00e0 22h30. Il est possible <strong>d\u2019entrer dans la danse<\/strong> sans la moindre base. \u00ab\u2009C\u2019est de l\u2019initiation, je donne les premi\u00e8res cl\u00e9s techniques pour progresser et se voir \u00e9voluer. Cela permet aussi de bouger. On peut venir seul et retrouver des gens qui dansent mieux. Les filles invitent les gar\u00e7ons, les gar\u00e7ons invitent les filles.\u2009Il n\u2019y a pas de codes\u2009\u00bb, conclut Wladimir Payen. Sourire et bonne humeur sont exig\u00e9s.<\/p>\n<p>Rendez-vous Latino<\/p>\n<p>Ce jeudi 18 d\u00e9cembre 2025 au march\u00e9 de No\u00ebl de Nice, de 18h \u00e0 22h30.<br \/>Groupe Facebook \u00ab\u00a0RDV Latino\u00a0\u00bb<\/p>\n<p class=\" wall-content\">Personnalisez votre actualit\u00e9 en ajoutant vos villes et m\u00e9dias en favori avec <a href=\"https:\/\/moncompte.actu.fr\" title=\"D\u00e9couvez Mon Actu\" rel=\"nofollow noopener\" data-trk=\"{&quot;cta&quot;:{&quot;action&quot;:&quot;https:\\\/\\\/moncompte.actu.fr&quot;,&quot;category&quot;:&quot;mon compte&quot;,&quot;from&quot;:&quot;article footer&quot;,&quot;name&quot;:&quot;Mon actu&quot;,&quot;type&quot;:&quot;cta&quot;}}\" target=\"_blank\">Mon Actu<\/a>.<\/p>\n","protected":false},"excerpt":{"rendered":"Par Arthur Frand Publi\u00e9 le 16 d\u00e9c. 2025 \u00e0 17h04 ; mis \u00e0 jour le 16 d\u00e9c. 2025&hellip;\n","protected":false},"author":2,"featured_media":604324,"comment_status":"","ping_status":"","sticky":false,"template":"","format":"standard","meta":{"footnotes":""},"categories":[2819],"tags":[1111,11,5972,1777,674,1011,27,2089,12,2401,882,25,104],"class_list":{"0":"post-604323","1":"post","2":"type-post","3":"status-publish","4":"format-standard","5":"has-post-thumbnail","7":"category-nice","8":"tag-actu","9":"tag-actualites","10":"tag-danse","11":"tag-eu","12":"tag-europe","13":"tag-fr","14":"tag-france","15":"tag-marche","16":"tag-news","17":"tag-nice","18":"tag-provence-alpes-cote-dazur","19":"tag-republique-francaise","20":"tag-societe"},"share_on_mastodon":{"url":"","error":""},"_links":{"self":[{"href":"https:\/\/www.europesays.com\/fr\/wp-json\/wp\/v2\/posts\/604323","targetHints":{"allow":["GET"]}}],"collection":[{"href":"https:\/\/www.europesays.com\/fr\/wp-json\/wp\/v2\/posts"}],"about":[{"href":"https:\/\/www.europesays.com\/fr\/wp-json\/wp\/v2\/types\/post"}],"author":[{"embeddable":true,"href":"https:\/\/www.europesays.com\/fr\/wp-json\/wp\/v2\/users\/2"}],"replies":[{"embeddable":true,"href":"https:\/\/www.europesays.com\/fr\/wp-json\/wp\/v2\/comments?post=604323"}],"version-history":[{"count":0,"href":"https:\/\/www.europesays.com\/fr\/wp-json\/wp\/v2\/posts\/604323\/revisions"}],"wp:featuredmedia":[{"embeddable":true,"href":"https:\/\/www.europesays.com\/fr\/wp-json\/wp\/v2\/media\/604324"}],"wp:attachment":[{"href":"https:\/\/www.europesays.com\/fr\/wp-json\/wp\/v2\/media?parent=604323"}],"wp:term":[{"taxonomy":"category","embeddable":true,"href":"https:\/\/www.europesays.com\/fr\/wp-json\/wp\/v2\/categories?post=604323"},{"taxonomy":"post_tag","embeddable":true,"href":"https:\/\/www.europesays.com\/fr\/wp-json\/wp\/v2\/tags?post=604323"}],"curies":[{"name":"wp","href":"https:\/\/api.w.org\/{rel}","templated":true}]}}