{"id":604326,"date":"2025-12-17T03:16:37","date_gmt":"2025-12-17T03:16:37","guid":{"rendered":"https:\/\/www.europesays.com\/fr\/604326\/"},"modified":"2025-12-17T03:16:37","modified_gmt":"2025-12-17T03:16:37","slug":"nantes-a-hauteur-de-la-commune-de-haute-goulaine","status":"publish","type":"post","link":"https:\/\/www.europesays.com\/fr\/604326\/","title":{"rendered":"Nantes \u00e0 hauteur de la commune de Haute-Goulaine"},"content":{"rendered":"<p>Un accident impliquant deux camions est survenu ce <strong>mardi 16\u00a0d\u00e9cembre 2025<\/strong> \u00e0 7\u00a0h \u00e0 hauteur sur la RN249\u00a0dans le sens Poitiers &#8211; Cholet &#8211; Nantes \u00e0 hauteur de la commune de Haute-Goulaine (Loire-Atlantique). La circulation est toujours r\u00e9duite sur une seule voie (9\u00a0h\u00a043).<\/p>\n<\/p>\n<p>\u00a0<\/p>\n<p>Les \u00e9quipes d\u2019intervention et de s\u00e9curit\u00e9 ont assur\u00e9 le balisage sur site, son nettoyage puis le retrait des camions.<\/p>\n<p>La neutralisation de la voie de droite a \u00e9t\u00e9 neutralis\u00e9e par la DIR Ouest. M\u00eame chose pour la sortie Tournebride en direction de la RD 149\u00a0vers les communes de La Chapelle-Heulin, La Haie-Fouassi\u00e8re et Vertou.<\/p>\n<p>La dur\u00e9e de l\u2019\u00e9v\u00e9nement est ind\u00e9termin\u00e9e.<\/p>\n<p>\u00a0<\/p>\n","protected":false},"excerpt":{"rendered":"Un accident impliquant deux camions est survenu ce mardi 16\u00a0d\u00e9cembre 2025 \u00e0 7\u00a0h \u00e0 hauteur sur la RN249\u00a0dans&hellip;\n","protected":false},"author":2,"featured_media":604327,"comment_status":"","ping_status":"","sticky":false,"template":"","format":"standard","meta":{"footnotes":""},"categories":[2818],"tags":[1111,11,7052,1777,674,1011,27,10042,16714,766,12,2636,25],"class_list":{"0":"post-604326","1":"post","2":"type-post","3":"status-publish","4":"format-standard","5":"has-post-thumbnail","7":"category-nantes","8":"tag-actu","9":"tag-actualites","10":"tag-commune","11":"tag-eu","12":"tag-europe","13":"tag-fr","14":"tag-france","15":"tag-haute-goulaine","16":"tag-hauteur","17":"tag-nantes","18":"tag-news","19":"tag-pays-de-la-loire","20":"tag-republique-francaise"},"share_on_mastodon":{"url":"https:\/\/pubeurope.com\/@fr\/115732741118280603","error":""},"_links":{"self":[{"href":"https:\/\/www.europesays.com\/fr\/wp-json\/wp\/v2\/posts\/604326","targetHints":{"allow":["GET"]}}],"collection":[{"href":"https:\/\/www.europesays.com\/fr\/wp-json\/wp\/v2\/posts"}],"about":[{"href":"https:\/\/www.europesays.com\/fr\/wp-json\/wp\/v2\/types\/post"}],"author":[{"embeddable":true,"href":"https:\/\/www.europesays.com\/fr\/wp-json\/wp\/v2\/users\/2"}],"replies":[{"embeddable":true,"href":"https:\/\/www.europesays.com\/fr\/wp-json\/wp\/v2\/comments?post=604326"}],"version-history":[{"count":0,"href":"https:\/\/www.europesays.com\/fr\/wp-json\/wp\/v2\/posts\/604326\/revisions"}],"wp:featuredmedia":[{"embeddable":true,"href":"https:\/\/www.europesays.com\/fr\/wp-json\/wp\/v2\/media\/604327"}],"wp:attachment":[{"href":"https:\/\/www.europesays.com\/fr\/wp-json\/wp\/v2\/media?parent=604326"}],"wp:term":[{"taxonomy":"category","embeddable":true,"href":"https:\/\/www.europesays.com\/fr\/wp-json\/wp\/v2\/categories?post=604326"},{"taxonomy":"post_tag","embeddable":true,"href":"https:\/\/www.europesays.com\/fr\/wp-json\/wp\/v2\/tags?post=604326"}],"curies":[{"name":"wp","href":"https:\/\/api.w.org\/{rel}","templated":true}]}}