{"id":604328,"date":"2025-12-17T03:17:12","date_gmt":"2025-12-17T03:17:12","guid":{"rendered":"https:\/\/www.europesays.com\/fr\/604328\/"},"modified":"2025-12-17T03:17:12","modified_gmt":"2025-12-17T03:17:12","slug":"fc-nantes-apres-cabella-une-recrue-a-4-me","status":"publish","type":"post","link":"https:\/\/www.europesays.com\/fr\/604328\/","title":{"rendered":"FC Nantes : apr\u00e8s Cabella, une recrue \u00e0 4 M\u20ac ?"},"content":{"rendered":"<p>Le FC Nantes s\u2019agite en coulisses pour \u00e9viter une fin de saison cauchemar.<\/p>\n<p>Avant-derniers de Ligue 1, les Canaris savent qu\u2019ils devront passer par un mercato hivernal muscl\u00e9 pour esp\u00e9rer se maintenir. Apr\u00e8s l\u2019arriv\u00e9e de Deiver Machado et celle d\u2019Ahmed Kantari au poste d\u2019entraineur, la direction explore des profils exp\u00e9riment\u00e9s. Selon Ouest-France, <a href=\"https:\/\/www.sport.fr\/football\/le-fc-nantes-boucle-le-retour-de-remy-cabella-dans-lhexagone-1396821.shtm\" target=\"_blank\" rel=\"noopener\">la piste R\u00e9my Cabella est bien partie pour se concr\u00e9tiser<\/a>.<\/p>\n<p>Mais Cabella n\u2019est pas le seul nom sur la table. D\u2019apr\u00e8s L\u2019\u00c9quipe, le FC Nantes aurait \u00e9galement ouvert le dossier Florian Sotoca. L\u2019attaquant du RC Lens, 35 ans lui aussi, joue tr\u00e8s peu cette saison chez les Sang et Or, avec seulement 79 minutes disput\u00e9es en 11 matches. En fin de contrat en juin prochain, figure embl\u00e9matique du Racing depuis 2019, Sotoca pourrait \u00eatre tent\u00e9 par ce nouveau d\u00e9fi. L\u2019attaquant du club art\u00e9sien est estim\u00e9 \u00e0 4 millions d\u2019euros par Transfermarkt.<\/p>\n","protected":false},"excerpt":{"rendered":"Le FC Nantes s\u2019agite en coulisses pour \u00e9viter une fin de saison cauchemar. Avant-derniers de Ligue 1, les&hellip;\n","protected":false},"author":2,"featured_media":604329,"comment_status":"","ping_status":"","sticky":false,"template":"","format":"standard","meta":{"footnotes":""},"categories":[2818],"tags":[1111,11,1777,674,1011,27,766,12,2636,25],"class_list":{"0":"post-604328","1":"post","2":"type-post","3":"status-publish","4":"format-standard","5":"has-post-thumbnail","7":"category-nantes","8":"tag-actu","9":"tag-actualites","10":"tag-eu","11":"tag-europe","12":"tag-fr","13":"tag-france","14":"tag-nantes","15":"tag-news","16":"tag-pays-de-la-loire","17":"tag-republique-francaise"},"share_on_mastodon":{"url":"https:\/\/pubeurope.com\/@fr\/115732745079563312","error":""},"_links":{"self":[{"href":"https:\/\/www.europesays.com\/fr\/wp-json\/wp\/v2\/posts\/604328","targetHints":{"allow":["GET"]}}],"collection":[{"href":"https:\/\/www.europesays.com\/fr\/wp-json\/wp\/v2\/posts"}],"about":[{"href":"https:\/\/www.europesays.com\/fr\/wp-json\/wp\/v2\/types\/post"}],"author":[{"embeddable":true,"href":"https:\/\/www.europesays.com\/fr\/wp-json\/wp\/v2\/users\/2"}],"replies":[{"embeddable":true,"href":"https:\/\/www.europesays.com\/fr\/wp-json\/wp\/v2\/comments?post=604328"}],"version-history":[{"count":0,"href":"https:\/\/www.europesays.com\/fr\/wp-json\/wp\/v2\/posts\/604328\/revisions"}],"wp:featuredmedia":[{"embeddable":true,"href":"https:\/\/www.europesays.com\/fr\/wp-json\/wp\/v2\/media\/604329"}],"wp:attachment":[{"href":"https:\/\/www.europesays.com\/fr\/wp-json\/wp\/v2\/media?parent=604328"}],"wp:term":[{"taxonomy":"category","embeddable":true,"href":"https:\/\/www.europesays.com\/fr\/wp-json\/wp\/v2\/categories?post=604328"},{"taxonomy":"post_tag","embeddable":true,"href":"https:\/\/www.europesays.com\/fr\/wp-json\/wp\/v2\/tags?post=604328"}],"curies":[{"name":"wp","href":"https:\/\/api.w.org\/{rel}","templated":true}]}}