{"id":604344,"date":"2025-12-17T03:25:14","date_gmt":"2025-12-17T03:25:14","guid":{"rendered":"https:\/\/www.europesays.com\/fr\/604344\/"},"modified":"2025-12-17T03:25:14","modified_gmt":"2025-12-17T03:25:14","slug":"a-marseille-la-visite-de-macron-tourne-a-la-campagne-municipale-en-grand","status":"publish","type":"post","link":"https:\/\/www.europesays.com\/fr\/604344\/","title":{"rendered":"\u00c0 Marseille, la visite de Macron tourne \u00e0 la campagne municipale en grand"},"content":{"rendered":"<p>Ils ont le m\u00eame \u00e2ge, des penchants litt\u00e9raires et une passion pour Marseille partag\u00e9s. Le premier a surtout accord\u00e9 au second un <a href=\"https:\/\/www.laprovence.com\/article\/politique\/75364774783661\/emmanuel-macron-en-visite-mardi-marseille-en-grand-le-vrai-du-faux\" target=\"_blank\" rel=\"noopener\">plan historique de 5\u00a0milliards pour sa ville<\/a>. La proximit\u00e9 entre <a href=\"https:\/\/www.laprovence.com\/article\/region\/7136893692989114\/visite-demmanuel-macron-a-marseille-pour-benoit-payan-les-choses-bougent-dans-le-bon-sens-mais-le-compte-ny-est-pas\" target=\"_blank\" rel=\"noopener\">Emmanuel Macron et Beno\u00eet Payan<\/a> a longtemps suscit\u00e9 des jalousies au sein des \u00e9lus de la droite marseillaise, dont une partie s\u2019est convertie ou avait appel\u00e9 \u00e0 voter pour le Pr\u00e9sident Renaissance. Il fallait les entendre dans la coulisse, en\u00a02023, s\u2019enf\u00e9rocer \u00e0 la publication d\u2019un sondage qui \u00e9tait favorable au maire (divers gauche). \u00ab\u00a0Marseille en grand, c\u2019est quand m\u00eame de notre bord politique que \u00e7a vient\u00a0\u00bb, r\u00e2laient les barons en\u00a02023 qui ne comptaient pas lui en laisser le moindre b\u00e9n\u00e9fice \u00e9lectoral.<\/p>\n<p>D\u00e9j\u00e0 \u00e0 la man\u0153uvre, \u00e0 l\u2019\u00e9poque, pour cr\u00e9er les conditions d\u2019une union de la droite et du centre pour reconqu\u00e9rir la mairie de Marseille en\u00a02026, <a href=\"https:\/\/www.laprovence.com\/article\/economie\/18752457268403\/renaud-muselier-replacer-le-port-de-marseille-au-coeur-du-projet-marseillais-et-europeen\" target=\"_blank\" rel=\"noopener\">Renaud Muselier<\/a>, le pr\u00e9sident de R\u00e9gion (ex-LR pass\u00e9 \u00e0 Renaissance), go\u00fbtait peu cette complicit\u00e9 entre l\u2019h\u00f4tel de ville et l\u2019\u00c9lys\u00e9e. Et l\u2019ancien socialiste ne manquait jamais une occasion de rappeler qu\u2019il avait \u00e9t\u00e9 le premier \u00e0 r\u00e9ussir \u00e0 tordre le bras de l\u2019\u00c9tat pour faire pleuvoir des milliards sur Marseille et \u00ab\u00a0rattraper des ann\u00e9es d\u2019incurie\u00a0\u00bb, sui&#8230;<\/p>\n","protected":false},"excerpt":{"rendered":"Ils ont le m\u00eame \u00e2ge, des penchants litt\u00e9raires et une passion pour Marseille partag\u00e9s. Le premier a surtout&hellip;\n","protected":false},"author":2,"featured_media":604345,"comment_status":"","ping_status":"","sticky":false,"template":"","format":"standard","meta":{"footnotes":""},"categories":[2814],"tags":[17,1111,11,3226,1777,674,1011,27,2515,11514,884,16009,12,316,882,25,12710,510],"class_list":{"0":"post-604344","1":"post","2":"type-post","3":"status-publish","4":"format-standard","5":"has-post-thumbnail","7":"category-marseille","8":"tag-17","9":"tag-actu","10":"tag-actualites","11":"tag-campagne","12":"tag-eu","13":"tag-europe","14":"tag-fr","15":"tag-france","16":"tag-grand","17":"tag-macron","18":"tag-marseille","19":"tag-municipale","20":"tag-news","21":"tag-politique","22":"tag-provence-alpes-cote-dazur","23":"tag-republique-francaise","24":"tag-tourne","25":"tag-visite"},"share_on_mastodon":{"url":"https:\/\/pubeurope.com\/@fr\/115732776805604805","error":""},"_links":{"self":[{"href":"https:\/\/www.europesays.com\/fr\/wp-json\/wp\/v2\/posts\/604344","targetHints":{"allow":["GET"]}}],"collection":[{"href":"https:\/\/www.europesays.com\/fr\/wp-json\/wp\/v2\/posts"}],"about":[{"href":"https:\/\/www.europesays.com\/fr\/wp-json\/wp\/v2\/types\/post"}],"author":[{"embeddable":true,"href":"https:\/\/www.europesays.com\/fr\/wp-json\/wp\/v2\/users\/2"}],"replies":[{"embeddable":true,"href":"https:\/\/www.europesays.com\/fr\/wp-json\/wp\/v2\/comments?post=604344"}],"version-history":[{"count":0,"href":"https:\/\/www.europesays.com\/fr\/wp-json\/wp\/v2\/posts\/604344\/revisions"}],"wp:featuredmedia":[{"embeddable":true,"href":"https:\/\/www.europesays.com\/fr\/wp-json\/wp\/v2\/media\/604345"}],"wp:attachment":[{"href":"https:\/\/www.europesays.com\/fr\/wp-json\/wp\/v2\/media?parent=604344"}],"wp:term":[{"taxonomy":"category","embeddable":true,"href":"https:\/\/www.europesays.com\/fr\/wp-json\/wp\/v2\/categories?post=604344"},{"taxonomy":"post_tag","embeddable":true,"href":"https:\/\/www.europesays.com\/fr\/wp-json\/wp\/v2\/tags?post=604344"}],"curies":[{"name":"wp","href":"https:\/\/api.w.org\/{rel}","templated":true}]}}