{"id":604364,"date":"2025-12-17T03:39:13","date_gmt":"2025-12-17T03:39:13","guid":{"rendered":"https:\/\/www.europesays.com\/fr\/604364\/"},"modified":"2025-12-17T03:39:13","modified_gmt":"2025-12-17T03:39:13","slug":"parti-avec-le-brexit-le-royaume-uni-devrait-faire-son-retour-dans-le-programme-erasmus","status":"publish","type":"post","link":"https:\/\/www.europesays.com\/fr\/604364\/","title":{"rendered":"Parti avec le Brexit, le Royaume-Uni devrait faire son retour dans le programme Erasmus"},"content":{"rendered":"<p>La page du Brexit s\u2019appr\u00eate \u00e0 \u00eatre tourn\u00e9e pour les \u00e9tudiants. Le Royaume-Uni veut en effet faire son retour dans <a href=\"https:\/\/www.20minutes.fr\/monde\/italie\/4180181-20251019-sofia-corradi-creatrice-programme-erasmus-decedee-91-ans\" target=\"_blank\" class=\"c-link c-link--is-underlined\" rel=\"nofollow noopener\">le programme europ\u00e9en d\u2019\u00e9changes universitaires Erasmus<\/a>, ont rapport\u00e9 mardi les m\u00e9dias britanniques.<\/p>\n<p>Londres pourrait faire cette annonce d\u00e8s ce mercredi \u2013 <a href=\"https:\/\/www.20minutes.fr\/economie\/4154304-20250519-contient-nouvel-accord-partenariat-entre-ue-royaume-uni\" target=\"_blank\" class=\"c-link c-link--is-underlined\" rel=\"nofollow noopener\">dans le cadre du nouveau d\u00e9part (\u00ab reset\u00a0\u00bb) avec l\u2019Union europ\u00e9enne<\/a> r\u00e9guli\u00e8rement \u00e9voqu\u00e9 par le Premier ministre travailliste <a href=\"https:\/\/www.20minutes.fr\/monde\/royaume-uni\/4185874-20251116-royaume-uni-presse-extreme-droite-keir-starmer-hausse-contre-immigration-illegale\" target=\"_blank\" class=\"c-link c-link--is-underlined\" rel=\"nofollow noopener\">Keir Starmer<\/a>, afin d\u2019\u00e9vacuer les ranc\u0153urs du Brexit \u2013, selon The Times, The Guardian et la BBC.<\/p>\n<p>Objectif 2027 pour r\u00e9int\u00e9grer Erasmus<\/p>\n<p>Un accord pass\u00e9 avec Bruxelles ouvrirait la voie \u00e0 la participation des \u00e9tudiants britanniques au programme \u00e0 partir de janvier\u00a02027, selon ces m\u00e9dias.<\/p>\n<\/p>\n<p>Le Royaume-Uni a quitt\u00e9 Erasmus, auquel il participait depuis\u00a01987, lorsqu\u2019il est sorti de l\u2019UE d\u00e9but\u00a02021. Cette d\u00e9cision avait suscit\u00e9 la consternation chez les \u00e9tudiants et les acteurs de l\u2019enseignement sup\u00e9rieur au Royaume-Uni.<\/p>\n<p><a href=\"https:\/\/www.20minutes.fr\/monde\/royaume-uni\/\" target=\"_blank\" class=\"c-link c-btn c-btn--primary\" rel=\"nofollow noopener\">Notre dossier sur le Royaume-Uni<\/a><\/p>\n<p>Un porte-parole s\u2019est pour l\u2019instant born\u00e9 \u00e0 dire que le gouvernement britannique ne voulait \u00ab\u00a0pas commenter des discussions en cours\u00a0\u00bb, mais la nouvelle a \u00e9t\u00e9 rapidement salu\u00e9e par des universit\u00e9s britanniques et par le troisi\u00e8me parti politique du pays, les Lib\u00e9raux-d\u00e9mocrates (pro-europ\u00e9ens), qui y voient \u00ab\u00a0une premi\u00e8re \u00e9tape cruciale\u00a0\u00bb vers une relation plus \u00e9troite avec l\u2019UE.<\/p>\n","protected":false},"excerpt":{"rendered":"La page du Brexit s\u2019appr\u00eate \u00e0 \u00eatre tourn\u00e9e pour les \u00e9tudiants. Le Royaume-Uni veut en effet faire son&hellip;\n","protected":false},"author":2,"featured_media":604365,"comment_status":"","ping_status":"","sticky":false,"template":"","format":"standard","meta":{"footnotes":""},"categories":[1588],"tags":[47,11,1057,4854,8273,1777,674,2581,74,12,473,1853,1851,1850,1852,5768,133],"class_list":{"0":"post-604364","1":"post","2":"type-post","3":"status-publish","4":"format-standard","5":"has-post-thumbnail","7":"category-royaume-uni","8":"tag-actualite","9":"tag-actualites","10":"tag-education","11":"tag-enseignement-superieur","12":"tag-erasmus","13":"tag-eu","14":"tag-europe","15":"tag-keir-starmer","16":"tag-monde","17":"tag-news","18":"tag-royaume-uni","19":"tag-royaume-uni-de-grande-bretagne-et-dirlande-du-nord","20":"tag-uk","21":"tag-united-kingdom","22":"tag-united-kingdom-of-great-britain-and-northern-ireland","23":"tag-universite","24":"tag-video"},"share_on_mastodon":{"url":"https:\/\/pubeurope.com\/@fr\/115732831535606925","error":""},"_links":{"self":[{"href":"https:\/\/www.europesays.com\/fr\/wp-json\/wp\/v2\/posts\/604364","targetHints":{"allow":["GET"]}}],"collection":[{"href":"https:\/\/www.europesays.com\/fr\/wp-json\/wp\/v2\/posts"}],"about":[{"href":"https:\/\/www.europesays.com\/fr\/wp-json\/wp\/v2\/types\/post"}],"author":[{"embeddable":true,"href":"https:\/\/www.europesays.com\/fr\/wp-json\/wp\/v2\/users\/2"}],"replies":[{"embeddable":true,"href":"https:\/\/www.europesays.com\/fr\/wp-json\/wp\/v2\/comments?post=604364"}],"version-history":[{"count":0,"href":"https:\/\/www.europesays.com\/fr\/wp-json\/wp\/v2\/posts\/604364\/revisions"}],"wp:featuredmedia":[{"embeddable":true,"href":"https:\/\/www.europesays.com\/fr\/wp-json\/wp\/v2\/media\/604365"}],"wp:attachment":[{"href":"https:\/\/www.europesays.com\/fr\/wp-json\/wp\/v2\/media?parent=604364"}],"wp:term":[{"taxonomy":"category","embeddable":true,"href":"https:\/\/www.europesays.com\/fr\/wp-json\/wp\/v2\/categories?post=604364"},{"taxonomy":"post_tag","embeddable":true,"href":"https:\/\/www.europesays.com\/fr\/wp-json\/wp\/v2\/tags?post=604364"}],"curies":[{"name":"wp","href":"https:\/\/api.w.org\/{rel}","templated":true}]}}