{"id":604380,"date":"2025-12-17T03:49:17","date_gmt":"2025-12-17T03:49:17","guid":{"rendered":"https:\/\/www.europesays.com\/fr\/604380\/"},"modified":"2025-12-17T03:49:17","modified_gmt":"2025-12-17T03:49:17","slug":"a-lopen-de-tennis-de-caen-zia-cardin-veut-defendre-son-titre-a-seulement-16-ans","status":"publish","type":"post","link":"https:\/\/www.europesays.com\/fr\/604380\/","title":{"rendered":"\u00c0 l&rsquo;Open de Tennis de Caen, Zia Cardin veut d\u00e9fendre son titre \u00e0 seulement 16 ans"},"content":{"rendered":"<p>                    Par<br \/>\n        <strong><br \/>\n            <a href=\"https:\/\/actu.fr\/auteur\/redaction-sportacaen\" title=\"Consulter tous les articles de R\u00e9daction Sport \u00e0 Caen\" target=\"_blank\" rel=\"noopener\">R\u00e9daction Sport \u00e0 Caen<\/a><br \/>\n                    <\/strong><\/p>\n<p>        Publi\u00e9 le<\/p>\n<p>            16 d\u00e9c. 2025 \u00e0 7h00        <\/p>\n<p>Cette ann\u00e9e, du c\u00f4t\u00e9 des amateurs, ce sont les finales des 3e s\u00e9rie qui se tiendront au Palais des Sports de Caen (Calvados), mardi 16 d\u00e9cembre 2025. Chez les femmes, la jeune <b>Zia Cardin<\/b>, 16 ans, class\u00e9e 15\/1 et tenante du titre, affrontera <b>Marine Noesser<\/b> (22 ans, 15\/2). Une finale tr\u00e8s attendue par les deux joueuses, en plein c\u0153ur de l\u2019Open de Caen et des matchs des pros.`<\/p>\n<p>Une passionn\u00e9e de tennis<\/p>\n<p class=\" wall-content\">Zia a d\u00e9couvert le tennis tr\u00e8s jeune, par l\u2019interm\u00e9diaire de son p\u00e8re. \u00ab\u00a0<b>Elle a d\u00e9but\u00e9 \u00e0 l\u2019\u00e2ge de 5 ans<\/b>, \u00e0 Louvigny, explique celui-ci. Elle a tout de suite ador\u00e9, mais pour continuer \u00e0 progresser, elle a d\u00fb changer de club et partir du c\u00f4t\u00e9 de Mondeville.\u00a0\u00bb Une fois licenci\u00e9e \u00e0 <a href=\"https:\/\/actu.fr\/normandie\/mondeville_14437\" target=\"_blank\" rel=\"noopener\">Mondeville<\/a>, elle a encha\u00een\u00e9 les entrainements et les comp\u00e9titions.<\/p>\n<p class=\" wall-content\">En dehors du court, Zia Cardin s\u2019investit aussi dans d\u2019autres aspects du sport. \u00ab\u00a0Il y a deux ans, j\u2019ai eu l\u2019occasion d\u2019\u00eatre <b>ramasseuse de balles \u00e0 Roland-Garros<\/b>, raconte-t-elle. C\u2019\u00e9tait une exp\u00e9rience extraordinaire. J\u2019ai pu c\u00f4toyer les meilleurs joueurs et joueuses du monde.\u00a0\u00bb\u00a0<\/p>\n<p class=\" wall-content\">Il y a trois ans, la jeune Mondevillaise s\u2019est \u00e9galement <b>lanc\u00e9e dans l\u2019arbitrage<\/b>, en tant qu\u2019arbitre principale et juge de ligne. \u00ab\u00a0C\u2019est un autre aspect du jeu, analyse-t-elle. Et \u00e7a me permettra de rentrer sur le court avant de jouer mon match.\u00a0\u00bb En effet, elle fera partie des juges de ligne qui officieront durant l\u2019Open.<\/p>\n<p>Un titre \u00e0 d\u00e9fendre<\/p>\n<p class=\" wall-content\">Cette \u00e9dition aura une saveur particuli\u00e8re pour Zia Cardin puisqu\u2019elle tentera de conserver son titre obtenu l\u2019an pass\u00e9. \u00ab\u00a0Cette ann\u00e9e, ce sera un peu <b>diff\u00e9rent parce qu\u2019on jouera au Palais<\/b>, m\u00eame si on aura sans doute moins de spectateurs que les pros.\u00a0\u00bb<\/p>\n<p class=\" wall-content\">Pour se qualifier, Zia a remport\u00e9 son premier match en trois sets, ce qui lui a permis d\u2019atteindre les 3e s\u00e9ries, avant de perdre le suivant. Mais elle a su se ressaisir pour gagner les deux rencontres d\u2019apr\u00e8s, d\u00e9crochant ainsi sa place en finale pour d\u00e9fendre son titre.<\/p>\n<p>Votre r\u00e9gion, votre actu !<\/p>\n<p>Recevez chaque jour les infos qui comptent pour vous.<\/p>\n<p>\t<a href=\"https:\/\/actu.fr\/newsletter\" class=\"ac-btn ac-btn--corner ac-btn--medium ac-btn--blue800\" target=\"_blank\" rel=\"noopener\">S&rsquo;incrire<\/a><\/p>\n<blockquote class=\"ac-article-quote wall-content\">\n<p>Je souhaite avant tout prendre du plaisir, et profiter de jouer sur un tel court !<\/p>\n<p>Zia Cardin, finaliste du tournoi 3e s\u00e9rie<\/p><\/blockquote>\n<p class=\" wall-content\">De son c\u00f4t\u00e9, David, son p\u00e8re, est d\u00e9j\u00e0 fier de sa fille. Pour d\u00e9couvrir si Zia Cardin parviendra \u00e0 conserver son titre, rendez-vous le mardi 16 d\u00e9cembre au Palais des Sports, apr\u00e8s les matchs des pros.<\/p>\n<p class=\" wall-content\"><b>De notre correspondant Martin ARROT<\/b><\/p>\n<p class=\" wall-content\">Personnalisez votre actualit\u00e9 en ajoutant vos villes et m\u00e9dias en favori avec <a href=\"https:\/\/moncompte.actu.fr\" title=\"D\u00e9couvez Mon Actu\" rel=\"nofollow noopener\" data-trk=\"{&quot;cta&quot;:{&quot;action&quot;:&quot;https:\\\/\\\/moncompte.actu.fr&quot;,&quot;category&quot;:&quot;mon compte&quot;,&quot;from&quot;:&quot;article footer&quot;,&quot;name&quot;:&quot;Mon actu&quot;,&quot;type&quot;:&quot;cta&quot;}}\" target=\"_blank\">Mon Actu<\/a>.<\/p>\n","protected":false},"excerpt":{"rendered":"Par R\u00e9daction Sport \u00e0 Caen Publi\u00e9 le 16 d\u00e9c. 2025 \u00e0 7h00 Cette ann\u00e9e, du c\u00f4t\u00e9 des amateurs,&hellip;\n","protected":false},"author":2,"featured_media":604381,"comment_status":"","ping_status":"","sticky":false,"template":"","format":"standard","meta":{"footnotes":""},"categories":[1415],"tags":[5164,1011,27,42332,60,1467],"class_list":{"0":"post-604380","1":"post","2":"type-post","3":"status-publish","4":"format-standard","5":"has-post-thumbnail","7":"category-tennis","8":"tag-calvados","9":"tag-fr","10":"tag-france","11":"tag-palais-des-sports-de-caen","12":"tag-sports","13":"tag-tennis"},"share_on_mastodon":{"url":"https:\/\/pubeurope.com\/@fr\/115732870794409706","error":""},"_links":{"self":[{"href":"https:\/\/www.europesays.com\/fr\/wp-json\/wp\/v2\/posts\/604380","targetHints":{"allow":["GET"]}}],"collection":[{"href":"https:\/\/www.europesays.com\/fr\/wp-json\/wp\/v2\/posts"}],"about":[{"href":"https:\/\/www.europesays.com\/fr\/wp-json\/wp\/v2\/types\/post"}],"author":[{"embeddable":true,"href":"https:\/\/www.europesays.com\/fr\/wp-json\/wp\/v2\/users\/2"}],"replies":[{"embeddable":true,"href":"https:\/\/www.europesays.com\/fr\/wp-json\/wp\/v2\/comments?post=604380"}],"version-history":[{"count":0,"href":"https:\/\/www.europesays.com\/fr\/wp-json\/wp\/v2\/posts\/604380\/revisions"}],"wp:featuredmedia":[{"embeddable":true,"href":"https:\/\/www.europesays.com\/fr\/wp-json\/wp\/v2\/media\/604381"}],"wp:attachment":[{"href":"https:\/\/www.europesays.com\/fr\/wp-json\/wp\/v2\/media?parent=604380"}],"wp:term":[{"taxonomy":"category","embeddable":true,"href":"https:\/\/www.europesays.com\/fr\/wp-json\/wp\/v2\/categories?post=604380"},{"taxonomy":"post_tag","embeddable":true,"href":"https:\/\/www.europesays.com\/fr\/wp-json\/wp\/v2\/tags?post=604380"}],"curies":[{"name":"wp","href":"https:\/\/api.w.org\/{rel}","templated":true}]}}