{"id":604391,"date":"2025-12-17T03:59:17","date_gmt":"2025-12-17T03:59:17","guid":{"rendered":"https:\/\/www.europesays.com\/fr\/604391\/"},"modified":"2025-12-17T03:59:17","modified_gmt":"2025-12-17T03:59:17","slug":"madonna-et-guy-ritchie-sont-reunis-pour-la-premiere-fois-depuis-2008","status":"publish","type":"post","link":"https:\/\/www.europesays.com\/fr\/604391\/","title":{"rendered":"Madonna et Guy Ritchie sont r\u00e9unis pour la premi\u00e8re fois depuis 2008"},"content":{"rendered":"<p>A l&rsquo;occasion de l\u2019exposition londonienne Talk Is Cheap de leur fils <strong>Rocco Ritchie<\/strong>, <a href=\"https:\/\/www.vanityfair.fr\/dossier\/madonna\" isautogenerated=\"true\" target=\"_blank\" rel=\"noopener\"><strong>Madonna<\/strong><\/a> et <strong>Guy Ritchie<\/strong> se sont r\u00e9unis \u00e0 <a href=\"https:\/\/www.vanityfair.fr\/dossier\/londres\" isautogenerated=\"true\" target=\"_blank\" rel=\"noopener\">Londres<\/a> pour le soutenir. C\u2019est la premi\u00e8re fois que les ex-\u00e9poux apparaissent ensemble publiquement depuis 2008.<\/p>\n<p>Le jeune artiste de 25 ans, form\u00e9 \u00e0 la Central Saint Martins School puis \u00e0 la Royal Drawing School a pr\u00e9sent\u00e9 ses nouvelles oeuvres dans un entrep\u00f4t-studio du quartier de Soho dans le centre de Londres. Parmi les invit\u00e9s au vernissage figuraient notamment <strong>Jason Statham<\/strong>, <strong>Rosie Huntington-Whiteley<\/strong> et <a href=\"https:\/\/www.vanityfair.fr\/dossier\/jake-gyllenhaal\" isautogenerated=\"true\" target=\"_blank\" rel=\"noopener\">Jake Gyllenhaal<\/a>. Mais c\u2019est surtout la pr\u00e9sence de ses deux parents qui a fait tourner les t\u00eates. Dans la l\u00e9gende de son post <a href=\"https:\/\/www.vanityfair.fr\/dossier\/instagram\" isautogenerated=\"true\" target=\"_blank\" rel=\"noopener\">Instagram<\/a> sur lequel il appara\u00eet bras dessus bras dessous avec ses deux parents, Rocco Ritchie les remercie pour leur geste : \u00ab Il est \u00e9vident que certaines personnes peuvent me juger, je ne leur en veux pas. Cependant, je suis fier d&rsquo;\u00eatre qui je suis, mais je suis encore plus fier d&rsquo;avoir mes deux parents r\u00e9unis dans une m\u00eame pi\u00e8ce pour me soutenir \u00bb, a-t-il \u00e9crit. V\u00eatue d&rsquo;une tenue en cuir violet sign\u00e9e Versace et d&rsquo;une grande paire de lunettes de soleil rouge, Madonna y appara\u00eet fid\u00e8le au statut d&rsquo;ic\u00f4ne mode qui lui est souvent attribu\u00e9e.<\/p>\n<p>Un divorce tumultueux<\/p>\n<p>Si les ex-\u00e9poux peuvent aujourd&rsquo;hui se tenir dans une m\u00eame pi\u00e8ce, \u00e7a n&rsquo;a pas toujours \u00e9t\u00e9 le cas. Mari\u00e9s entre 2000 et 2008, Madonna et Guy Ritchie ont eu deux enfants ensemble, Ritchie n\u00e9 en 2000 et <strong>David Banda<\/strong> dont le processus d&rsquo;adoption a \u00e9t\u00e9 finalis\u00e9 en 2008. Mais en octobre de la m\u00eame ann\u00e9e, le c\u00e9l\u00e8bre couple de l\u2019\u00e9poque annonce sa s\u00e9paration.<\/p>\n<p>En 2016, huit ans apr\u00e8s leur divorce, les parents de Rocco et David se sont affront\u00e9s dans une bataille judiciaire pour obtenir la garde de leur premier fils alors \u00e2g\u00e9 de 15 ans \u00e0 l&rsquo;\u00e9poque. Ce dernier ayant refus\u00e9, l&rsquo;ann\u00e9e d&rsquo;avant, de se rendre \u00e0 <a href=\"https:\/\/www.vanityfair.fr\/dossier\/new-york\" isautogenerated=\"true\" target=\"_blank\" rel=\"noopener\">New York<\/a> pour passer les f\u00eates de fin d&rsquo;ann\u00e9e avec sa m\u00e8re, l&rsquo;interpr\u00e8te de Material Girl avait d\u00e9pos\u00e9 une plainte exigeant son retour. L&rsquo;ancien couple a finalement r\u00e9gl\u00e9 ce conflit \u00e0 l&rsquo;amiable, respectant le souhait de Rocco de d\u00e9m\u00e9nager au Royaume-Uni, avec son p\u00e8re. Depuis, de l&rsquo;eau semble avoir coul\u00e9 sous les ponts, en t\u00e9moigne cette fameuse photo qui fait actuellement le tour des r\u00e9seaux sociaux.<\/p>\n","protected":false},"excerpt":{"rendered":"A l&rsquo;occasion de l\u2019exposition londonienne Talk Is Cheap de leur fils Rocco Ritchie, Madonna et Guy Ritchie se&hellip;\n","protected":false},"author":2,"featured_media":604392,"comment_status":"","ping_status":"","sticky":false,"template":"","format":"standard","meta":{"footnotes":""},"categories":[1355],"tags":[1000,58,59,1011,27,1361,873,6747,721],"class_list":{"0":"post-604391","1":"post","2":"type-post","3":"status-publish","4":"format-standard","5":"has-post-thumbnail","7":"category-musique","8":"tag-celebrites","9":"tag-divertissement","10":"tag-entertainment","11":"tag-fr","12":"tag-france","13":"tag-music","14":"tag-musique","15":"tag-textabovecentergridwidth","16":"tag-web"},"share_on_mastodon":{"url":"https:\/\/pubeurope.com\/@fr\/115732910229346755","error":""},"_links":{"self":[{"href":"https:\/\/www.europesays.com\/fr\/wp-json\/wp\/v2\/posts\/604391","targetHints":{"allow":["GET"]}}],"collection":[{"href":"https:\/\/www.europesays.com\/fr\/wp-json\/wp\/v2\/posts"}],"about":[{"href":"https:\/\/www.europesays.com\/fr\/wp-json\/wp\/v2\/types\/post"}],"author":[{"embeddable":true,"href":"https:\/\/www.europesays.com\/fr\/wp-json\/wp\/v2\/users\/2"}],"replies":[{"embeddable":true,"href":"https:\/\/www.europesays.com\/fr\/wp-json\/wp\/v2\/comments?post=604391"}],"version-history":[{"count":0,"href":"https:\/\/www.europesays.com\/fr\/wp-json\/wp\/v2\/posts\/604391\/revisions"}],"wp:featuredmedia":[{"embeddable":true,"href":"https:\/\/www.europesays.com\/fr\/wp-json\/wp\/v2\/media\/604392"}],"wp:attachment":[{"href":"https:\/\/www.europesays.com\/fr\/wp-json\/wp\/v2\/media?parent=604391"}],"wp:term":[{"taxonomy":"category","embeddable":true,"href":"https:\/\/www.europesays.com\/fr\/wp-json\/wp\/v2\/categories?post=604391"},{"taxonomy":"post_tag","embeddable":true,"href":"https:\/\/www.europesays.com\/fr\/wp-json\/wp\/v2\/tags?post=604391"}],"curies":[{"name":"wp","href":"https:\/\/api.w.org\/{rel}","templated":true}]}}