{"id":604398,"date":"2025-12-17T04:03:12","date_gmt":"2025-12-17T04:03:12","guid":{"rendered":"https:\/\/www.europesays.com\/fr\/604398\/"},"modified":"2025-12-17T04:03:12","modified_gmt":"2025-12-17T04:03:12","slug":"nick-reiner-le-fils-du-cineaste-americain-rob-reiner-va-etre-inculpe-pour-les-meurtres-de-ses-parents","status":"publish","type":"post","link":"https:\/\/www.europesays.com\/fr\/604398\/","title":{"rendered":"Nick Reiner, le fils du cin\u00e9aste am\u00e9ricain Rob Reiner, va \u00eatre inculp\u00e9 pour les meurtres de ses parents"},"content":{"rendered":"<p class=\"article-p mdl\">Nick Reiner, le fils du cin\u00e9aste am\u00e9ricain Rob Reiner, va \u00eatre inculp\u00e9 pour les meurtres de ses parents, a annonc\u00e9 mardi 16 d\u00e9cembre le procureur de Los Angeles. Nick Reiner, 32 ans, qui a des ant\u00e9c\u00e9dents d&rsquo;addictions remontant \u00e0 l&rsquo;adolescence, risque la peine de mort s&rsquo;il est reconnu coupable, a pr\u00e9cis\u00e9 Nathan Hochman.\u00a0<\/p>\n<p class=\"article-p mdl\">Il sera inculp\u00e9 de \u00ab\u00a0deux chefs de meurtre avec la circonstance aggravante que les meurtres sont multiples\u00a0\u00bb, a d\u00e9clar\u00e9 Nathan Hochman. \u00ab\u00a0Il fait \u00e9galement l&rsquo;objet d&rsquo;une accusation particuli\u00e8re pour avoir personnellement utilis\u00e9 une arme dangereuse et mortelle, \u00e0 savoir un couteau. Ces chefs sont passibles d&rsquo;une peine maximale d&#8217;emprisonnement \u00e0 perp\u00e9tuit\u00e9 sans possibilit\u00e9 de lib\u00e9ration conditionnelle ou de la peine de mort\u00a0\u00bb, a-t-il poursuivi. \u00ab\u00a0Nick Reiner est d\u00e9tenu sans caution.\u00a0\u00bb<\/p>\n<p class=\"article-p mdl\">Rob Reiner a \u00e9t\u00e9 d\u00e9couvert mort dimanche au c\u00f4t\u00e9 de son \u00e9pouse, la photographe Michele Singer, dans leur maison de Brentwood, un quartier hupp\u00e9 de la m\u00e9tropole californienne. Nick Reiner, 32 ans, avait \u00e9t\u00e9 interpell\u00e9 dimanche soir, quelques heures apr\u00e8s la\u00a0<a class=\"link\" href=\"https:\/\/www.rtl.fr\/culture\/cine-series\/fils-place-en-detention-accusation-d-anti-trumpisme-enrage-ce-que-l-on-sait-sur-les-meurtres-de-rob-reiner-et-de-son-epouse-7900578543\" target=\"_blank\" rel=\"noopener\">d\u00e9couverte des corps sans vie<\/a>. Selon les m\u00e9dias am\u00e9ricains,\u00a0<a class=\"link\" href=\"https:\/\/www.rtl.fr\/actu\/international\/meurtre-de-rob-reiner-et-de-son-epouse-selon-les-medias-americains-le-pere-et-le-fils-se-seraient-disputes-la-veille-7900579039\" target=\"_blank\" rel=\"noopener\">le p\u00e8re et le fils se seraient disput\u00e9s la veille<\/a>\u00a0des meurtres, lors d&rsquo;une f\u00eate.<\/p>\n<p class=\"article-p mdl\">Nick Reiner devrait \u00eatre inculp\u00e9 d\u00e8s qu&rsquo;il sera en \u00e9tat de compara\u00eetre pour ce double meurtre, dont le mobile reste \u00e0 ce stade inconnu.\u00a0Il a \u00e9t\u00e9 d\u00e9clar\u00e9 m\u00e9dicalement inapte \u00e0 compara\u00eetre mardi. \u00ab\u00a0Chaque d\u00e9tenu doit obtenir une autorisation m\u00e9dicale avant de pouvoir \u00eatre transf\u00e9r\u00e9\u00a0\u00bb, a expliqu\u00e9 \u00e0 la presse son avocat, Alan Jackson. \u00ab\u00a0Les services du sh\u00e9rif \u00e9valueront la situation au jour le jour\u00a0\u00bb.\u00a0<\/p>\n<p>            Un lourd probl\u00e8me de toxicomanie<\/p>\n<p class=\"article-p mdl\">Nick vivait de fa\u00e7on intermittente chez ses parents. Il \u00e9voquait ouvertement son exp\u00e9rience en mati\u00e8re de traitement de la toxicomanie, qu&rsquo;il avait contract\u00e9e \u00e0 l&rsquo;\u00e2ge de 15 ans. Il \u00e9tait tomb\u00e9 dans l&rsquo;addiction d\u00e8s son adolescence, selon la presse am\u00e9ricaine, qui fait le r\u00e9cit de cures de d\u00e9sintoxication \u00e0 r\u00e9p\u00e9tition et m\u00eame d&rsquo;un moment pass\u00e9 \u00e0 vivre \u00e0 la rue.\u00a0<\/p>\n<p class=\"article-p mdl\">C&rsquo;est en s&rsquo;inspirant de sa propre exp\u00e9rience qu&rsquo;il avait co\u00e9crit un film r\u00e9alis\u00e9 par son p\u00e8re, Being Charlie (2015), qui raconte le difficile r\u00e9tablissement d&rsquo;un fils de personnalit\u00e9 ravag\u00e9 par les drogues.\u00a0<\/p>\n<p class=\"article-p mdl\">Cin\u00e9aste \u00e9clectique et citoyen r\u00e9solument engag\u00e9, Rob Reiner a eu une longue carri\u00e8re \u00e0 Hollywood, comme acteur et r\u00e9alisateur. De la com\u00e9die romantique &#8211; Quand Harry rencontre Sally &#8211; au thriller terrifiant &#8211; Misery, adapt\u00e9 d&rsquo;un roman de Stephen King &#8211; en passant par le r\u00e9cit initiatique &#8211; Stand by me qui a r\u00e9v\u00e9l\u00e9 River Phoenix -, Rob Reiner a essay\u00e9 tous les genres, souvent avec succ\u00e8s.\u00a0<\/p>\n<p class=\"article-p mdl\">En marge de ses activit\u00e9s \u00e0 Hollywood, Rob Reiner \u00e9tait un militant de gauche, proche des d\u00e9mocrates. Il d\u00e9fendait le droit au mariage pour tous et restait un critique virulent du gouvernement de Donald Trump. Lundi, le pr\u00e9sident am\u00e9ricain a attribu\u00e9 le meurtre du cin\u00e9aste \u00e0 son\u00a0<a class=\"link\" href=\"https:\/\/www.rtl.fr\/actu\/international\/mort-de-rob-reiner-c-etait-une-personne-derangee-ecrit-donald-trump-dans-une-reaction-lunaire-7900578598\" target=\"_blank\" rel=\"noopener\">anti-trumpisme \u00ab\u00a0enrag\u00e9\u00a0\u00bb<\/a>, un message virulent qui a outr\u00e9 jusque dans le camp conservateur.\u00a0<\/p>\n<p>    La r\u00e9daction vous recommande<\/p>\n<p class=\"s-newsletter__title\">\n                L\u2019actualit\u00e9 par la r\u00e9daction de RTL dans votre bo\u00eete mail.\n            <\/p>\n<p class=\"s-newsletter__subtitle\">\n                Gr\u00e2ce \u00e0 votre compte RTL abonnez-vous \u00e0 la newsletter RTL info pour suivre toute l&rsquo;actualit\u00e9 au quotidien\n            <\/p>\n<p>\n                                    Lire la suite\n                                <\/p>\n","protected":false},"excerpt":{"rendered":"Nick Reiner, le fils du cin\u00e9aste am\u00e9ricain Rob Reiner, va \u00eatre inculp\u00e9 pour les meurtres de ses parents,&hellip;\n","protected":false},"author":2,"featured_media":604399,"comment_status":"","ping_status":"","sticky":false,"template":"","format":"standard","meta":{"footnotes":""},"categories":[8],"tags":[650,58,59,107,1011,27,2137],"class_list":{"0":"post-604398","1":"post","2":"type-post","3":"status-publish","4":"format-standard","5":"has-post-thumbnail","7":"category-divertissement","8":"tag-cinema","9":"tag-divertissement","10":"tag-entertainment","11":"tag-fil-info","12":"tag-fr","13":"tag-france","14":"tag-hollywood"},"share_on_mastodon":{"url":"https:\/\/pubeurope.com\/@fr\/115732925940938361","error":""},"_links":{"self":[{"href":"https:\/\/www.europesays.com\/fr\/wp-json\/wp\/v2\/posts\/604398","targetHints":{"allow":["GET"]}}],"collection":[{"href":"https:\/\/www.europesays.com\/fr\/wp-json\/wp\/v2\/posts"}],"about":[{"href":"https:\/\/www.europesays.com\/fr\/wp-json\/wp\/v2\/types\/post"}],"author":[{"embeddable":true,"href":"https:\/\/www.europesays.com\/fr\/wp-json\/wp\/v2\/users\/2"}],"replies":[{"embeddable":true,"href":"https:\/\/www.europesays.com\/fr\/wp-json\/wp\/v2\/comments?post=604398"}],"version-history":[{"count":0,"href":"https:\/\/www.europesays.com\/fr\/wp-json\/wp\/v2\/posts\/604398\/revisions"}],"wp:featuredmedia":[{"embeddable":true,"href":"https:\/\/www.europesays.com\/fr\/wp-json\/wp\/v2\/media\/604399"}],"wp:attachment":[{"href":"https:\/\/www.europesays.com\/fr\/wp-json\/wp\/v2\/media?parent=604398"}],"wp:term":[{"taxonomy":"category","embeddable":true,"href":"https:\/\/www.europesays.com\/fr\/wp-json\/wp\/v2\/categories?post=604398"},{"taxonomy":"post_tag","embeddable":true,"href":"https:\/\/www.europesays.com\/fr\/wp-json\/wp\/v2\/tags?post=604398"}],"curies":[{"name":"wp","href":"https:\/\/api.w.org\/{rel}","templated":true}]}}