{"id":604413,"date":"2025-12-17T04:12:27","date_gmt":"2025-12-17T04:12:27","guid":{"rendered":"https:\/\/www.europesays.com\/fr\/604413\/"},"modified":"2025-12-17T04:12:27","modified_gmt":"2025-12-17T04:12:27","slug":"betclic-elite-il-est-temps-de-faire-evoluer-les-championnats-lentraineur-de-nancy","status":"publish","type":"post","link":"https:\/\/www.europesays.com\/fr\/604413\/","title":{"rendered":"Betclic \u00c9lite. \u00ab\u00a0Il est temps de faire \u00e9voluer les championnats\u00a0\u00bb\u00a0: l\u2019entra\u00eeneur de Nancy"},"content":{"rendered":"<p><a href=\"https:\/\/rennes.maville.com\/sport\/detail_-basket-elite.-battu-a-nancy-le-paris-basketball-laisse-l-occasion-a-l-asvel-de-se-detacher-en-tete-_54135-7108331_actu.Htm\" target=\"_blank\" rel=\"noopener\">Deux jours apr\u00e8s la victoire de Nancy face \u00e0 Paris (97-90)<\/a>, Sylvain Lauti\u00e9, l\u2019entra\u00eeneur nanc\u00e9en, \u00e9tait l\u2019invit\u00e9 de NoA basket ce lundi 15\u00a0d\u00e9cembre. L\u2019entra\u00eeneur nanc\u00e9ien a \u00e9voqu\u00e9 son souhait d\u2019un changement radical du mod\u00e8le de la Betcic \u00c9lite. Selon lui, le basket-ball professionnel fran\u00e7ais doit s\u2019inscrire dans une nouvelle \u00e8re. Il estime que la structure actuelle est en train d\u2019atteindre ses limites\u00a0: <strong>\u00ab<\/strong> <strong>\u00a0Il est temps de faire \u00e9voluer les championnats<\/strong>\u00a0\u00bb a-t-il assur\u00e9 tout en se f\u00e9licitant de son club <strong>\u00ab\u00a0bien install\u00e9, bien structur\u00e9\u00a0\u00bb<\/strong>.<\/p>\n<blockquote class=\"instagram-media\" data-instgrm-captioned=\"\" data-instgrm-permalink=\"https:\/\/www.instagram.com\/p\/DSOElsiDd6M\/?utm_source=ig_embed&amp;utm_campaign=loading\" data-instgrm-version=\"14\" style=\" background:#FFF; border:0; border-radius:3px; box-shadow:0 0 1px 0 rgba(0,0,0,0.5),0 1px 10px 0 rgba(0,0,0,0.15); margin: 1px; max-width:540px; min-width:326px; padding:0; width:99.375%; width:-webkit-calc(100% - 2px); width:calc(100% - 2px);\" wp_automatic_readability=\"-0.20388349514563\"\/>\n<p>\u00ab\u00a0Il est temps de faire une ligue ferm\u00e9e\u00a0\u00bb<\/p>\n<p>En ces temps flous autour du projet de la <a href=\"https:\/\/rennes.maville.com\/sport\/detail_-entretien.-fantastique-mais-je-ne-veux-pas-du-theatre-frederic-weis-partage-sur-la-future-nba-europe-_54135-7057208_actu.Htm\" target=\"_blank\" rel=\"noopener\">NBA en Europe<\/a>, Le coach de Nancy est all\u00e9 plus loin dans son discours en militant pour une ligue ferm\u00e9e \u00e0 l\u2019image du mod\u00e8le am\u00e9ricain, sans mont\u00e9e ni descente\u00a0: <strong>\u00ab\u00a0Il est temps de faire \u00e9voluer le championnat. On ne peut pas avoir <a href=\"https:\/\/caen.maville.com\/sport\/detail_-basket.-on-est-dans-le-vrai-malgre-sa-defaite-face-au-leader-d-elite-2-orleans-le-caen-bc-continue-sa-progression-_4-7071059_actu.Htm\" target=\"_blank\" rel=\"noopener\">Orl\u00e9ans en Pro B<\/a>, il est temps de faire une ligue ferm\u00e9e. On ne peut pas dire \u00e0 nos concitoyens qu\u2019on investit 90\u00a0millions dans une salle pour que tout d\u2019un coup, le club descende en Nationale 1 et il n\u2019y a plus de match. La loi 1901 date de 1901, \u00e0 un moment donn\u00e9, il faut passer \u00e0 un autre mod\u00e8le\u00a0\u00bb.<\/strong><\/p>\n<p><strong>Lire aussi\u00a0: <\/strong> <a href=\"https:\/\/cholet.maville.com\/sport\/detail_-betclic-elite.-il-faut-faire-des-choix-cholet-basket-un-systeme-de-rotations-moins-huile-_9-7108492_actu.Htm\" target=\"_blank\" rel=\"noopener\">Betclic \u00c9lite. \u00ab\u00a0Il faut faire des choix\u00a0\u00bb\u00a0: Cholet Basket, un syst\u00e8me de rotations moins huil\u00e9<\/a><\/p>\n<p>En revanche, le technicien n\u2019oublie pas les clubs issus des petites villes\u00a0:<strong> \u00ab\u00a0J\u2019ai coach\u00e9 \u00e0 Boulazac, ce n\u2019est pas une petite ville, c\u2019est le club d\u2019un d\u00e9partement ou m\u00eame d\u2019une r\u00e9gion. Le club m\u00e9rite d\u2019\u00eatre en Betclic \u00c9lite.\u00a0\u00bb<\/strong><\/p>\n<p>\u00a0<\/p>\n<p>\t\t<script async src=\"\/\/www.instagram.com\/embed.js\"><\/script><\/p>\n","protected":false},"excerpt":{"rendered":"Deux jours apr\u00e8s la victoire de Nancy face \u00e0 Paris (97-90), Sylvain Lauti\u00e9, l\u2019entra\u00eeneur nanc\u00e9en, \u00e9tait l\u2019invit\u00e9 de&hellip;\n","protected":false},"author":2,"featured_media":604414,"comment_status":"","ping_status":"","sticky":false,"template":"","format":"standard","meta":{"footnotes":""},"categories":[9635],"tags":[1111,11,3809,1465,1777,674,63,1011,27,775,1792,1922,1702,12,25,479,517,71628,1470],"class_list":{"0":"post-604413","1":"post","2":"type-post","3":"status-publish","4":"format-standard","5":"has-post-thumbnail","7":"category-nancy","8":"tag-actu","9":"tag-actualites","10":"tag-ball","11":"tag-basket","12":"tag-eu","13":"tag-europe","14":"tag-football","15":"tag-fr","16":"tag-france","17":"tag-grand-est","18":"tag-handball","19":"tag-info","20":"tag-nancy","21":"tag-news","22":"tag-republique-francaise","23":"tag-rugby","24":"tag-sport","25":"tag-trouville-deauville","26":"tag-volley"},"share_on_mastodon":{"url":"https:\/\/pubeurope.com\/@fr\/115732961242702392","error":""},"_links":{"self":[{"href":"https:\/\/www.europesays.com\/fr\/wp-json\/wp\/v2\/posts\/604413","targetHints":{"allow":["GET"]}}],"collection":[{"href":"https:\/\/www.europesays.com\/fr\/wp-json\/wp\/v2\/posts"}],"about":[{"href":"https:\/\/www.europesays.com\/fr\/wp-json\/wp\/v2\/types\/post"}],"author":[{"embeddable":true,"href":"https:\/\/www.europesays.com\/fr\/wp-json\/wp\/v2\/users\/2"}],"replies":[{"embeddable":true,"href":"https:\/\/www.europesays.com\/fr\/wp-json\/wp\/v2\/comments?post=604413"}],"version-history":[{"count":0,"href":"https:\/\/www.europesays.com\/fr\/wp-json\/wp\/v2\/posts\/604413\/revisions"}],"wp:featuredmedia":[{"embeddable":true,"href":"https:\/\/www.europesays.com\/fr\/wp-json\/wp\/v2\/media\/604414"}],"wp:attachment":[{"href":"https:\/\/www.europesays.com\/fr\/wp-json\/wp\/v2\/media?parent=604413"}],"wp:term":[{"taxonomy":"category","embeddable":true,"href":"https:\/\/www.europesays.com\/fr\/wp-json\/wp\/v2\/categories?post=604413"},{"taxonomy":"post_tag","embeddable":true,"href":"https:\/\/www.europesays.com\/fr\/wp-json\/wp\/v2\/tags?post=604413"}],"curies":[{"name":"wp","href":"https:\/\/api.w.org\/{rel}","templated":true}]}}