{"id":604417,"date":"2025-12-17T04:15:33","date_gmt":"2025-12-17T04:15:33","guid":{"rendered":"https:\/\/www.europesays.com\/fr\/604417\/"},"modified":"2025-12-17T04:15:33","modified_gmt":"2025-12-17T04:15:33","slug":"gagnez-le-concert-de-helena","status":"publish","type":"post","link":"https:\/\/www.europesays.com\/fr\/604417\/","title":{"rendered":"Gagnez le concert de HELENA."},"content":{"rendered":"<p>Apr\u00e8s l\u2019annonce \u00e9v\u00e8nement de ses premi\u00e8res dates de concert en solo, pour la plupart sold-out en quelques minutes seulement, Helena poursuit sur sa lanc\u00e9e et prolonge le plaisir avec une toute premi\u00e8re tourn\u00e9e en Z\u00e9nith &amp; Arena.<\/p>\n<p>Avec sa voix douce et puissante, son \u00e9nergie solaire et sa personnalit\u00e9 attachante, la r\u00e9v\u00e9lation musicale Helena s\u2019en va pour sa premi\u00e8re tourn\u00e9e en solo en 2025.<\/p>\n<p>Gagnez vos invitations pour le concert de Montpellier ce samedi 20 d\u00e9cembre 2025 &#8211; 20:00 en vous inscrivant ci-dessous:<\/p>\n","protected":false},"excerpt":{"rendered":"Apr\u00e8s l\u2019annonce \u00e9v\u00e8nement de ses premi\u00e8res dates de concert en solo, pour la plupart sold-out en quelques minutes&hellip;\n","protected":false},"author":2,"featured_media":604418,"comment_status":"","ping_status":"","sticky":false,"template":"","format":"standard","meta":{"footnotes":""},"categories":[9599],"tags":[20747,1111,11,1777,674,1011,27,330,2208,12,2680,25],"class_list":{"0":"post-604417","1":"post","2":"type-post","3":"status-publish","4":"format-standard","5":"has-post-thumbnail","7":"category-montpellier","8":"tag-20747","9":"tag-actu","10":"tag-actualites","11":"tag-eu","12":"tag-europe","13":"tag-fr","14":"tag-france","15":"tag-jeux","16":"tag-montpellier","17":"tag-news","18":"tag-occitanie","19":"tag-republique-francaise"},"share_on_mastodon":{"url":"https:\/\/pubeurope.com\/@fr\/115732973057495142","error":""},"_links":{"self":[{"href":"https:\/\/www.europesays.com\/fr\/wp-json\/wp\/v2\/posts\/604417","targetHints":{"allow":["GET"]}}],"collection":[{"href":"https:\/\/www.europesays.com\/fr\/wp-json\/wp\/v2\/posts"}],"about":[{"href":"https:\/\/www.europesays.com\/fr\/wp-json\/wp\/v2\/types\/post"}],"author":[{"embeddable":true,"href":"https:\/\/www.europesays.com\/fr\/wp-json\/wp\/v2\/users\/2"}],"replies":[{"embeddable":true,"href":"https:\/\/www.europesays.com\/fr\/wp-json\/wp\/v2\/comments?post=604417"}],"version-history":[{"count":0,"href":"https:\/\/www.europesays.com\/fr\/wp-json\/wp\/v2\/posts\/604417\/revisions"}],"wp:featuredmedia":[{"embeddable":true,"href":"https:\/\/www.europesays.com\/fr\/wp-json\/wp\/v2\/media\/604418"}],"wp:attachment":[{"href":"https:\/\/www.europesays.com\/fr\/wp-json\/wp\/v2\/media?parent=604417"}],"wp:term":[{"taxonomy":"category","embeddable":true,"href":"https:\/\/www.europesays.com\/fr\/wp-json\/wp\/v2\/categories?post=604417"},{"taxonomy":"post_tag","embeddable":true,"href":"https:\/\/www.europesays.com\/fr\/wp-json\/wp\/v2\/tags?post=604417"}],"curies":[{"name":"wp","href":"https:\/\/api.w.org\/{rel}","templated":true}]}}