{"id":604420,"date":"2025-12-17T04:20:13","date_gmt":"2025-12-17T04:20:13","guid":{"rendered":"https:\/\/www.europesays.com\/fr\/604420\/"},"modified":"2025-12-17T04:20:13","modified_gmt":"2025-12-17T04:20:13","slug":"un-policier-de-rouen-ecroue-pour-agressions-sexuelles-sur-mineures-et-place-en-detention-provisoire","status":"publish","type":"post","link":"https:\/\/www.europesays.com\/fr\/604420\/","title":{"rendered":"Un policier de Rouen \u00e9crou\u00e9 pour agressions sexuelles sur mineures et plac\u00e9 en d\u00e9tention provisoire"},"content":{"rendered":"<p>\n    Suite aux t\u00e9moignages de deux jeunes filles et \u00e0 la d\u00e9couverte d\u2019images p\u00e9dopornographiques sur son t\u00e9l\u00e9phone, le mis en cause, \u00e2g\u00e9 de 51 ans, a \u00e9t\u00e9 interpell\u00e9 par des enqu\u00eateurs de l\u2019IGPN.<\/p>\n<p class=\"fig-paragraph\">Un policier, adjoint au chef de la brigade des atteintes aux personnes au commissariat de Rouen, a \u00e9t\u00e9 \u00e9crou\u00e9 pour agressions sexuelles sur mineures et plac\u00e9 en d\u00e9tention provisoire, a annonc\u00e9 lundi le parquet d&rsquo;\u00c9vreux\u00a0(Eure).<\/p>\n<p class=\"fig-paragraph\">Suite aux t\u00e9moignages de deux jeunes filles et \u00e0 la d\u00e9couverte d&rsquo;<a href=\"http:\/\/www.lefigaro.fr\/faits-divers\/yvelines-un-alternant-de-la-prefecture-de-police-envoye-en-stage-de-citoyennete-pour-detention-d-images-pedopornographiques-20251215\" data-fig-type=\"NewsFlash\" data-gtm-custom-categorie=\"navigation\" data-gtm-custom-action=\"crossclick\" data-gtm-custom-label=\"Contextuel\" data-gtm-event=\"customEventSPE\" data-fig-domain=\"LEFIGARO\" target=\"_blank\" rel=\"noopener\">images p\u00e9dopornographiques<\/a>\u00a0sur son t\u00e9l\u00e9phone, le mis en cause, \u00e2g\u00e9 de 51 ans, a \u00e9t\u00e9 interpell\u00e9 par des enqu\u00eateurs de l&rsquo;IGPN, l&rsquo;inspection g\u00e9n\u00e9rale de la police nationale, puis plac\u00e9 en d\u00e9tention provisoire \u00e0 \u00c9vreux, a annonc\u00e9 dans un communiqu\u00e9 le procureur d&rsquo;\u00c9vreux R\u00e9mi Coutin.<\/p>\n<p>                                            <a class=\"fig-a11y-skip\" href=\"#fig-a11y-skip-main-inarticle\" data-module=\"a11y-skip\" data-context=\"was @visible\"><br \/>\n    Passer la publicit\u00e9<br \/>\n<\/a>            <\/p>\n<p class=\"fig-paragraph\">Plus d\u2019informations \u00e0 venir&#8230;<\/p>\n","protected":false},"excerpt":{"rendered":"Suite aux t\u00e9moignages de deux jeunes filles et \u00e0 la d\u00e9couverte d\u2019images p\u00e9dopornographiques sur son t\u00e9l\u00e9phone, le mis&hellip;\n","protected":false},"author":2,"featured_media":604421,"comment_status":"","ping_status":"","sticky":false,"template":"","format":"standard","meta":{"footnotes":""},"categories":[9587],"tags":[1111,11,1267,1777,674,1011,27,6636,12,5161,10910,25,9590],"class_list":{"0":"post-604420","1":"post","2":"type-post","3":"status-publish","4":"format-standard","5":"has-post-thumbnail","7":"category-rouen","8":"tag-actu","9":"tag-actualites","10":"tag-agression-sexuelle","11":"tag-eu","12":"tag-europe","13":"tag-fr","14":"tag-france","15":"tag-mineurs","16":"tag-news","17":"tag-normandie","18":"tag-policier","19":"tag-republique-francaise","20":"tag-rouen"},"share_on_mastodon":{"url":"https:\/\/pubeurope.com\/@fr\/115732992716113692","error":""},"_links":{"self":[{"href":"https:\/\/www.europesays.com\/fr\/wp-json\/wp\/v2\/posts\/604420","targetHints":{"allow":["GET"]}}],"collection":[{"href":"https:\/\/www.europesays.com\/fr\/wp-json\/wp\/v2\/posts"}],"about":[{"href":"https:\/\/www.europesays.com\/fr\/wp-json\/wp\/v2\/types\/post"}],"author":[{"embeddable":true,"href":"https:\/\/www.europesays.com\/fr\/wp-json\/wp\/v2\/users\/2"}],"replies":[{"embeddable":true,"href":"https:\/\/www.europesays.com\/fr\/wp-json\/wp\/v2\/comments?post=604420"}],"version-history":[{"count":0,"href":"https:\/\/www.europesays.com\/fr\/wp-json\/wp\/v2\/posts\/604420\/revisions"}],"wp:featuredmedia":[{"embeddable":true,"href":"https:\/\/www.europesays.com\/fr\/wp-json\/wp\/v2\/media\/604421"}],"wp:attachment":[{"href":"https:\/\/www.europesays.com\/fr\/wp-json\/wp\/v2\/media?parent=604420"}],"wp:term":[{"taxonomy":"category","embeddable":true,"href":"https:\/\/www.europesays.com\/fr\/wp-json\/wp\/v2\/categories?post=604420"},{"taxonomy":"post_tag","embeddable":true,"href":"https:\/\/www.europesays.com\/fr\/wp-json\/wp\/v2\/tags?post=604420"}],"curies":[{"name":"wp","href":"https:\/\/api.w.org\/{rel}","templated":true}]}}