{"id":604424,"date":"2025-12-17T04:23:16","date_gmt":"2025-12-17T04:23:16","guid":{"rendered":"https:\/\/www.europesays.com\/fr\/604424\/"},"modified":"2025-12-17T04:23:16","modified_gmt":"2025-12-17T04:23:16","slug":"ces-deux-restaurants-dille-et-vilaine-figurent-parmi-les-1-000-meilleures-adresses-du-monde","status":"publish","type":"post","link":"https:\/\/www.europesays.com\/fr\/604424\/","title":{"rendered":"Ces deux restaurants d\u2019Ille-et-Vilaine figurent parmi les 1\u00a0000\u00a0meilleures adresses du monde"},"content":{"rendered":"<p>Pour sa dixi\u00e8me \u00e9dition, La Liste, guide algorithmique mondial qui agr\u00e8ge plus de 1\u00a0100\u00a0sources (guides, m\u00e9dias, avis en ligne\u2026), a d\u00e9voil\u00e9 son palmar\u00e8s 2026 des 1\u00a0000\u00a0meilleurs restaurants.<\/p>\n<p>Deux restaurants d\u2019Ille-et-Vilaine y figurent. Le restaurant Le Coquillage, \u00e0 Saint-M\u00e9loir-des-Ondes, pr\u00e8s de Cancale, avec une note de 95\/100. La table du chef <a href=\"https:\/\/dinan.maville.com\/actu\/actudet_-portrait.-hugo-roellinger-seul-chef-breton-aux-trois-etoiles-michelin-perpetue-l-histoire-familiale-_7-6743626_actu.Htm\" target=\"_self\" rel=\"noopener\">Hugo Roellinger, 37\u00a0ans, a r\u00e9cemment obtenu trois \u00e9toiles.<\/a>\u00a0Il a \u00e9galement <a href=\"https:\/\/saint-malo.maville.com\/actu\/actudet_-le-cuisinier-breton-hugo-roellinger-elu-chef-de-l-annee-vingt-ans-apres-son-pere-_7-6988963_actu.Htm\" target=\"_self\" rel=\"noopener\">\u00e9t\u00e9 nomm\u00e9 chef de l\u2019ann\u00e9e 2025<\/a> par ses pairs en septembre dernier.<\/p>\n<p>\t<img decoding=\"async\" src=\"https:\/\/www.europesays.com\/fr\/wp-content\/uploads\/2025\/12\/P35643922D7112541G_px_640_.jpg\" alt=\"photo restaurant gastronomique \u00ab\u00a0le saison\u00a0\u00bb \u00e0 saint-gr\u00e9goire (ille-et-vilaine) ronan et els kervarrec viennent d\u2019obtenir leur premi\u00e8re \u00e9toile au guide michelin 2022 photo vincent michel \/ ouest-france  \u00a9  vincent michel \/ ouest-france\" width=\"640\" title=\" Restaurant gastronomique \u00ab\u00a0Le Saison\u00a0\u00bb \u00e0 Saint-Gr\u00e9goire (Ille-et-Vilaine) Ronan et Els Kervarrec viennent d\u2019obtenir leur premi\u00e8re \u00e9toile au Guide Michelin 2022 Photo Vincent Michel \/ Ouest-France   Vincent Michel \/ Ouest-France \"\/><\/p>\n<p class=\"elmt-legende\"> Restaurant gastronomique \u00ab\u00a0Le Saison\u00a0\u00bb \u00e0 Saint-Gr\u00e9goire (Ille-et-Vilaine) Ronan et Els Kervarrec viennent d\u2019obtenir leur premi\u00e8re \u00e9toile au Guide Michelin 2022 Photo Vincent Michel \/ Ouest-France   Vincent Michel \/ Ouest-France <\/p>\n<p>Le Saison, \u00e0 Saint-Gr\u00e9goire, pr\u00e8s de Rennes, avec une note de 80\/100\u00a0se trouve aussi dans le palmar\u00e8s. Le chef Ronan Kervarrec, <a href=\"https:\/\/rennes.maville.com\/actu\/actudet_-guide-michelin.-ronan-kervarrec-le-chef-du-saison-pres-de-rennes-obtient-une-2e-etoile-_7-6204982_actu.Htm\" target=\"_self\" rel=\"noopener\">a obtenu une deuxi\u00e8me \u00e9toile Michelin,<\/a> en 2024.<\/p>\n<p>\u00a0<\/p>\n","protected":false},"excerpt":{"rendered":"Pour sa dixi\u00e8me \u00e9dition, La Liste, guide algorithmique mondial qui agr\u00e8ge plus de 1\u00a0100\u00a0sources (guides, m\u00e9dias, avis en&hellip;\n","protected":false},"author":2,"featured_media":604425,"comment_status":"","ping_status":"","sticky":false,"template":"","format":"standard","meta":{"footnotes":""},"categories":[2821],"tags":[6541,12106,1111,11,17888,829,1777,674,71629,1011,27,848,15799,74,12,584,25,2923],"class_list":{"0":"post-604424","1":"post","2":"type-post","3":"status-publish","4":"format-standard","5":"has-post-thumbnail","7":"category-rennes","8":"tag-6541","9":"tag-12106","10":"tag-actu","11":"tag-actualites","12":"tag-adresses","13":"tag-bretagne","14":"tag-eu","15":"tag-europe","16":"tag-figurent","17":"tag-fr","18":"tag-france","19":"tag-ille-et-vilaine","20":"tag-meilleures","21":"tag-monde","22":"tag-news","23":"tag-rennes","24":"tag-republique-francaise","25":"tag-restaurants"},"share_on_mastodon":{"url":"https:\/\/pubeurope.com\/@fr\/115733005392193189","error":""},"_links":{"self":[{"href":"https:\/\/www.europesays.com\/fr\/wp-json\/wp\/v2\/posts\/604424","targetHints":{"allow":["GET"]}}],"collection":[{"href":"https:\/\/www.europesays.com\/fr\/wp-json\/wp\/v2\/posts"}],"about":[{"href":"https:\/\/www.europesays.com\/fr\/wp-json\/wp\/v2\/types\/post"}],"author":[{"embeddable":true,"href":"https:\/\/www.europesays.com\/fr\/wp-json\/wp\/v2\/users\/2"}],"replies":[{"embeddable":true,"href":"https:\/\/www.europesays.com\/fr\/wp-json\/wp\/v2\/comments?post=604424"}],"version-history":[{"count":0,"href":"https:\/\/www.europesays.com\/fr\/wp-json\/wp\/v2\/posts\/604424\/revisions"}],"wp:featuredmedia":[{"embeddable":true,"href":"https:\/\/www.europesays.com\/fr\/wp-json\/wp\/v2\/media\/604425"}],"wp:attachment":[{"href":"https:\/\/www.europesays.com\/fr\/wp-json\/wp\/v2\/media?parent=604424"}],"wp:term":[{"taxonomy":"category","embeddable":true,"href":"https:\/\/www.europesays.com\/fr\/wp-json\/wp\/v2\/categories?post=604424"},{"taxonomy":"post_tag","embeddable":true,"href":"https:\/\/www.europesays.com\/fr\/wp-json\/wp\/v2\/tags?post=604424"}],"curies":[{"name":"wp","href":"https:\/\/api.w.org\/{rel}","templated":true}]}}