{"id":604436,"date":"2025-12-17T04:32:25","date_gmt":"2025-12-17T04:32:25","guid":{"rendered":"https:\/\/www.europesays.com\/fr\/604436\/"},"modified":"2025-12-17T04:32:25","modified_gmt":"2025-12-17T04:32:25","slug":"a-bord-de-la-navette-temporaire-tempo-1-mise-en-place-le-temps-des-travaux-a-nantes","status":"publish","type":"post","link":"https:\/\/www.europesays.com\/fr\/604436\/","title":{"rendered":"\u00c0 bord de la navette temporaire Tempo 1, mise en place le temps des travaux \u00e0 Nantes"},"content":{"rendered":"<p>Une navette temporaire a \u00e9t\u00e9 mise en place, depuis le 25 ao\u00fbt, le temps des travaux de la route de Pornic, entre Bouguenais et le sud de Nantes.  Reportage \u00e0 bord du bus avec des passagers qui vont au travail ou en cours. <\/p>\n<p>En cette journ\u00e9e sp\u00e9ciale transports et mobilit\u00e9s, \u00e0 l&rsquo;occasion de la 3e vague de la consultation citoyenne ICI \u00ab\u00a0Ma commune, mon maire et moi\u00a0\u00bb, ICI Loire Oc\u00e9an est mont\u00e9\u00a0\u00e0 bord du bus Tempo 1. Cette <strong>navette temporaire<\/strong> a \u00e9t\u00e9 mise en place depuis le 25 ao\u00fbt, le temps des travaux de la future ligne 8 de busway et ceux de la route de Pornic, \u00e0 Nantes.\u00a0Elle part du quartier de la Croix Jeannette \u00e0 Bouguenais, de l&rsquo;arr\u00eat Allende,\u00a0 et va jusqu&rsquo;\u00e0 l&rsquo;arr\u00eat Greneraie, au sud de Nantes. <strong>Un trajet effectu\u00e9 en 30 minutes, ce qui est plus rapide que de prendre la voiture.<\/strong> \u00ab\u00a0Quand je prenais la voiture, j&rsquo;avais le confort d&rsquo;\u00e9couter ma musique. Mais par contre, sur le temps de trajet, je suis gagnant\u00a0\u00bb, raconte Mathieu, 45 ans, qui se rend au travail sur l&rsquo;ile de Nantes.<\/p>\n<p>Un gain de temps gr\u00e2ce \u00e0 cette navette<\/p>\n<p>Ces quelques minutes grappill\u00e9es le matin sont pr\u00e9cieuses pour Emmanuelle. \u00ab\u00a0Je le prends en bas de chez moi et il s&rsquo;arr\u00eate proche de mon travail et \u00e7a change tout. J&rsquo;ai beaucoup plus de temps dans ma vie priv\u00e9e.\u00a0\u00bb\u00a0Le bus passe en site propre sur la route de Pornic.\u00a0\u00ab\u00a0Cest rapide. Je veux dire, l\u00e0, ils sont pratiquement \u00e0 l&rsquo;arr\u00eat \u00e0 c\u00f4t\u00e9 de nous\u00a0\u00bb, raconte-t-elle en d\u00e9signant les automobilistes bloqu\u00e9s dans les bouchons.<\/p>\n<p>Cette navette temporaire est emprunt\u00e9e par des coll\u00e9giens qui prenaient jusque-l\u00e0 le bus 36, qui fait plus d&rsquo;arr\u00eats et qui est plus long. \u00ab\u00a0C&rsquo;est pratique quand on commence \u00e0 9 heures. Par contre, quand on commence les cours plus tard, c&rsquo;est chiant\u00a0\u00bb. Car la navette Tempo 1 \u00a0ne circule qu&rsquo;entre 7h et 9h, 12h et 14h, et de 16h30 \u00e0 18h30.<\/p>\n<p>\u00c0 lire aussi   <img decoding=\"async\" src=\"https:\/\/www.europesays.com\/fr\/wp-content\/uploads\/2025\/12\/1765945944_435_400x400\" alt=\"\" style=\"--_image-preview:url('data:image\/jpeg;base64,\/9j\/2wBDACgcHiMeGSgjISMtKygwPGRBPDc3PHtYXUlkkYCZlo+AjIqgtObDoKrarYqMyP\/L2u71\/\/\/\/m8H\/\/\/\/6\/+b9\/\/j\/2wBDASstLTw1PHZBQXb4pYyl+Pj4+Pj4+Pj4+Pj4+Pj4+Pj4+Pj4+Pj4+Pj4+Pj4+Pj4+Pj4+Pj4+Pj4+Pj4+Pj4+Pj\/wAARCAAXACoDASIAAhEBAxEB\/8QAFwAAAwEAAAAAAAAAAAAAAAAAAAEEAv\/EABgQAQEBAQEAAAAAAAAAAAAAAAASAREC\/8QAFgEAAwAAAAAAAAAAAAAAAAAAAAEC\/8QAFhEBAQEAAAAAAAAAAAAAAAAAAAER\/9oADAMBAAIRAxEAPwDVnaazz2CU2dpqOxQos7TWLTpp+nmgLJrNHQE0y3SoBIf\/2Q==');\" loading=\"lazy\" fetchpriority=\"low\" aria-hidden=\"true\" class=\"svelte-1cksh76 rounded\" onload=\"this.__e=event\" onerror=\"this.__e=event\"\/><\/p>\n","protected":false},"excerpt":{"rendered":"Une navette temporaire a \u00e9t\u00e9 mise en place, depuis le 25 ao\u00fbt, le temps des travaux de la&hellip;\n","protected":false},"author":2,"featured_media":604437,"comment_status":"","ping_status":"","sticky":false,"template":"","format":"standard","meta":{"footnotes":""},"categories":[2818],"tags":[1111,11,1777,674,1011,27,766,12,2636,25],"class_list":{"0":"post-604436","1":"post","2":"type-post","3":"status-publish","4":"format-standard","5":"has-post-thumbnail","7":"category-nantes","8":"tag-actu","9":"tag-actualites","10":"tag-eu","11":"tag-europe","12":"tag-fr","13":"tag-france","14":"tag-nantes","15":"tag-news","16":"tag-pays-de-la-loire","17":"tag-republique-francaise"},"share_on_mastodon":{"url":"https:\/\/pubeurope.com\/@fr\/115733040588656425","error":""},"_links":{"self":[{"href":"https:\/\/www.europesays.com\/fr\/wp-json\/wp\/v2\/posts\/604436","targetHints":{"allow":["GET"]}}],"collection":[{"href":"https:\/\/www.europesays.com\/fr\/wp-json\/wp\/v2\/posts"}],"about":[{"href":"https:\/\/www.europesays.com\/fr\/wp-json\/wp\/v2\/types\/post"}],"author":[{"embeddable":true,"href":"https:\/\/www.europesays.com\/fr\/wp-json\/wp\/v2\/users\/2"}],"replies":[{"embeddable":true,"href":"https:\/\/www.europesays.com\/fr\/wp-json\/wp\/v2\/comments?post=604436"}],"version-history":[{"count":0,"href":"https:\/\/www.europesays.com\/fr\/wp-json\/wp\/v2\/posts\/604436\/revisions"}],"wp:featuredmedia":[{"embeddable":true,"href":"https:\/\/www.europesays.com\/fr\/wp-json\/wp\/v2\/media\/604437"}],"wp:attachment":[{"href":"https:\/\/www.europesays.com\/fr\/wp-json\/wp\/v2\/media?parent=604436"}],"wp:term":[{"taxonomy":"category","embeddable":true,"href":"https:\/\/www.europesays.com\/fr\/wp-json\/wp\/v2\/categories?post=604436"},{"taxonomy":"post_tag","embeddable":true,"href":"https:\/\/www.europesays.com\/fr\/wp-json\/wp\/v2\/tags?post=604436"}],"curies":[{"name":"wp","href":"https:\/\/api.w.org\/{rel}","templated":true}]}}