{"id":604438,"date":"2025-12-17T04:33:25","date_gmt":"2025-12-17T04:33:25","guid":{"rendered":"https:\/\/www.europesays.com\/fr\/604438\/"},"modified":"2025-12-17T04:33:25","modified_gmt":"2025-12-17T04:33:25","slug":"dans-plusieurs-librairies-a-bordeaux-des-militants-ont-dissuade-les-clients-dacheter-certains-livres-choisis","status":"publish","type":"post","link":"https:\/\/www.europesays.com\/fr\/604438\/","title":{"rendered":"Dans plusieurs librairies \u00e0 Bordeaux, des militants ont dissuad\u00e9 les clients d&rsquo;acheter certains livres choisis"},"content":{"rendered":"<p>                    Par<br \/>\n        <strong><br \/>\n            <a href=\"https:\/\/actu.fr\/auteur\/sports33\" title=\"Consulter tous les articles de Nicolas Gosselin\" target=\"_blank\" rel=\"noopener\">Nicolas Gosselin<\/a><br \/>\n                    <\/strong><\/p>\n<p>        Publi\u00e9 le<\/p>\n<p>            16 d\u00e9c. 2025 \u00e0 15h33        <\/p>\n<p>Des <strong>centaines de livres ont \u00e9t\u00e9 cibl\u00e9s<\/strong> et agr\u00e9ment\u00e9s de messages informatifs ou d\u2019illustration satiriques. Samedi 13 d\u00e9cembre 2025, dans plusieurs libraires de Bordeaux (Mollat, Fnac, Relay\u2026), des membres d\u2019Extinction Rebellion ont men\u00e9 <strong>une action contre les ouvrages \u00e9dit\u00e9s par le groupe Hachette<\/strong>, appartenant \u00e0 Vincent Bollor\u00e9 depuis 2023.<\/p>\n<p class=\" wall-content\">Ce conglom\u00e9rat d\u2019\u00e9dition poss\u00e8de de nombreuses maisons d\u2019\u00e9dition comme Fayard, Calmann L\u00e9vy, Grasset, Larousse et des dizaines d\u2019autres. Les militants d\u00e9noncent <strong>\u00ab\u00a0l\u2019emprise de cet empire sur le monde du livre et de la culture\u00a0\u00bb<\/strong>.<\/p>\n<p>Vincent Bollor\u00e9 dans le viseur<\/p>\n<p class=\" wall-content\">\u00ab\u00a0Ce geste n\u2019est \u00e9videmment pas une fin en soi : il s\u2019inscrit dans notre<strong> lutte contre la concentration des m\u00e9dias, de l\u2019\u00e9dition et des plateformes de diffusion<\/strong> entre les mains d\u2019un seul groupe, capable d\u2019orienter l\u2019opinion, d\u2019amplifier les voix r\u00e9actionnaires et de fa\u00e7onner des imaginaires morbides\u00a0\u00bb, clame Extinction Rebellion Bordeaux.<\/p>\n<p class=\" wall-content\">Pour rappel, Vincent Bollor\u00e9 a repris les r\u00eanes du groupe Canal+ en 2015 puis rachet\u00e9 plusieurs m\u00e9dias comme Europe 1 ou le JDD ; ce qui contribue \u00ab\u00a0\u00e0 la <strong>normalisation des id\u00e9es d\u2019extr\u00eame droite\u00a0\u00bb<\/strong>, d\u00e9noncent les militants bordelais.<\/p>\n<p>Aucune interpellation<\/p>\n<p class=\" wall-content\">\u00ab\u00a0Cette action est un appel concret \u00e0 reprendre la main sur notre imaginaire collectif, \u00e0 soutenir les \u00e9ditions et les librairies ind\u00e9pendantes, \u00e0 briser les monopoles qui \u00e9touffent la diversit\u00e9 des id\u00e9es\u00a0\u00bb, plaide Extinction Rebellion Bordeaux. Aucun militant n\u2019a \u00e9t\u00e9 interpell\u00e9 par la s\u00e9curit\u00e9 des magasins ou par les forces de l\u2019ordre lors de cette mobilisation.<\/p>\n<p class=\" wall-content\">Les rayons politique ont \u00e9t\u00e9 particuli\u00e8rement cibl\u00e9s par les membres du collectif, qui ont accol\u00e9 des stickers sur les derniers livres de Jordan Bardella, de Nicolas Sarkozy, de Philippe De Villiers et autres figures politiques de droite\u2026<\/p>\n<p class=\" wall-content\">Personnalisez votre actualit\u00e9 en ajoutant vos villes et m\u00e9dias en favori avec <a href=\"https:\/\/moncompte.actu.fr\" title=\"D\u00e9couvez Mon Actu\" rel=\"nofollow noopener\" data-trk=\"{&quot;cta&quot;:{&quot;action&quot;:&quot;https:\\\/\\\/moncompte.actu.fr&quot;,&quot;category&quot;:&quot;mon compte&quot;,&quot;from&quot;:&quot;article footer&quot;,&quot;name&quot;:&quot;Mon actu&quot;,&quot;type&quot;:&quot;cta&quot;}}\" target=\"_blank\">Mon Actu<\/a>.<\/p>\n","protected":false},"excerpt":{"rendered":"Par Nicolas Gosselin Publi\u00e9 le 16 d\u00e9c. 2025 \u00e0 15h33 Des centaines de livres ont \u00e9t\u00e9 cibl\u00e9s et&hellip;\n","protected":false},"author":2,"featured_media":604439,"comment_status":"","ping_status":"","sticky":false,"template":"","format":"standard","meta":{"footnotes":""},"categories":[2817],"tags":[1111,11,1997,1777,674,1011,27,1380,500,12,2219,25,104],"class_list":{"0":"post-604438","1":"post","2":"type-post","3":"status-publish","4":"format-standard","5":"has-post-thumbnail","7":"category-bordeaux","8":"tag-actu","9":"tag-actualites","10":"tag-bordeaux","11":"tag-eu","12":"tag-europe","13":"tag-fr","14":"tag-france","15":"tag-livres","16":"tag-medias","17":"tag-news","18":"tag-nouvelle-aquitaine","19":"tag-republique-francaise","20":"tag-societe"},"share_on_mastodon":{"url":"https:\/\/pubeurope.com\/@fr\/115733043928558772","error":""},"_links":{"self":[{"href":"https:\/\/www.europesays.com\/fr\/wp-json\/wp\/v2\/posts\/604438","targetHints":{"allow":["GET"]}}],"collection":[{"href":"https:\/\/www.europesays.com\/fr\/wp-json\/wp\/v2\/posts"}],"about":[{"href":"https:\/\/www.europesays.com\/fr\/wp-json\/wp\/v2\/types\/post"}],"author":[{"embeddable":true,"href":"https:\/\/www.europesays.com\/fr\/wp-json\/wp\/v2\/users\/2"}],"replies":[{"embeddable":true,"href":"https:\/\/www.europesays.com\/fr\/wp-json\/wp\/v2\/comments?post=604438"}],"version-history":[{"count":0,"href":"https:\/\/www.europesays.com\/fr\/wp-json\/wp\/v2\/posts\/604438\/revisions"}],"wp:featuredmedia":[{"embeddable":true,"href":"https:\/\/www.europesays.com\/fr\/wp-json\/wp\/v2\/media\/604439"}],"wp:attachment":[{"href":"https:\/\/www.europesays.com\/fr\/wp-json\/wp\/v2\/media?parent=604438"}],"wp:term":[{"taxonomy":"category","embeddable":true,"href":"https:\/\/www.europesays.com\/fr\/wp-json\/wp\/v2\/categories?post=604438"},{"taxonomy":"post_tag","embeddable":true,"href":"https:\/\/www.europesays.com\/fr\/wp-json\/wp\/v2\/tags?post=604438"}],"curies":[{"name":"wp","href":"https:\/\/api.w.org\/{rel}","templated":true}]}}